{"id":3021,"date":"2015-09-04T16:25:03","date_gmt":"2015-09-04T19:25:03","guid":{"rendered":"http:\/\/www.ctainternacionales.org\/?p=3021"},"modified":"2015-09-04T16:32:11","modified_gmt":"2015-09-04T19:32:11","slug":"seminario-regional-para-la-promocion-de-una-red-sindical-por-los-derechos-de-los-migrantes-del-sur-y-area-andina","status":"publish","type":"post","link":"https:\/\/ctainternacionales.org\/?p=3021","title":{"rendered":"Seminario Regional para la promoci\u00f3n de una red sindical por los derechos de los migrantes del sur y \u00e1rea andina."},"content":{"rendered":"<p><a href=\"http:\/\/www.ctainternacionales.org\/wp-content\/uploads\/2015\/09\/DSC6787.jpg\"><img loading=\"lazy\" decoding=\"async\" class=\"aligncenter size-thumbnail wp-image-3023\" src=\"http:\/\/www.ctainternacionales.org\/wp-content\/uploads\/2015\/09\/DSC6787-307x204.jpg\" alt=\"_DSC6787\" width=\"307\" height=\"204\" \/><\/a><\/p>\n<p class=\"p1\"><span class=\"s1\">El d\u00eda Jueves 3 de septiembre se llevo a cabo la apertura del Seminario Regional para la promoci\u00f3n de una red sindical por los derechos de los migrantes del sur y \u00e1rea andina. La actividad que se realizo en el museo hist\u00f3rico Museo de los Inmigrantes de Retiro.\u00a0<\/span><\/p>\n<p class=\"p1\"><span class=\"s1\">En la apertura estuvieron presentes Valter Bittencourt de la CSA; Lelio Marmora INPMA-UNTREF; Julio Rosales y Gladys Baer como representantes del Gobierno Nacional; Luis Campos; de la CTA-A; Guillermo Zucotti de la CGT y Roberto Baradel de la CTA- Ty Sergio Basoli de la CGIL de Italia.\u00a0<\/span><\/p>\n<p class=\"p1\"><span class=\"s1\">En el auditorio tambi\u00e9n estuvieron presentes representantes de distintas organizaciones del continente que vienen trabajando el tema de Migraciones. En la apertura se agradeci\u00f3 esta iniciativa de la CSA para la realizaci\u00f3n de este seminario que pone sobre la mesa una tem\u00e1tica que no abarraca solo a los migrantes sino al conjunto de los trabajadores desde una concepci\u00f3n de clase. La finalidad es llegar por medio de este seminario no solo a tratar la asimetr\u00eda existente\u00a0 entre los trabajadores migrantes y nativos sino poder establecer un piso de derechos que igualen las condiciones de trabajo y la libre circulaci\u00f3n de los mismos y la igualdad de derechos.\u00a0 Por su parte Luis Campos en representaci\u00f3n de CTA A expreso en su intervenci\u00f3n:\u00a0<\/span><\/p>\n<p class=\"p1\"><span class=\"s1\">Desde nuestro nacimiento los y las trabajadores sin importar su origen o precedencia para la CTA es un eje estrat\u00e9gico;\u00a0 es dif\u00edcil hacer una presentaci\u00f3n sin tener en cuenta el contexto;\u00a0 todos vimos las im\u00e1genes que nos conmovieron pero al mismo tiempo sabemos que esas im\u00e1genes no se ven todos los d\u00edas pero la situaci\u00f3n material que da origen a esas im\u00e1genes S\u00ed sucede todos los d\u00edas\u2026. \u201c y no se puede pensar las migraciones sin pensar en el trabajo en las ultimas d\u00e9cadas el mundo invirti\u00f3\u00a0 much\u00edsimos recursos y much\u00edsima energ\u00eda en discutir como hacer para que los capitales se muevan libremente y hacer que los capitales se trasladen cada vez mas r\u00e1pido donde le permita tener mayores ganancias con el discurso de generar mayor fuentes de trabajo; etc.. pero no hubo ninguna apertura de discusi\u00f3n que hacer con la libre movilidad de los trabajadores. \u00bfQue mundo es este en donde los capitales se muden libremente pero los trabajadores estamos no? Se le otorgan garant\u00edas derechos a los capitales y a los trabajadores se le responde con las fuerzas de seguridad.\u201d \u2026.. \u201cEste contexto se da en un mundo cada vez mas desigual e injusto y este es el punto de partida para comenzar a hablar de las migraciones. Porque las migraciones no son solo un problema humanitario no es solo un problema moral no es un problema de im\u00e1genes que no queremos ver porque nos molestan. Las migraciones se montan\u00a0 fundamentalmente de explotaci\u00f3n del hombre por el hombre. La din\u00e1mica y la regulaci\u00f3n de las migraciones est\u00e1n estrechamente relacionadas con las formas en que los trabajadores somos explotados en el pa\u00eds donde nos encontremos. Y ah\u00ed no es solo el mediterr\u00e1neo es tambi\u00e9n el muro que separa Mexico de EEUU; no es solo la contrataci\u00f3n de trabajadores en Qatar sino tambi\u00e9n las agencias de colocaci\u00f3n en Filipinas que contratan trabajadoras del hogar para para hacer el trabajo domestico en pa\u00edses del golfo. No es solo la explotaci\u00f3n de trabajadores en Zimbabwe en el agro o en las minas en Sud\u00e1frica; sino tambi\u00e9n la explotaci\u00f3n de trabajadores Haitianos en Rep\u00fablica Dominicana o la explotaci\u00f3n de trabajadores Nicarag\u00fcenses en Costa Rica. Es el mismo fen\u00f3meno cada uno con sus particularidades pero la matriz es la misma. \u2026 \u201c Los trabajadores migrantes no solo est\u00e1n desprotegidos en t\u00e9rminos de derecho sino que ademas son utilizados por los empleadores para presionar a trabajadores nativos. Los migrantes no solo padecen la precariedad en sus trabajos sino tambi\u00e9n los que respecta a la salud, educaci\u00f3n; y seguridad social. y Cuando pierden la condicion el empleo se enfrentan en muchos pa\u00edses a perder la condici\u00f3n de ciudadano libre para convertirse en un ilegal y el trabajador esta sujeto a la explotaci\u00f3n absoluta por parte de su empleador\u00a0<\/span><\/p>\n<p>&nbsp;<\/p>\n","protected":false},"excerpt":{"rendered":"El d\u00eda Jueves 3 de septiembre se llevo a cabo la apertura del Seminario Regional para la promoci\u00f3n de una red sindical por \n<a class=\"moretag\" href=\"https:\/\/ctainternacionales.org\/?p=3021\"> [...]<\/a>","protected":false},"author":1,"featured_media":0,"comment_status":"closed","ping_status":"closed","sticky":false,"template":"","format":"standard","meta":{"ngg_post_thumbnail":0,"footnotes":""},"categories":[],"tags":[],"class_list":["post-3021","post","type-post","status-publish","format-standard","hentry"],"_links":{"self":[{"href":"https:\/\/ctainternacionales.org\/index.php?rest_route=\/wp\/v2\/posts\/3021","targetHints":{"allow":["GET"]}}],"collection":[{"href":"https:\/\/ctainternacionales.org\/index.php?rest_route=\/wp\/v2\/posts"}],"about":[{"href":"https:\/\/ctainternacionales.org\/index.php?rest_route=\/wp\/v2\/types\/post"}],"author":[{"embeddable":true,"href":"https:\/\/ctainternacionales.org\/index.php?rest_route=\/wp\/v2\/users\/1"}],"replies":[{"embeddable":true,"href":"https:\/\/ctainternacionales.org\/index.php?rest_route=%2Fwp%2Fv2%2Fcomments&post=3021"}],"version-history":[{"count":2,"href":"https:\/\/ctainternacionales.org\/index.php?rest_route=\/wp\/v2\/posts\/3021\/revisions"}],"predecessor-version":[{"id":3025,"href":"https:\/\/ctainternacionales.org\/index.php?rest_route=\/wp\/v2\/posts\/3021\/revisions\/3025"}],"wp:attachment":[{"href":"https:\/\/ctainternacionales.org\/index.php?rest_route=%2Fwp%2Fv2%2Fmedia&parent=3021"}],"wp:term":[{"taxonomy":"category","embeddable":true,"href":"https:\/\/ctainternacionales.org\/index.php?rest_route=%2Fwp%2Fv2%2Fcategories&post=3021"},{"taxonomy":"post_tag","embeddable":true,"href":"https:\/\/ctainternacionales.org\/index.php?rest_route=%2Fwp%2Fv2%2Ftags&post=3021"}],"curies":[{"name":"wp","href":"https:\/\/api.w.org\/{rel}","templated":true}]}}