{"id":3012,"date":"2015-08-23T22:40:57","date_gmt":"2015-08-24T01:40:57","guid":{"rendered":"http:\/\/www.ctainternacionales.org\/?p=3012"},"modified":"2015-08-23T22:43:06","modified_gmt":"2015-08-24T01:43:06","slug":"cambio-climatico-no-hay-trabajo-en-un-planeta-muerto","status":"publish","type":"post","link":"https:\/\/ctainternacionales.org\/?p=3012","title":{"rendered":"Cambio Clim\u00e1tico : No hay trabajo en un planeta muerto"},"content":{"rendered":"<div class=\"AppContainer\" style=\"color: #000000;\">\n<div id=\"c_base\" class=\"c_base\">\n<div id=\"c_content\" class=\"c_main\">\n<div id=\"pageContent\">\n<div id=\"pageInbox\" class=\"v-Page\">\n<div id=\"inboxControl0f\">\n<div class=\"containsYSizerBar\">\n<div class=\"ContentRight WithRightRail FullView\" data-link=\"class{:~tag.contentRightClass(Layout.IsFullView, Layout.ReadingPaneMode)}\">\n<div class=\"ContentRightInner t_mbgc t_qtc t_urtc\" style=\"color: #444444;\">\n<div id=\"inboxControl0fv-ReadMessageContainer\" class=\"v-ReadMessageContainer slideOnResize\" tabindex=\"-1\">\n<div class=\"c-ReadMessage\" data-link=\"class{readMessageClass: ~tag.Show}\">\n<div id=\"ReadMessageScrollableSection\" class=\"rmMessages ClearBoth\" tabindex=\"-1\">\n<div id=\"readMessagePartControl1748f\" class=\"c-ReadMessagePart ReadMsgContainer HasLayout ClearBoth HideShadows FullPart NoHistory Read RmIc\" data-link=\"class{:~tag.getHeaderCssClass(IsConversationPart, IsRead, IsDraft, IsTrustedSender, Items.length)}\">\n<div class=\"c-ReadMessagePartBody\" data-link=\"class{getClass:IsBodyExpanded}\">\n<div class=\"readMsgBody\">\n<div id=\"bodyreadMessagePartBodyControl1750f\" class=\"ExternalClass MsgBodyContainer\" data-link=\"class{:~tag.cssClasses(PlainText, IsContentFiltered)}\">\n<div dir=\"ltr\">\n<p style=\"text-align: justify;\"><a href=\"http:\/\/www.ctainternacionales.org\/wp-content\/uploads\/2015\/08\/DSCN04551.jpg\"><img loading=\"lazy\" decoding=\"async\" class=\"aligncenter size-thumbnail wp-image-3015\" src=\"http:\/\/www.ctainternacionales.org\/wp-content\/uploads\/2015\/08\/DSCN04551-307x204.jpg\" alt=\"DSCN0455\" width=\"307\" height=\"204\" \/><\/a><a href=\"http:\/\/www.ctainternacionales.org\/wp-content\/uploads\/2015\/08\/DSCN0455.jpg\"><br \/>\n<\/a>El d\u00eda jueves 20 de agosto se realiz\u00f3 el evento \u201c Sindicatos por el clima, sin planeta no hay trabajo\u201d. La actividad tuvo lugar en el hotel Bauen con m\u00e1s de 70 participantes de las distintas centrales sindicales de la Argentina; la CTA Aut\u00f3noma, CTA de los Trabajadores y la CGT. La delegaci\u00f3n de la CTA-A estuvo representada por compa\u00f1eros que vienen haciendo un extenso trabajo y seguimiento sobre esta tem\u00e1tica, entre ellos compa\u00f1eros de distintas regiones del pa\u00eds.<\/p>\n<p style=\"text-align: justify;\"><!--more--><\/p>\n<p style=\"text-align: justify;\">La apertura estuvo a cargo de Joaquin Turco de la CTA -A ; Marta Pujadas, CGT; Avelina Alonso, CTA de los Trabajadores; Valter Bittencourt, CSA; Anabella Rosemberg, CSI; D\u00f6rte Wollrad, representante de la Fundaci\u00f3n Friedrich Ebert.<\/p>\n<p style=\"text-align: justify;\">En la apertura se realiz\u00f3 un an\u00e1lisis de la situaci\u00f3n del cambio clim\u00e1tico,\u00a0 el v\u00ednculo con el empleo y los sindicatos.\u00a0En un contexto que nos muestra un mundo en el que existen numerosas problem\u00e1ticas ambientales interrelacionadas y en aumento, debido a la prevalencia de un sistema socioecon\u00f3mico estructurado en f<br \/>\nunci\u00f3n de la infinita expansi\u00f3n de la acumulaci\u00f3n del capital, el Cambio Clim\u00e1tico antropog\u00e9nico exhibe las consecuencias del un proceso hist\u00f3rico de apropiaci\u00f3n de la atm\u00f3sfera por parte de las econom\u00edas m\u00e1s desarrolladas, que aun continua, pero que ha sumado a nuevos pa\u00edses que est\u00e1n imitando modelos de desarrollo insustentables.\u00a0 Para comprender la magnitud del reto tenemos que atender las recomendaciones cient\u00edficas recogidas en el Quinto Informe de Evaluaci\u00f3n del grupo internacional de expertos de cambio clim\u00e1tico (IPCC), que nos dicen que: \u00abPara tener buenas posibilidades de permanecer por debajo de los 2\u00baC hay que reducir las emisiones entre un 40 y un 70% a nivel mundial entre 2010 y 2050, y disminuirlas hasta un nivel nulo o negativo en 2100\u00bb.<\/p>\n<p style=\"text-align: justify;\">En ese contexto Laura Maffei de Sustainlabour present\u00f3 un trabajo donde se explica el impacto del cambio clim\u00e1tico en Argentina, sus proyecciones a futuro y algunas posibles pol\u00edticas a ser adpotadas de adaptaci\u00f3n y mitigaci\u00f3n.\u00a0\u00a0<a href=\"http:\/\/www.ctainternacionales.org\/wp-content\/uploads\/2015\/08\/DSCN04511.jpg\"><img loading=\"lazy\" decoding=\"async\" class=\"aligncenter size-thumbnail wp-image-3014\" src=\"http:\/\/www.ctainternacionales.org\/wp-content\/uploads\/2015\/08\/DSCN04511-307x204.jpg\" alt=\"DSCN0451\" width=\"307\" height=\"204\" \/><\/a><\/p>\n<p style=\"text-align: justify;\">Luego expusieron representantes de las distintas centrales sindicales, para comentar las experiencias concretas y las iniciativas que se est\u00e1n realizando en la lucha contra el cambio clim\u00e1tico. En representaci\u00f3n de la CTA-A, expusieron Ram\u00f3n G\u00f3mez Mederos (Secretario adjunto de la CTA San Juan), y Jorge \u201cKoki\u201d Duarte (Secretario General de CTA Misiones).<\/p>\n<p style=\"text-align: justify;\">En relaci\u00f3n a las actividades de megaminer\u00eda a cielo abierto en la provincia de San Juan, Ram\u00f3n G\u00f3mez expres\u00f3\u00a0\u00a0<b style=\"font-weight: bold;\">\u201cEl impacto que ha tenido el modelo, en provincias como San Juan, el modelo extractivo lo que ha producido en el clima se puede ver ya\u201d<\/b>\u00a0y agreg\u00f3\u00a0<b style=\"font-weight: bold;\">\u201cvenimos trabajando y oponi\u00e9ndonos a este modelo desde hace mucho tiempo\u201d\u00a0<\/b><\/p>\n<p style=\"text-align: justify;\">Por su parte, Koki Duarte manifest\u00f3\u00a0<b style=\"font-weight: bold;\">\u201cSoy parte de un colectivo que est\u00e1 luchando por el buen vivir, contra las empresas multinacionales que causan un impacto negativo en nuestro cotidiano. En nuestra regi\u00f3n una lucha que ha tomado notoriedad es la lucha contra las megarepresas hidroel\u00e9ctricas, que tienen un gran impacto en el efecto invernadero, por el di\u00f3xido de carbono y el metano\u201d.\u00a0<\/b><\/p>\n<p style=\"text-align: justify;\">Luego se trabaj\u00f3 en grupos para elaborar algunos compromisos sindicales que fueron intercambiados entre las tres centrales presentes y se arrib\u00f3 a un listado de 14 compromisos conjuntos para enfrentar al cambio clim\u00e1tico antropog\u00e9nico.<\/p>\n<p style=\"text-align: justify;\">La actividad culmin\u00f3 con un acto p\u00fablico que fue encabezada por dirigentes sindicales de las tres centrales:\u00a0<b style=\"font-weight: bold;\">Adolfo Aguirre<\/b>, secretario de Relaciones Internacionales de la Central de Trabajadores de la Argentina \u2013 Aut\u00f3noma (CTA- A),\u00a0<b style=\"font-weight: bold;\">Roberto Baradel<\/b>, secretario de Relaciones Internacionales\u202f de la CTA de los Trabajadores\u00a0 y\u00a0<b style=\"font-weight: bold;\">Antonio Jara<\/b>, como representante de la\u00a0 Confederaci\u00f3n General del Trabajo (CGT).<\/p>\n<p style=\"text-align: justify;\">Los tres representantes de las centrales celebraron y coincidieron en que este encuentro es un salto cualitativo\u00a0 del movimiento obrero Argentino e indispensable para poner puestas en com\u00fan para la defensa de los trabajadores.<\/p>\n<p style=\"text-align: justify;\"><span style=\"font-family: Helvetica;\">Por su parte Fito Aguirre remarco \u00abque el cambio clim\u00e1tico ya no es un tema de estudio sino pol\u00edtico que ya esta conviviendo con los estemos organizados y los que no est\u00e9n organizados\u00bb y que no nos podemos dar el lujo que esas decisiones queden en mano de quienes les interese poco y nada. Y que como es un tema pol\u00edtico necesitamos activar la movilizaci\u00f3n popular ya que la alarma fue dada en la Cumbre de la Tierra en el a\u00f1o 1992 en Rio y 20 a\u00f1os mas tarde volvimos a encontrar en Rio+20 sin ninguna soluci\u00f3n o respuesta por parte de los gobiernos; y no se pueden esperar 20 a\u00f1os mas para ver que hacemos. Ahora en diciembre en Paris tenemos otra oportunidad y un nuevo actor en escena\u00a0que es Papa\u00a0 que con la consigna de as tres T Tierra techo y trabajo puso en evidencia la alarmante\u00a0situaci\u00f3n\u00a0de desigualdad en el mundo.\u00bb\u00a0<\/span><\/p>\n<p style=\"text-align: justify;\">\u00ab-No es f\u00e1cil parar esta etapa del capitalismo pero si nosotros queremos jugar del lado de la vida; en este planeta con trabajo, tenemos que hacer un stop de algunas cosas con mas contundencia. -\u201cEl cambio clim\u00e1tico tiene que ver con el futuro del trabajo y\u00a0 de cuestionar el modelo de producci\u00f3n y consumo\u00a0 por otro modelo de desarrollo con trabajo y de preservaci\u00f3n y que no sean las multinacionales las que determinen como nos desarrollamos y vivimos\u00a0 si en un\u00a0 modelo extrativista y de materias primas y otros en un modelo industrial y\u00a0 de manufactura para armar el comercio internacional a su conveniencia\u00bb.<\/p>\n<p style=\"text-align: justify;\">A continuaci\u00f3n reproducimos el listado de los 14 compromisos sindicales asumidos por las tres centrales en forma conjunta:<\/p>\n<p style=\"text-align: justify;\">1- Llamar a la elaboraci\u00f3n y efectiva aplicaci\u00f3n de un plan energ\u00e9tico democr\u00e1tico y participativo, y defender una meta del 20 por ciento de renovables para 2030, algo perfectamente alcanzable con el potencial y capacidad t\u00e9cnica instalada en el pa\u00eds. Exigir la implementaci\u00f3n efectiva de la Ley de promoci\u00f3n de fuentes renovables (excluyendo las grandes represas hidroel\u00e9ctricas) y la asignaci\u00f3n de recursos para planes de promoci\u00f3n e incentivos.<\/p>\n<p style=\"text-align: justify;\">2-Apoyar medidas de ahorro energ\u00e9tico en edificios p\u00fablicos y viviendas:<br \/>\n\u2013 Incluir par\u00e1metros de dise\u00f1o bioclim\u00e1tico en planes como PROCREAR o en la construcci\u00f3n de vivienda social; actualizaci\u00f3n de c\u00f3digos de edificaci\u00f3n; mecanismos de financiamiento e incentivos para instalaci\u00f3n de sistemas solares t\u00e9rmicos, entre otros.<br \/>\n\u2013 Renovar el impulso al Programa Nacional de Eficiencia Energ\u00e9tica (PRONUREE, Decreto 140\/07).<br \/>\n\u2013 Apoyar la formaci\u00f3n de los trabajadores\/as del sector con financiamiento publico.<\/p>\n<p style=\"text-align: justify;\">3- En el contexto de la necesidad de transformar el sistema de transporte de pasajeros y de cargas, impulsar una campa\u00f1a de movilidad urbana que priorice el transporte p\u00fablico de bajo consumo energ\u00e9tico y de calidad, modernizaci\u00f3n de unidades, optimizaci\u00f3n de las rutas de transporte colectivo, mejora y ampliaci\u00f3n del sistema ferroviario de transporte de pasajeros, incluyendo la electrificaci\u00f3n de ramales y mejoras en el tendido, entre otras medidas posibles.<\/p>\n<p style=\"text-align: justify;\">4- Promover la reducci\u00f3n de la tasa de deforestaci\u00f3n para alcanzar lo antes posible la meta de deforestaci\u00f3n cero y restauraci\u00f3n de especies nativas, dotando de presupuesto suficiente y haciendo efectivo el cumplimiento de la ley de protecci\u00f3n de bosques nativos en todo el territorio nacional.<\/p>\n<p style=\"text-align: justify;\">5- Promover la creaci\u00f3n de espacios de di\u00e1logo entre distintos sectores, incluyendo sindicatos, ONGs, comunidades, pueblos originarios, etc., sobre todo proyecto extractivo.<\/p>\n<p style=\"text-align: justify;\">6- Exigir la plena aplicaci\u00f3n del convenio 169 de la Organizaci\u00f3n Internacional del Trabajo (OIT) sobre pueblos ind\u00edgenas y tribales.<\/p>\n<p style=\"text-align: justify;\">7- Promover una campa\u00f1a para incluir el acceso al agua como derecho en la legislaci\u00f3n nacional y garantizar el acceso p\u00fablico de todos los ciudadanos a los bienes comunes, lo que incluye la biodiversidad, las semillas, el suelo, los bosques, las costas y el conocimiento.<\/p>\n<p style=\"text-align: justify;\">8- Promover la efectiva implementaci\u00f3n de la Ley de Bosques Nativos, Ley de Protecci\u00f3n de Glaciares y la Ley de Agricultura Familiar y federalizar las leyes que garantizan el acceso justo a la tierra y al h\u00e1bitat, y el desarrollo de la econom\u00eda social.<\/p>\n<p style=\"text-align: justify;\">9- Promover la elaboraci\u00f3n del Plan Nacional de Adaptaci\u00f3n para reducir los impactos del cambio clim\u00e1tico en las trabajadoras y los trabajadores, comunidades vulnerables y poblaci\u00f3n en general.<\/p>\n<p style=\"text-align: justify;\">10- Fortalecer la integraci\u00f3n del concepto de transici\u00f3n justa como principio transversal de las pol\u00edticas p\u00fablicas nacionales y sectoriales.<br \/>\n-Definir criterios e indicadores de transici\u00f3n justa para los trabajadores que permitan su monitoreo y seguimiento.<br \/>\n-Promover la articulaci\u00f3n de programas, planes y medidas con inclusi\u00f3n de la dimensi\u00f3n laboral para mitigar los efectos del cambio clim\u00e1tico y afrontar la adaptaci\u00f3n a sus impactos.<br \/>\n-Fortalecer la capacidad de las organizaciones de trabajadores a trav\u00e9s de la formaci\u00f3n y la capacitaci\u00f3n.<br \/>\n-Promover la continuidad de la investigaci\u00f3n y producci\u00f3n de avances tecnol\u00f3gicos sobre los efectos del cambio clim\u00e1tico y sobre los procesos productivos y su repercusi\u00f3n en los trabajadores.<\/p>\n<p style=\"text-align: justify;\">11- Promover la conformaci\u00f3n de espacios tripartitos por sectores para abordar la tem\u00e1tica del cambio clim\u00e1tico dando prioridad a los m\u00e1s vulnerables y al trabajo digno.<\/p>\n<p style=\"text-align: justify;\">12- Promover la incorporaci\u00f3n de cl\u00e1usulas en los convenios colectivos, en particular:<br \/>\n-Cl\u00e1usulas de crisis o de reestructuraci\u00f3n de la actividad que permita la implementaci\u00f3n temprana de procedimientos productivos.<br \/>\n-Cl\u00e1usulas de salud y seguridad laboral que permitan resolver situaciones no contempladas en el marco normativo general.<br \/>\n-Cl\u00e1usulas ambientales que faciliten la participaci\u00f3n en la definici\u00f3n de las medidas de transici\u00f3n y la mejora de condiciones de ambiente de trabajo.<\/p>\n<p style=\"text-align: justify;\">13- Promover la revisi\u00f3n y adaptaci\u00f3n de la normativa sobre salud laboral, en particular, el listado de enfermedades profesionales y la normativa de higiene y seguridad del trabajo.<\/p>\n<p style=\"text-align: justify;\">14- Promover una Ley Nacional de Comisiones Mixtas de Salud y Seguridad que habilite la elecci\u00f3n del delegado ambiental en el \u00e1mbito p\u00fablico y privado.<\/p>\n<p style=\"text-align: justify;\">\n<\/div>\n<\/div>\n<\/div>\n<\/div>\n<\/div>\n<\/div>\n<\/div>\n<\/div>\n<\/div>\n<div class=\"v-InboxFooterContainer\" style=\"text-align: justify;\"><\/div>\n<\/div>\n<div id=\"RightRailContainer\" class=\"c-RightRail RightRailContainerWidth t_sbgc\" style=\"text-align: justify;\"><\/div>\n<div class=\"reauthenticationDiv\" style=\"text-align: justify;\"><\/div>\n<\/div>\n<\/div>\n<\/div>\n<\/div>\n<\/div>\n<\/div>\n<div id=\"m_whm\" style=\"text-align: justify;\"><\/div>\n<\/div>\n<p style=\"text-align: justify;\"><span style=\"color: #000000;\">\u00a0<\/span><iframe loading=\"lazy\" id=\"silentLoginFrame5\" style=\"color: #000000;\" src=\"https:\/\/login.skype.com\/login\/silent?response_type=postmessage&amp;client_id=580081&amp;redirect_uri=https%3A%2F%2Fbay172.mail.live.com%2Fdefault.aspx&amp;state=silentloginsdk_1440380174233&amp;_accept=1.0&amp;_nc=1440380174233&amp;partner=999\" width=\"1px\" height=\"1px\" frameborder=\"0\"><\/iframe><span style=\"color: #000000;\">\u00a0 \u00a0<\/span><\/p>\n","protected":false},"excerpt":{"rendered":"El d\u00eda jueves 20 de agosto se realiz\u00f3 el evento \u201c Sindicatos por el clima, sin planeta no hay trabajo\u201d. La actividad tuvo \n<a class=\"moretag\" href=\"https:\/\/ctainternacionales.org\/?p=3012\"> [...]<\/a>","protected":false},"author":1,"featured_media":0,"comment_status":"closed","ping_status":"closed","sticky":false,"template":"","format":"standard","meta":{"ngg_post_thumbnail":0,"footnotes":""},"categories":[],"tags":[],"class_list":["post-3012","post","type-post","status-publish","format-standard","hentry"],"_links":{"self":[{"href":"https:\/\/ctainternacionales.org\/index.php?rest_route=\/wp\/v2\/posts\/3012","targetHints":{"allow":["GET"]}}],"collection":[{"href":"https:\/\/ctainternacionales.org\/index.php?rest_route=\/wp\/v2\/posts"}],"about":[{"href":"https:\/\/ctainternacionales.org\/index.php?rest_route=\/wp\/v2\/types\/post"}],"author":[{"embeddable":true,"href":"https:\/\/ctainternacionales.org\/index.php?rest_route=\/wp\/v2\/users\/1"}],"replies":[{"embeddable":true,"href":"https:\/\/ctainternacionales.org\/index.php?rest_route=%2Fwp%2Fv2%2Fcomments&post=3012"}],"version-history":[{"count":4,"href":"https:\/\/ctainternacionales.org\/index.php?rest_route=\/wp\/v2\/posts\/3012\/revisions"}],"predecessor-version":[{"id":3019,"href":"https:\/\/ctainternacionales.org\/index.php?rest_route=\/wp\/v2\/posts\/3012\/revisions\/3019"}],"wp:attachment":[{"href":"https:\/\/ctainternacionales.org\/index.php?rest_route=%2Fwp%2Fv2%2Fmedia&parent=3012"}],"wp:term":[{"taxonomy":"category","embeddable":true,"href":"https:\/\/ctainternacionales.org\/index.php?rest_route=%2Fwp%2Fv2%2Fcategories&post=3012"},{"taxonomy":"post_tag","embeddable":true,"href":"https:\/\/ctainternacionales.org\/index.php?rest_route=%2Fwp%2Fv2%2Ftags&post=3012"}],"curies":[{"name":"wp","href":"https:\/\/api.w.org\/{rel}","templated":true}]}}