{"id":3005,"date":"2015-08-18T11:32:34","date_gmt":"2015-08-18T14:32:34","guid":{"rendered":"http:\/\/www.ctainternacionales.org\/?p=3005"},"modified":"2015-08-18T12:12:52","modified_gmt":"2015-08-18T15:12:52","slug":"la-cta-autonoma-debate-sobre-el-cambio-climatico","status":"publish","type":"post","link":"https:\/\/ctainternacionales.org\/?p=3005","title":{"rendered":"La CTA-Aut\u00f3noma debate sobre el cambio clim\u00e1tico"},"content":{"rendered":"<p style=\"text-align: justify;\"><a href=\"http:\/\/www.ctainternacionales.org\/wp-content\/uploads\/2015\/08\/65946.jpg\"><img loading=\"lazy\" decoding=\"async\" class=\"aligncenter size-thumbnail wp-image-3006\" src=\"http:\/\/www.ctainternacionales.org\/wp-content\/uploads\/2015\/08\/65946-307x191.jpg\" alt=\"65946\" width=\"307\" height=\"191\" \/><\/a>El d\u00eda 19 de agosto se estar\u00e1 realizando una reuni\u00f3n con compa\u00f1eros y dirigentes sindicales de la CTA-Aut\u00f3noma a fin de intercambiar reflexiones sobre el cambio clim\u00e1tico y fortalecer el posicionamiento respecto a esta tem\u00e1tica y su impacto en el \u00e1mbito laboral, en miras de fijar el posicionamiento para la actividad \u201cSindicatos por el clima, sin planeta no hay empleo\u201d que ser\u00e1 el jueves 20 de agosto en el Hotel Bauen.<!--more--><\/p>\n<p style=\"text-align: justify;\">\u00abEste evento es una iniciativa conjunta de la Confederaci\u00f3n Sindical Internacional (CSI), la CTA y las otras centrales sindicales argentinas y tiene como objetivo debatir acerca del cambio clim\u00e1tico, su v\u00ednculo con el empleo y el rol de los sindicatos. Asimismo, se buscar\u00e1 generar compromisos desde el movimiento sindical para luchar contra el cambio clim\u00e1tico y para generar nuevos empleos decentes que permitan garantizar una transici\u00f3n justa hacia un modelo de desarrollo sustentable.<\/p>\n<p style=\"text-align: justify;\">La actividad del 20 de agosto comenzar\u00e1 a las 9 horas con un primer momento de taller- debate, acerca del cambio clim\u00e1tico y su v\u00ednculo con el empleo. Luego se pasar\u00e1 a un acto p\u00fablico a partir de las 16 horas donde se presentar\u00e1n las principales ideas trabajadas, las propuestas y compromisos desde el sindicalismo para combatir el cambio clim\u00e1tico, donde estar\u00e1 presente el Secretario de Relaciones Internacionales de la CTA- Aut\u00f3noma, Adolfo \u00abFito\u00bb Aguirre.<\/p>\n<p style=\"text-align: justify;\">El a\u00f1o 2015 es un a\u00f1o muy importante, ya que en diciembre en Par\u00eds se estar\u00e1 realizando la COP 21 (Cumbre de las Partes), espacio donde se discute la Convenci\u00f3n Marco de las Naciones Unidas Sobre el Cambio Clim\u00e1tico y que tiene como misi\u00f3n llegar a un acuerdo vinculante entre los pa\u00edses firmantes de la Convenci\u00f3n para estabilizar el aumento de la temperatura media del planeta en no m\u00e1s de 2 \u00b0C respecto a los niveles preindustriales y con ello frenar las graves consecuencias que est\u00e1 produciendo el cambio clim\u00e1tico en el mundo entero. Para que este objetivo pueda ser alcanzado cada pa\u00eds debe comprometerse a enviar antes de octubre sus compromisos de reducci\u00f3n de emisiones de carbono.<\/p>\n<p style=\"text-align: justify;\">Sin embargo, a tan solo algunos meses de la cumbre existen muchas dudas acerca de las posibilidades de poder alcanzar un acuerdo ambicioso en Par\u00eds. La necesidad de luchar contra el cambio clim\u00e1tico resulta fundamental para poder garantizar a las generaciones futuras un ambiente y un planeta sanos, y para ello son necesarios cambios fundamentales en la manera de producir y de consumir. El movimiento sindical tiene un fuerte rol tanto para generar propuestas superadoras que permitan generar nuevas fuentes de trabajo decente, haciendo eje en el desarrollo sustentable y en la preservaci\u00f3n de los bienes comunes, como as\u00ed tambi\u00e9n para ejercer presi\u00f3n a fin que los gobiernos adopten pol\u00edticas p\u00fablicas concretas de mitigaci\u00f3n y adaptaci\u00f3n de los efectos del cambio clim\u00e1tico y para que pongan fin al modelo productivo extractivista que lo provoca\u00bb.<\/p>\n","protected":false},"excerpt":{"rendered":"El d\u00eda 19 de agosto se estar\u00e1 realizando una reuni\u00f3n con compa\u00f1eros y dirigentes sindicales de la CTA-Aut\u00f3noma a fin de intercambiar reflexiones \n<a class=\"moretag\" href=\"https:\/\/ctainternacionales.org\/?p=3005\"> [...]<\/a>","protected":false},"author":1,"featured_media":0,"comment_status":"closed","ping_status":"closed","sticky":false,"template":"","format":"standard","meta":{"ngg_post_thumbnail":0,"footnotes":""},"categories":[],"tags":[],"class_list":["post-3005","post","type-post","status-publish","format-standard","hentry"],"_links":{"self":[{"href":"https:\/\/ctainternacionales.org\/index.php?rest_route=\/wp\/v2\/posts\/3005","targetHints":{"allow":["GET"]}}],"collection":[{"href":"https:\/\/ctainternacionales.org\/index.php?rest_route=\/wp\/v2\/posts"}],"about":[{"href":"https:\/\/ctainternacionales.org\/index.php?rest_route=\/wp\/v2\/types\/post"}],"author":[{"embeddable":true,"href":"https:\/\/ctainternacionales.org\/index.php?rest_route=\/wp\/v2\/users\/1"}],"replies":[{"embeddable":true,"href":"https:\/\/ctainternacionales.org\/index.php?rest_route=%2Fwp%2Fv2%2Fcomments&post=3005"}],"version-history":[{"count":1,"href":"https:\/\/ctainternacionales.org\/index.php?rest_route=\/wp\/v2\/posts\/3005\/revisions"}],"predecessor-version":[{"id":3007,"href":"https:\/\/ctainternacionales.org\/index.php?rest_route=\/wp\/v2\/posts\/3005\/revisions\/3007"}],"wp:attachment":[{"href":"https:\/\/ctainternacionales.org\/index.php?rest_route=%2Fwp%2Fv2%2Fmedia&parent=3005"}],"wp:term":[{"taxonomy":"category","embeddable":true,"href":"https:\/\/ctainternacionales.org\/index.php?rest_route=%2Fwp%2Fv2%2Fcategories&post=3005"},{"taxonomy":"post_tag","embeddable":true,"href":"https:\/\/ctainternacionales.org\/index.php?rest_route=%2Fwp%2Fv2%2Ftags&post=3005"}],"curies":[{"name":"wp","href":"https:\/\/api.w.org\/{rel}","templated":true}]}}