{"id":3001,"date":"2015-08-16T00:31:34","date_gmt":"2015-08-16T03:31:34","guid":{"rendered":"http:\/\/www.ctainternacionales.org\/?p=3001"},"modified":"2015-08-16T00:31:34","modified_gmt":"2015-08-16T03:31:34","slug":"el-ministerio-de-trabajo-se-comprometio-a-no-entrometerse-en-las-elecciones-de-los-gremios-2","status":"publish","type":"post","link":"https:\/\/ctainternacionales.org\/?p=3001","title":{"rendered":"El Ministerio de Trabajo se comprometi\u00f3 a no entrometerse en las elecciones de los gremios"},"content":{"rendered":"<div dir=\"ltr\" style=\"color: #444444;\">\n<div><span style=\"font-family: Times; font-size: small;\"><a href=\"http:\/\/www.ctainternacionales.org\/wp-content\/uploads\/2015\/08\/Foto02-15.jpg\"><img loading=\"lazy\" decoding=\"async\" class=\"aligncenter size-thumbnail wp-image-3003\" src=\"http:\/\/www.ctainternacionales.org\/wp-content\/uploads\/2015\/08\/Foto02-15-307x207.jpg\" alt=\"Foto02-15\" width=\"307\" height=\"207\" \/><\/a>El d\u00eda viernes 14 de Agosto se realizo en la CTA-A una evaluaci\u00f3n de la misi\u00f3n realizada por la Confederaci\u00f3n Sindical de las Am\u00e9ricas CSA y la Confederaci\u00f3n sindical\u00a0 internacional CSI; a cargo de Victor Baez y de Stephen Benedict. En la reuni\u00f3n que tuvieron los representantes internacionales con los representantes del estado Argentino en el ministerio de trabajo se plantearon las preocupaciones y los casos que atentan contra la libertad sindical.\u00a0<\/span><\/div>\n<div><span style=\"font-family: Times; font-size: small;\">Los casos presentados fueron la preocupaci\u00f3n por la injerencia del ministerio del trabajo en el proceso electoral de las elecciones de ATE\u00a0 a realizarse el 2 de septiembre en todo el pa\u00eds.<\/span><\/div>\n<div><span style=\"font-family: Times; font-size: small;\">\u00a0Tambi\u00e9n se hizo saber la demanda por parte de la CTA-A de ser discriminado como central y representante de los trabajadores en el consejo del salario; La respuesta que nos hizo saber la CSA que el ministerio asumi\u00f3 el compromiso de convocar a la central en estas instancias en el\u00a0 pr\u00f3ximo llamado a realizarse en el 2016.\u00a0<\/span><\/div>\n<div><span style=\"font-family: Times; font-size: small;\">Otro de los puntos importantes que la CSA planteo a la vice ministra de<\/span><span style=\"font-family: Times; font-size: small;\">\u00a0\u00a0<\/span><span style=\"font-family: Times; font-size: small;\">Trabajo Noem\u00ed Rial, son los retrasos en el otorgamiento de la\u00a0 inscripci\u00f3n gremial de nuestros sindicatos; por\u00a0<\/span><span style=\"font-family: Times; font-size: small;\">\u00a0<\/span><span style=\"font-family: Times; font-size: small;\">entre un largo listado, UTRACOS- Villa Maria; Salud privada de CABA; de los docentes de la provincia de Misiones; Trabajadores del mercado central de Posadas, entre otros. A lo que el ministerio se excuso por los retrasos como consecuencia de falencias propias y que tiene mas de 17mil expedientes retrasados.<\/span><\/div>\n<div><span style=\"font-family: Times; font-size: small;\">Para evitar la injerencia pol\u00edtica en la vida sindical los representantes de la Misi\u00f3n pidieron expresamente al ministerio previo acuerdo con las restos de las centrales de la Argentina para que no se utilice la v\u00eda administrativa para dirimir cuestiones pol\u00edticas y que se aboque expresamente a\u00a0 su rol administrativo.\u00a0En tal sentido el representante de la CSA le solicito que los tramites de inscripci\u00f3n gremial y personeria sean abreviados a un tiempo razonable y al mero registro de las entidades sindicales.-<\/span><\/div>\n<div><a href=\"http:\/\/www.ctainternacionales.org\/wp-content\/uploads\/2015\/08\/Foto05-2.jpg\"><img loading=\"lazy\" decoding=\"async\" class=\"aligncenter size-thumbnail wp-image-3002\" src=\"http:\/\/www.ctainternacionales.org\/wp-content\/uploads\/2015\/08\/Foto05-2-307x207.jpg\" alt=\"Foto05-2\" width=\"307\" height=\"207\" \/><\/a><\/div>\n<div><span style=\"font-family: Times; font-size: small;\">Ademas la misi\u00f3n se comprometi\u00f3 realizar el seguimiento de los compromisos acordados y retornar en el mes de Marzo para evaluar el cumplimiento de los mismos.\u00a0<\/span><\/div>\n<div><span style=\"font-family: Times; font-size: small;\">Por su parte toda la mesa representante de la CTA-A agradecieron la respuesta al pedido de\u00a0 la misi\u00f3n solicitada por nuestra central, valorando su preocupaci\u00f3n y compromiso con el movimiento obrero argentino y la acci\u00f3n de solidaridad internacional.\u00a0<\/span><\/div>\n<div><\/div>\n<div><\/div>\n<\/div>\n<p><br class=\"Apple-interchange-newline\" \/><\/p>\n","protected":false},"excerpt":{"rendered":"El d\u00eda viernes 14 de Agosto se realizo en la CTA-A una evaluaci\u00f3n de la misi\u00f3n realizada por la Confederaci\u00f3n Sindical de las \n<a class=\"moretag\" href=\"https:\/\/ctainternacionales.org\/?p=3001\"> [...]<\/a>","protected":false},"author":1,"featured_media":0,"comment_status":"closed","ping_status":"closed","sticky":false,"template":"","format":"standard","meta":{"ngg_post_thumbnail":0,"footnotes":""},"categories":[],"tags":[],"class_list":["post-3001","post","type-post","status-publish","format-standard","hentry"],"_links":{"self":[{"href":"https:\/\/ctainternacionales.org\/index.php?rest_route=\/wp\/v2\/posts\/3001","targetHints":{"allow":["GET"]}}],"collection":[{"href":"https:\/\/ctainternacionales.org\/index.php?rest_route=\/wp\/v2\/posts"}],"about":[{"href":"https:\/\/ctainternacionales.org\/index.php?rest_route=\/wp\/v2\/types\/post"}],"author":[{"embeddable":true,"href":"https:\/\/ctainternacionales.org\/index.php?rest_route=\/wp\/v2\/users\/1"}],"replies":[{"embeddable":true,"href":"https:\/\/ctainternacionales.org\/index.php?rest_route=%2Fwp%2Fv2%2Fcomments&post=3001"}],"version-history":[{"count":1,"href":"https:\/\/ctainternacionales.org\/index.php?rest_route=\/wp\/v2\/posts\/3001\/revisions"}],"predecessor-version":[{"id":3004,"href":"https:\/\/ctainternacionales.org\/index.php?rest_route=\/wp\/v2\/posts\/3001\/revisions\/3004"}],"wp:attachment":[{"href":"https:\/\/ctainternacionales.org\/index.php?rest_route=%2Fwp%2Fv2%2Fmedia&parent=3001"}],"wp:term":[{"taxonomy":"category","embeddable":true,"href":"https:\/\/ctainternacionales.org\/index.php?rest_route=%2Fwp%2Fv2%2Fcategories&post=3001"},{"taxonomy":"post_tag","embeddable":true,"href":"https:\/\/ctainternacionales.org\/index.php?rest_route=%2Fwp%2Fv2%2Ftags&post=3001"}],"curies":[{"name":"wp","href":"https:\/\/api.w.org\/{rel}","templated":true}]}}