{"id":2989,"date":"2015-08-13T14:25:13","date_gmt":"2015-08-13T17:25:13","guid":{"rendered":"http:\/\/www.ctainternacionales.org\/?p=2989"},"modified":"2015-08-13T14:27:52","modified_gmt":"2015-08-13T17:27:52","slug":"la-csa-csi-y-cta-denuncian-la-injerencia-del-ministerio-de-trabajo-en-las-elecciones-de-los-sindicatos","status":"publish","type":"post","link":"https:\/\/ctainternacionales.org\/?p=2989","title":{"rendered":"La CSA, CSI y CTA denuncian la injerencia del Ministerio de Trabajo en las elecciones de los sindicatos"},"content":{"rendered":"<p style=\"text-align: justify;\">\n<a href=\"http:\/\/www.ctainternacionales.org\/wp-content\/uploads\/2015\/08\/Fotoweb03.jpg\"><img loading=\"lazy\" decoding=\"async\" class=\"aligncenter size-thumbnail wp-image-2990\" src=\"http:\/\/www.ctainternacionales.org\/wp-content\/uploads\/2015\/08\/Fotoweb03-307x199.jpg\" alt=\"Fotoweb03\" width=\"307\" height=\"199\" \/><\/a>El d\u00eda mi\u00e9rcoles 12 de Agosto la Conducci\u00f3n de la Central de Trabajadores de la Argentina (CTA Aut\u00f3noma) recibi\u00f3 a Victor B\u00e1ez Secretario General de la CSA y Stephen Benedict, Director de la Academia Mundial de Organizaci\u00f3n de la CSI.<!--more--><\/p>\n<p style=\"text-align: justify;\">La comitiva lleg\u00f3 a la Argentina con la misi\u00f3n de reunirse con el Ministro de Trabajo de la Argentina, Carlos Tomada, para llevar las preocupaciones y demandas de la Central al gobierno en relaci\u00f3n a las reiteradas injerencias en los procesos electorales de los sindicatos y de la Central; como a si tambi\u00e9n la discriminaci\u00f3n que ejerce el gobierno sobre la CTA.<\/p>\n<p style=\"text-align: justify;\">La misi\u00f3n fue solicitada por la CTA Aut\u00f3noma en la \u00faltima Conferencia Internacional del Trabajo en la OIT; a los efectos de intervenir y poner fin a esta situaci\u00f3n que viola sistem\u00e1ticamente los fundamentos esencial de la libertad sindical.<\/p>\n<p style=\"text-align: justify;\">En la reuni\u00f3n estuvieron presentes los secretarios adjuntos de la Central, Jos\u00e9 Rigane y Ricardo Peidro; el secretario de Relaciones Internacionales, Adolfo \u00abFito\u00bb Aguirre; el secretario Gremial, Daniel Jorajur\u00eda; Julio Fuentes, secretario General de Ate Nacional; Carlos Custer; Horacio Meguira y Mercedes Gonz\u00e1lez, del Observatorio Jur\u00eddico de la CTA y Rub\u00e9n Garrido, Director de la Secretar\u00eda de Relaciones Internacionales. Los mismos expusieron la situaci\u00f3n general y presentaron algunos de los casos mas emblem\u00e1ticos en los que se materializa dicha injerencia y discriminaci\u00f3n.<\/p>\n<p style=\"text-align: justify;\">Por su parte, los referentes del sindicalismo internacional se comprometieron a hacer un seguimiento de los casos m\u00e1s emblem\u00e1ticos en relaci\u00f3n a la violaci\u00f3n de la libertad y democracia sindical en Argentina.<\/p>\n<p style=\"text-align: justify;\">En caso de que desde el Gobierno nacional se mantenga esta pol\u00edtica intervencionista y discriminatoria, el caso ser\u00e1 elevado en la pr\u00f3xima conferencia de la OIT.<\/p>\n<p style=\"text-align: justify;\">* Equipo de Comunicaci\u00f3n de la Secretar\u00eda de Relaciones Internacionales de la CTA<\/p>\n","protected":false},"excerpt":{"rendered":"El d\u00eda mi\u00e9rcoles 12 de Agosto la Conducci\u00f3n de la Central de Trabajadores de la Argentina (CTA Aut\u00f3noma) recibi\u00f3 a Victor B\u00e1ez Secretario \n<a class=\"moretag\" href=\"https:\/\/ctainternacionales.org\/?p=2989\"> [...]<\/a>","protected":false},"author":1,"featured_media":0,"comment_status":"closed","ping_status":"closed","sticky":false,"template":"","format":"standard","meta":{"ngg_post_thumbnail":0,"footnotes":""},"categories":[],"tags":[],"class_list":["post-2989","post","type-post","status-publish","format-standard","hentry"],"_links":{"self":[{"href":"https:\/\/ctainternacionales.org\/index.php?rest_route=\/wp\/v2\/posts\/2989","targetHints":{"allow":["GET"]}}],"collection":[{"href":"https:\/\/ctainternacionales.org\/index.php?rest_route=\/wp\/v2\/posts"}],"about":[{"href":"https:\/\/ctainternacionales.org\/index.php?rest_route=\/wp\/v2\/types\/post"}],"author":[{"embeddable":true,"href":"https:\/\/ctainternacionales.org\/index.php?rest_route=\/wp\/v2\/users\/1"}],"replies":[{"embeddable":true,"href":"https:\/\/ctainternacionales.org\/index.php?rest_route=%2Fwp%2Fv2%2Fcomments&post=2989"}],"version-history":[{"count":3,"href":"https:\/\/ctainternacionales.org\/index.php?rest_route=\/wp\/v2\/posts\/2989\/revisions"}],"predecessor-version":[{"id":2994,"href":"https:\/\/ctainternacionales.org\/index.php?rest_route=\/wp\/v2\/posts\/2989\/revisions\/2994"}],"wp:attachment":[{"href":"https:\/\/ctainternacionales.org\/index.php?rest_route=%2Fwp%2Fv2%2Fmedia&parent=2989"}],"wp:term":[{"taxonomy":"category","embeddable":true,"href":"https:\/\/ctainternacionales.org\/index.php?rest_route=%2Fwp%2Fv2%2Fcategories&post=2989"},{"taxonomy":"post_tag","embeddable":true,"href":"https:\/\/ctainternacionales.org\/index.php?rest_route=%2Fwp%2Fv2%2Ftags&post=2989"}],"curies":[{"name":"wp","href":"https:\/\/api.w.org\/{rel}","templated":true}]}}