{"id":2975,"date":"2015-07-22T15:32:22","date_gmt":"2015-07-22T18:32:22","guid":{"rendered":"http:\/\/www.ctainternacionales.org\/?p=2975"},"modified":"2015-07-22T15:35:46","modified_gmt":"2015-07-22T18:35:46","slug":"la-cta-participo-de-la-lix-reunion-plenaria-del-foro-consultivo-economico-social-del-mercosur-en-brasilia","status":"publish","type":"post","link":"https:\/\/ctainternacionales.org\/?p=2975","title":{"rendered":"La CTA particip\u00f3 de la LIX Reuni\u00f3n Plenaria del Foro Consultivo Econ\u00f3mico-Social del Mercosur en Brasilia"},"content":{"rendered":"<p style=\"text-align: justify;\"><a href=\"http:\/\/www.ctainternacionales.org\/wp-content\/uploads\/2015\/07\/IMG_20150713_153823462.jpg\"><img loading=\"lazy\" decoding=\"async\" class=\"aligncenter size-thumbnail wp-image-2976\" src=\"http:\/\/www.ctainternacionales.org\/wp-content\/uploads\/2015\/07\/IMG_20150713_153823462-307x230.jpg\" alt=\"IMG_20150713_153823462\" width=\"307\" height=\"230\" \/><\/a>Durante los d\u00edas 13 y 14 de julio se celebr\u00f3 una nueva reuni\u00f3n plenaria del FCES del Mercosur a cargo de la coodinaci\u00f3n pro-tempore de la Seccion Nacional Brasile\u00f1a en la CNC ubicada en Brasilia.<!--more--><\/p>\n<p style=\"text-align: justify;\">En el marco de la participaci\u00f3n en forma asidua de la CTA &#8211; Aut\u00f3noma en la secci\u00f3n nacional del Foro Consultivo Econ\u00f3mico-Social del Mercosur, Carlos Custer y Gonzalo Manzullo, delegado y delegado alterno para el Foro, respectivamente, participaron de la reuni\u00f3n plenaria regional del FCES componiendo junto a otras centrales y representantes del sector empresario la representaci\u00f3n de la Secci\u00f3n Nacional Argentina del FCES.<\/p>\n<p style=\"text-align: justify;\">Tambi\u00e9n estuvieron presentes representantes de las Secciones Nacionales de Paraguay, Uruguay y Brasil, adem\u00e1s de los encargados de la coordinaci\u00f3n pro-t\u00e9mpore en el caso de este \u00faltimo pa\u00eds.<\/p>\n<p style=\"text-align: justify;\">Una de las principales novedades de la reuni\u00f3n fue la reconstrucci\u00f3n y reincorporaci\u00f3n de la Secci\u00f3n Nacional Paraguaya, en este caso representada solamente por el sector cooperativo, a las reuniones del FCES.<\/p>\n<p style=\"text-align: justify;\">En cuanto a la agenda de la reuni\u00f3n, se debati\u00f3 la situaci\u00f3n actual del Mercosur a partir de un intercambio de perspectivas de las distintas secciones nacionales presentes.<\/p>\n<p style=\"text-align: justify;\">En ese mismo marco y asistidos por los informes de los Embajadores Antono Simoes y Ronaldo Costa, se trat\u00f3 el avance de las negociaciones MERCOSUR-UE. En consonancia con esta tem\u00e1tica, el FCES acord\u00f3 emitir una recomendaci\u00f3n que aboge en favor de un acuerdo equilibrado, mutuamente beneficioso y que favorezca el desarrollo integral de los pueblos.<\/p>\n<p style=\"text-align: justify;\">Desde la CTA &#8211; Aut\u00f3noma consideramos fundamental evitar que se concrete un acuerdo orientado al predomino de los beneficios de las inversiones de las empresas multinacionales, que sometan la capacidad de los estados de llevar adelante pol\u00edticas p\u00fablicas que pueden afectar las \u00abganancias\u00bb empresariales. Es imprescindible para la consecuci\u00f3n de un acuerdo MERCOSUR-UE la participaci\u00f3n y el constante di\u00e1logo con los movimientos populares y organizaciones de la sociedad civil, la transparencia para que no se lleven adelante acuerdo \u00abde espaldas\u00bb a los pueblos, como est\u00e1 sucediendo con las cl\u00e1usulas secretas del TISA.<\/p>\n<p style=\"text-align: justify;\">Otro de los ejes a tener en cuenta es lograr una efectiva articulaci\u00f3n pol\u00edtica al interior de ambos bloques, para llegar a una postura unificada, que se sit\u00fae en perspectiva de los cambios pol\u00edticos y econ\u00f3micos que han tenido lugar desde que hace diez a\u00f1os atr\u00e1s comenzaron las negociaciones entre los bloques regionales. Se hace necesaria una actualizaci\u00f3n institucional que permite llevar adelante con \u00e9xito las tareas y desaf\u00edos que el MERCOSUR se propone para la integraci\u00f3n pol\u00edtica, comercial y socio-cultural. Por eso celebramos la inminente adhesi\u00f3n de Bolivia al MERCOSUR, la incorporaci\u00f3n de Venezuela como miembro pleno, as\u00ed como las intenciones en la misma direcci\u00f3n de Ecuador,que constituyen un paso fundamental para avanzar en este camino de integraci\u00f3n econ\u00f3mica y productiva como uno de los pilares esenciales para construir nuestra soberan\u00eda regional.<\/p>\n<p style=\"text-align: justify;\">Se decidi\u00f3 a su vez, favorecer las relaciones entre el FCES y el CESE, su par europeo, fomentando la cooperaci\u00f3n entre ambos organismos.<\/p>\n<p style=\"text-align: justify;\">Otro de los ejes de debate fue la obtenci\u00f3n de un mayor financiamiento para el Foro, as\u00ed como las perspectivas y evaluaciones respecto al funcionamiento efectivo del FOCEM, en vista a su probable renovaci\u00f3n por un nuevo periodo a partir de 2016, indagando sobre el estado actual de ejecuci\u00f3n de las obras y servicios que le fueron asignados.<\/p>\n<p style=\"text-align: justify;\">Por otra parte, el Foro emiti\u00f3 una recomendaci\u00f3n con el objeto de favorecer la implementaci\u00f3n de la Nueva Declaraci\u00f3n Sociolaboral del MERCOSUR, pronta a ser ratificada por los Jefes de Estado en la Cumbre del MERCOSUR y ya firmada por los Ministros de Trabajo de los pa\u00edses miembro. La CTA Aut\u00f3noma particip\u00f3 de la redacci\u00f3n de la misma a trav\u00e9s de su representante, el secretario Gremial Daniel Jorajur\u00eda. Consideramos que la NDSL que establece el piso m\u00ednimo de derechos laborales para los trabajadores de la regi\u00f3n, resulta un paso fundamental en la construcci\u00f3n de ciudadan\u00eda para los trabajadores del Mercosur en pugna contra las tendencias a la informalidad y la precarizaci\u00f3n que a\u00fan hoy azotan al mundo laboral. Se constituye as\u00ed como la respuesta pol\u00edtica del MERCOSUR contra los avances patronales, la mercantilizaci\u00f3n del trabajo y como el combustible que permite continuar la lucha por una mayor justicia social. La NDSL prioriza al empleo como centro del desarrollo y al trabajo de calidad como verdadero ordenador social, recuperando las conquistas ya consignadas a trav\u00e9s de las normas de la OIT.<\/p>\n<p style=\"text-align: justify;\">Otra de las conquistas para el mundo trabajador que establece la Nueva DSL se refiere al Derecho de Huelga el Derecho que ha quedado intacto en esta Declaraci\u00f3n. El art\u00edculo 18 de la misma establece adem\u00e1s, que su regulaci\u00f3n no puede impedir su ejercicio o desvirtuar su finalidad.<\/p>\n<p style=\"text-align: justify;\">En \u00faltimo lugar, se analizaron y debatieron posturas conjuntas en torno al Plan Estrat\u00e9gico de Acci\u00f3n Social del Mercosur y el Estatuto de Ciudadan\u00eda del Mercosur.<\/p>\n<p style=\"text-align: justify;\">* Equipo de Comunicaci\u00f3n de la Secretar\u00eda de Relaciones Internacionales de la CTA<\/p>\n","protected":false},"excerpt":{"rendered":"Durante los d\u00edas 13 y 14 de julio se celebr\u00f3 una nueva reuni\u00f3n plenaria del FCES del Mercosur a cargo de la coodinaci\u00f3n \n<a class=\"moretag\" href=\"https:\/\/ctainternacionales.org\/?p=2975\"> [...]<\/a>","protected":false},"author":1,"featured_media":0,"comment_status":"closed","ping_status":"closed","sticky":false,"template":"","format":"standard","meta":{"ngg_post_thumbnail":0,"footnotes":""},"categories":[],"tags":[],"class_list":["post-2975","post","type-post","status-publish","format-standard","hentry"],"_links":{"self":[{"href":"https:\/\/ctainternacionales.org\/index.php?rest_route=\/wp\/v2\/posts\/2975","targetHints":{"allow":["GET"]}}],"collection":[{"href":"https:\/\/ctainternacionales.org\/index.php?rest_route=\/wp\/v2\/posts"}],"about":[{"href":"https:\/\/ctainternacionales.org\/index.php?rest_route=\/wp\/v2\/types\/post"}],"author":[{"embeddable":true,"href":"https:\/\/ctainternacionales.org\/index.php?rest_route=\/wp\/v2\/users\/1"}],"replies":[{"embeddable":true,"href":"https:\/\/ctainternacionales.org\/index.php?rest_route=%2Fwp%2Fv2%2Fcomments&post=2975"}],"version-history":[{"count":1,"href":"https:\/\/ctainternacionales.org\/index.php?rest_route=\/wp\/v2\/posts\/2975\/revisions"}],"predecessor-version":[{"id":2977,"href":"https:\/\/ctainternacionales.org\/index.php?rest_route=\/wp\/v2\/posts\/2975\/revisions\/2977"}],"wp:attachment":[{"href":"https:\/\/ctainternacionales.org\/index.php?rest_route=%2Fwp%2Fv2%2Fmedia&parent=2975"}],"wp:term":[{"taxonomy":"category","embeddable":true,"href":"https:\/\/ctainternacionales.org\/index.php?rest_route=%2Fwp%2Fv2%2Fcategories&post=2975"},{"taxonomy":"post_tag","embeddable":true,"href":"https:\/\/ctainternacionales.org\/index.php?rest_route=%2Fwp%2Fv2%2Ftags&post=2975"}],"curies":[{"name":"wp","href":"https:\/\/api.w.org\/{rel}","templated":true}]}}