{"id":2972,"date":"2015-07-20T22:02:28","date_gmt":"2015-07-21T01:02:28","guid":{"rendered":"http:\/\/www.ctainternacionales.org\/?p=2972"},"modified":"2015-07-20T22:04:04","modified_gmt":"2015-07-21T01:04:04","slug":"premio-nobel-de-la-paz-perez-esquivel-plantea-abrir-dialogo-entre-bolivia-y-chile-sobre-el-mar","status":"publish","type":"post","link":"https:\/\/ctainternacionales.org\/?p=2972","title":{"rendered":"Premio Nobel de La Paz, P\u00e9rez Esquivel, plantea abrir di\u00e1logo entre Bolivia y Chile sobre el mar"},"content":{"rendered":"<p style=\"text-align: justify;\"><a href=\"http:\/\/www.ctainternacionales.org\/wp-content\/uploads\/2015\/07\/Unknown.jpeg\"><img loading=\"lazy\" decoding=\"async\" class=\"aligncenter size-full wp-image-2973\" src=\"http:\/\/www.ctainternacionales.org\/wp-content\/uploads\/2015\/07\/Unknown.jpeg\" alt=\"Unknown\" width=\"259\" height=\"194\" \/><\/a>El presidente Evo Morales y el premio Nobel de la Paz en 1980, Adolfo P\u00e9rez Esquivel, coincidieron el jueves en abrir espacios de di\u00e1logo con Chile sobre la demanda mar\u00edtima boliviana que busca una salida soberana al Oc\u00e9ano Pac\u00edfico.<!--more--><\/p>\n<p style=\"text-align: justify;\">En el marco de una visita oficial a la capital argentina de Buenos Aires, el Mandatario boliviano se reuni\u00f3 con el activista defensor de los Derechos Humanos quien precis\u00f3 que se abord\u00f3 \u201cla situaci\u00f3n boliviana respecto a la salida al mar, el di\u00e1logo y los acuerdos con Chile\u201d.<\/p>\n<p style=\"text-align: justify;\">\u201cHay una preocupaci\u00f3n central para poder llegar a acuerdos, di\u00e1logos y una soluci\u00f3n con Chile para la salida al mar. Hay que abrir espacios de di\u00e1logo y sentarse en la mesa de negociaciones y ver c\u00f3mo se puede resolver la demanda mar\u00edtima\u201d, manifest\u00f3 P\u00e9rez Esquivel en una entrevista con la Red Patria Nueva.<\/p>\n<p style=\"text-align: justify;\">En 1879, Chile invadi\u00f3 el territorio boliviano y desat\u00f3 una contienda b\u00e9lica que termin\u00f3 cercenando 400 kil\u00f3metros de costa y 120.000 kil\u00f3metros de territorio que desembocan en el mar.<\/p>\n<p style=\"text-align: justify;\">En 2013 radic\u00f3 una demanda en la Corte Internacional de Justicia (CIJ) de La Haya contra Chile para obligar a ese pa\u00eds a negociar una salida soberana al mar.<\/p>\n<p style=\"text-align: justify;\">Por otro lado, el Premio Nobel de la Paz detall\u00f3 que en el encuentro con el Presidente tambi\u00e9n se analiz\u00f3 la integraci\u00f3n continental y el reto boliviano de consolidar el desarrollo energ\u00e9tico con el fortalecimiento de las centrales hidroel\u00e9ctricas y la exploraci\u00f3n de las tecnolog\u00edas alternativas, como la e\u00f3lica.<\/p>\n<p style=\"text-align: justify;\">\u00abTambi\u00e9n vimos la situaci\u00f3n latinoamericana c\u00f3mo fortalecer la unidad continental y as\u00ed temas muy variados\u201d, dijo.<\/p>\n<p style=\"text-align: justify;\">Seg\u00fan P\u00e9rez Esquivel, la integraci\u00f3n y el fortalecimiento latinoamericano \u201ces la \u00fanica forma de lograr cambios positivos en la regi\u00f3n\u201d.<\/p>\n","protected":false},"excerpt":{"rendered":"El presidente Evo Morales y el premio Nobel de la Paz en 1980, Adolfo P\u00e9rez Esquivel, coincidieron el jueves en abrir espacios de \n<a class=\"moretag\" href=\"https:\/\/ctainternacionales.org\/?p=2972\"> [...]<\/a>","protected":false},"author":1,"featured_media":0,"comment_status":"closed","ping_status":"closed","sticky":false,"template":"","format":"standard","meta":{"ngg_post_thumbnail":0,"footnotes":""},"categories":[],"tags":[],"class_list":["post-2972","post","type-post","status-publish","format-standard","hentry"],"_links":{"self":[{"href":"https:\/\/ctainternacionales.org\/index.php?rest_route=\/wp\/v2\/posts\/2972","targetHints":{"allow":["GET"]}}],"collection":[{"href":"https:\/\/ctainternacionales.org\/index.php?rest_route=\/wp\/v2\/posts"}],"about":[{"href":"https:\/\/ctainternacionales.org\/index.php?rest_route=\/wp\/v2\/types\/post"}],"author":[{"embeddable":true,"href":"https:\/\/ctainternacionales.org\/index.php?rest_route=\/wp\/v2\/users\/1"}],"replies":[{"embeddable":true,"href":"https:\/\/ctainternacionales.org\/index.php?rest_route=%2Fwp%2Fv2%2Fcomments&post=2972"}],"version-history":[{"count":1,"href":"https:\/\/ctainternacionales.org\/index.php?rest_route=\/wp\/v2\/posts\/2972\/revisions"}],"predecessor-version":[{"id":2974,"href":"https:\/\/ctainternacionales.org\/index.php?rest_route=\/wp\/v2\/posts\/2972\/revisions\/2974"}],"wp:attachment":[{"href":"https:\/\/ctainternacionales.org\/index.php?rest_route=%2Fwp%2Fv2%2Fmedia&parent=2972"}],"wp:term":[{"taxonomy":"category","embeddable":true,"href":"https:\/\/ctainternacionales.org\/index.php?rest_route=%2Fwp%2Fv2%2Fcategories&post=2972"},{"taxonomy":"post_tag","embeddable":true,"href":"https:\/\/ctainternacionales.org\/index.php?rest_route=%2Fwp%2Fv2%2Ftags&post=2972"}],"curies":[{"name":"wp","href":"https:\/\/api.w.org\/{rel}","templated":true}]}}