{"id":2966,"date":"2015-07-20T21:49:12","date_gmt":"2015-07-21T00:49:12","guid":{"rendered":"http:\/\/www.ctainternacionales.org\/?p=2966"},"modified":"2015-07-20T21:55:02","modified_gmt":"2015-07-21T00:55:02","slug":"pablo-micheli-participo-del-segundo-foro-internacional-de-intercambio-sindical-de-america-del-sur-centro-america-y-el-caribe","status":"publish","type":"post","link":"https:\/\/ctainternacionales.org\/?p=2966","title":{"rendered":"Pablo Micheli particip\u00f3 del Segundo Foro Internacional de intercambio sindical de Am\u00e9rica del Sur, Centro Am\u00e9rica y el Caribe"},"content":{"rendered":"<p><a href=\"http:\/\/www.ctainternacionales.org\/wp-content\/uploads\/2015\/07\/DSC05902.jpg\"><img loading=\"lazy\" decoding=\"async\" class=\"aligncenter size-thumbnail wp-image-2967\" src=\"http:\/\/www.ctainternacionales.org\/wp-content\/uploads\/2015\/07\/DSC05902-307x204.jpg\" alt=\"SONY DSC\" width=\"307\" height=\"204\" \/><\/a>Pablo Micheli, invitado por la Confederaci\u00f3n Sindical de Trabajadores \u201cJos\u00e9 Benito Escobar\u201d (CST-JBE), e integrantes de la Mesa Intersindical de la Maquila, particip\u00f3 junto al Secretario de Relaciones Institucionales de CTA-A Capital Fernando Cardozo, del Segundo Foro Internacional de intercambio sindical de Am\u00e9rica del Sur, Centro Am\u00e9rica y el Caribe que se desarroll\u00f3 durante los d\u00edas 13 y 14 de este mes en la ciudad de Managua, Nicaragua.<!--more--><\/p>\n<p>\u00abEstamos desarrollando un evento de car\u00e1cter nacional e internacional, un foro donde discutimos temas vinculados a la integraci\u00f3n regional, los procesos sobre los Tratados mal llamados de libre comercio y el tema de las migraciones laborales, afirm\u00f3 el Secretario General de la CST-JBE,\u200e Miguel Ruiz Estrada. Al mismo tiempo, agreg\u00f3: \u00abLa necesidad de c\u00f3mo el movimiento sindical debe trabajar en funci\u00f3n de fortalecer sus laxos de unidad y definir mecanismos que permitan fortalecer alianzas en funci\u00f3n de reivindicar y defender los derechos que gobiernos y empresarios quieren arrebatarle a los trabajadores y al movimiento sindical son temas centrales en este foro\u00bb.<\/p>\n<p>Durante el encuentro se llev\u00f3 a cabo una asamblea nacional de l\u00edderes sindicales, con m\u00e1s de 600 sindicalistas del sector de la industria de maquila y Zona Franca. \u00abHicimos una evaluaci\u00f3n de todo lo trabajado y un amplio debate sobre la perspectiva de la defensa de los derechos humanos y laborales en este importante sector. Por todo esto es necesario destacar la presencia de l\u00edderes sindicales de nuestra Am\u00e9rica como la CTA-A y el PIT-CNT, o de lugares como B\u00e9lgica y Dinamarca\u00bb, sostuvo Ruiz Estrada. De esta manera, se logr\u00f3 una amplia representaci\u00f3n donde se intercambiaron experiencias, aportes y visiones sobre c\u00f3mo fortalecer esa alianza y solidaridad sindical. \u00abEl elemento m\u00e1s importante y determinante es que los trabajadores unidos podemos lograr victorias y avanzar en la construcci\u00f3n de un modelo de desarrollo que permita bienestar, educaci\u00f3n y salud para cada uno de nosotros en este continente. Debemos luchar en contra de la guerra , promover solidaridad, combatir los males que el capitalismo est\u00e1 sembrando en nuestra regi\u00f3n y defender realmente nuestra naturaleza. El capital y esas grandes industrias est\u00e1n destruyendo nuestros recursos naturales, nuestro medio ambiente. Los trabajadores no estamos ajenos a esas preocupaciones y a estos grandes desaf\u00edos que imponen estas condiciones y nuevas realidades, de tal manera que los desaf\u00edos que vamos a enfrentar en el futuro deben de ser en unidad y alianza de todo el movimiento sindical a nivel de toda la regi\u00f3n Centroamericana, Am\u00e9rica del Sur y Am\u00e9rica del Norte\u00bb, se\u00f1al\u00f3 el l\u00edder de la CST-JBE.<a href=\"http:\/\/www.ctainternacionales.org\/wp-content\/uploads\/2015\/07\/20150714_110351.jpg\"><img loading=\"lazy\" decoding=\"async\" class=\"aligncenter size-thumbnail wp-image-2968\" src=\"http:\/\/www.ctainternacionales.org\/wp-content\/uploads\/2015\/07\/20150714_110351-307x172.jpg\" alt=\"20150714_110351\" width=\"307\" height=\"172\" \/><\/a><\/p>\n<p>\u00abEs importante destacar que en esta asamblea tuvieron involucrados cuatro organizaciones sindicales firmantes del acuerdo tripartito de la Zona Franca, con afiliaciones diferentes. Eso muestra la solidaridad que hemos logrado alcanzar en la diversidad, es decir, no pensamos igual pero s\u00ed nos une una propuesta, un planteamiento que es la defensa de los derechos de los trabajadores. M\u00e1s de 106000trabajadores han sido beneficiados con este acuerdo, de tal manera que nos sentimos sumamente contentos porque hoy pudimos lograr un gran apoyo, un fuerte respaldo y una asamblea muy cr\u00edtica que tambi\u00e9n hizo el planteamiento alrededor de cosas que debemos mejorar como es la comunicaci\u00f3n y la formaci\u00f3n\u00bb, subray\u00f3 Miguel Ruiz Estrada.<\/p>\n<p>Entre los puntos finales se resolvi\u00f3 la convocatoria para el pr\u00f3ximo a\u00f1o a una asamblea que va a permitir volver a discutir estas cuestiones y replantear visiones estrat\u00e9gicas no s\u00f3lo a nivel nacional sino inclusive a nivel regional ya que se habl\u00f3 de incorporar a Honduras, El Salvador y Guatemala, por ejemplo. \u00abVamos a seguir en este proceso de unidad, de avance, de cambio, de transformaciones y de lucha contra este modelo y este sistema que los trabajadores est\u00e1n rechazando. Necesitamos un nuevo modelo de desarrollo que est\u00e9 en funci\u00f3n de la poblaci\u00f3n y para los trabajadores\u00bb, concluy\u00f3 el m\u00e1ximo referente de la CST-JBE.<\/p>\n<p>\u200ePablo Micheli particip\u00f3 activamente durante los d\u00edas del encuentro, compartiendo experiencias y fortaleciendo de esta manera la unidad del movimiento obrero latinoamericano. Antes de concluir el foro, recibi\u00f3 en nombre de la CTA-A una condecoraci\u00f3n por parte de su par Miguel Ruiz Estrada.<\/p>\n<p>&nbsp;<\/p>\n","protected":false},"excerpt":{"rendered":"Pablo Micheli, invitado por la Confederaci\u00f3n Sindical de Trabajadores \u201cJos\u00e9 Benito Escobar\u201d (CST-JBE), e integrantes de la Mesa Intersindical de la Maquila, particip\u00f3 \n<a class=\"moretag\" href=\"https:\/\/ctainternacionales.org\/?p=2966\"> [...]<\/a>","protected":false},"author":1,"featured_media":0,"comment_status":"closed","ping_status":"closed","sticky":false,"template":"","format":"standard","meta":{"ngg_post_thumbnail":0,"footnotes":""},"categories":[],"tags":[],"class_list":["post-2966","post","type-post","status-publish","format-standard","hentry"],"_links":{"self":[{"href":"https:\/\/ctainternacionales.org\/index.php?rest_route=\/wp\/v2\/posts\/2966","targetHints":{"allow":["GET"]}}],"collection":[{"href":"https:\/\/ctainternacionales.org\/index.php?rest_route=\/wp\/v2\/posts"}],"about":[{"href":"https:\/\/ctainternacionales.org\/index.php?rest_route=\/wp\/v2\/types\/post"}],"author":[{"embeddable":true,"href":"https:\/\/ctainternacionales.org\/index.php?rest_route=\/wp\/v2\/users\/1"}],"replies":[{"embeddable":true,"href":"https:\/\/ctainternacionales.org\/index.php?rest_route=%2Fwp%2Fv2%2Fcomments&post=2966"}],"version-history":[{"count":1,"href":"https:\/\/ctainternacionales.org\/index.php?rest_route=\/wp\/v2\/posts\/2966\/revisions"}],"predecessor-version":[{"id":2969,"href":"https:\/\/ctainternacionales.org\/index.php?rest_route=\/wp\/v2\/posts\/2966\/revisions\/2969"}],"wp:attachment":[{"href":"https:\/\/ctainternacionales.org\/index.php?rest_route=%2Fwp%2Fv2%2Fmedia&parent=2966"}],"wp:term":[{"taxonomy":"category","embeddable":true,"href":"https:\/\/ctainternacionales.org\/index.php?rest_route=%2Fwp%2Fv2%2Fcategories&post=2966"},{"taxonomy":"post_tag","embeddable":true,"href":"https:\/\/ctainternacionales.org\/index.php?rest_route=%2Fwp%2Fv2%2Ftags&post=2966"}],"curies":[{"name":"wp","href":"https:\/\/api.w.org\/{rel}","templated":true}]}}