{"id":2962,"date":"2015-07-14T15:59:24","date_gmt":"2015-07-14T18:59:24","guid":{"rendered":"http:\/\/www.ctainternacionales.org\/?p=2962"},"modified":"2015-07-14T15:59:24","modified_gmt":"2015-07-14T18:59:24","slug":"participacion-en-la-plenaria-de-la-coordinadora-de-centrales-sindicales-del-cono-sur","status":"publish","type":"post","link":"https:\/\/ctainternacionales.org\/?p=2962","title":{"rendered":"Participaci\u00f3n en la plenaria de la Coordinadora de Centrales Sindicales del Cono Sur"},"content":{"rendered":"<p style=\"text-align: justify;\"><a href=\"http:\/\/www.ctainternacionales.org\/wp-content\/uploads\/2015\/07\/COORDINADORA.jpg\"><img loading=\"lazy\" decoding=\"async\" class=\"aligncenter size-thumbnail wp-image-2963\" src=\"http:\/\/www.ctainternacionales.org\/wp-content\/uploads\/2015\/07\/COORDINADORA-307x230.jpg\" alt=\"COORDINADORA\" width=\"307\" height=\"230\" \/><\/a>En los d\u00edas 7 y 8 de julio se realiz\u00f3 en Buenos Aires la plenaria de la Coordinadora de Centrales Sindicales del Cono Sur (CCSCS). Desde la CTA-Aut\u00f3noma particip\u00f3 una delegaci\u00f3n conformada por Fito Aguirre, Secretario de Relaciones Internacionales; Carlos Custer, integrante de dicha Secretar\u00eda; Daniel Jorajur\u00eda, Secretario Gremial; Gonzalo Manzullo y Sabrina Haboba, ambos asesores de la Secretar\u00eda de Relaciones Internacionales.<!--more--><\/p>\n<p style=\"text-align: justify;\">\nDurante las dos jornada donde participaron adem\u00e1s de las centrales sindicales argentinas, representantes de centrales sindicales hermanas, como la CUT de Brasil, el PIT-CNT, UGT, CGTB y represenantes de la CSA, se presentaron y debatieron varias tem\u00e1ticas de inte\u0155es com\u00fan, en vistas a elaborar un plan de acci\u00f3n.<\/p>\n<p style=\"text-align: justify;\">As\u00ed, entre otros temas, se presentaron los avances respecto a las reuniones sobre las conferencias mundiales por los Objetivos de Desarrollo Sostenible y su financiamiento, la situaci\u00f3n energ\u00e9tica de la regi\u00f3n, el estado de situaci\u00f3n de la Libre ciculaci\u00f3n de migrantes y la participaci\u00f3n de la sociedad civil en la instancias de la UNASUR. Tambi\u00e9n se present\u00f3 la situaci\u00f3n actual del Mercosur y de sus organismos, especialmente del Foro Consultivo Econ\u00f3mico Social (FCES) y de los Organismos Socio-laborales (OSL), donde la CTA tiene una importante participaci\u00f3n y . Respecto a esto Daniel Jorajur\u00eda se expres\u00f3 sobre la reciente Declaraci\u00f3n Socio-Laboral del Mercosur de la cual form\u00f3 parte en su elaboraci\u00f3n diciendo que constituye un avance para lograr un piso de derechos para todos los trabajadores de la regi\u00f3n, y un freno a los avances patronales.<\/p>\n<p style=\"text-align: justify;\">\nPor otro lado, en la plenaria se trat\u00f3 el tema de los tratados de Libre Comercio de nueva generaci\u00f3n, especialmente el TISA (Tratado sobre la liberalizaci\u00f3n de servicios), el cu\u00e1l ha sido firmado por varios pa\u00edses de la regi\u00f3n, incluyendo al Uruguay. En este sentido, y ante la amenaza de privatizaci\u00f3n y mercantilizaci\u00f3n de los servicios p\u00fablicos que la firma del TISA podr\u00eda entra\u00f1ar, Carlos Custer se pronunci\u00f3 en favor de realizar una acci\u00f3n concertada de todo el movimiento sindical de la regi\u00f3n para hacer frente a este tipo de tratados.<\/p>\n<p style=\"text-align: justify;\">Por \u00faltimo, se discuti\u00f3 y se elabor\u00f3 un plan de acci\u00f3n de la Coordinadora para los meses que siguen. En el plan se definieron varios ejes a trabajar, entre ellos, el seguimiento de los Objetivos de Desarrollo Sostenible; la matriz energ\u00e9tica de la regi\u00f3n; el plan de acci\u00f3n de la Comisi\u00f3n de j\u00f3venes de la Coordinadora y de la Comisi\u00f3n por la erradicaci\u00f3n del Trabajo Infantil; la defensa de la democracia; el TISA. Tambi\u00e9n se acord\u00f3 seguir fortaleciendo el trabajo en el \u00e1mbito de la educaci\u00f3n, de la libre circulaci\u00f3n de migrantes, y de continuar con la participaci\u00f3n en las instancias del Mercosur (FCES y OSL) y de la UNASUR.<\/p>\n<p style=\"text-align: justify;\">\nDesde la CTA-A consideramos muy importante seguir fortaleciendo estos espacios con las centrales sindicales del Cono Sur para continuar defendiendo los derechos de todos los trabajadores y trabajadoras de nuestra regi\u00f3n.<\/p>\n<p>&nbsp;<\/p>\n<p>&nbsp;<\/p>\n<p>&nbsp;<\/p>\n","protected":false},"excerpt":{"rendered":"En los d\u00edas 7 y 8 de julio se realiz\u00f3 en Buenos Aires la plenaria de la Coordinadora de Centrales Sindicales del Cono \n<a class=\"moretag\" href=\"https:\/\/ctainternacionales.org\/?p=2962\"> [...]<\/a>","protected":false},"author":1,"featured_media":0,"comment_status":"closed","ping_status":"closed","sticky":false,"template":"","format":"standard","meta":{"ngg_post_thumbnail":0,"footnotes":""},"categories":[],"tags":[],"class_list":["post-2962","post","type-post","status-publish","format-standard","hentry"],"_links":{"self":[{"href":"https:\/\/ctainternacionales.org\/index.php?rest_route=\/wp\/v2\/posts\/2962","targetHints":{"allow":["GET"]}}],"collection":[{"href":"https:\/\/ctainternacionales.org\/index.php?rest_route=\/wp\/v2\/posts"}],"about":[{"href":"https:\/\/ctainternacionales.org\/index.php?rest_route=\/wp\/v2\/types\/post"}],"author":[{"embeddable":true,"href":"https:\/\/ctainternacionales.org\/index.php?rest_route=\/wp\/v2\/users\/1"}],"replies":[{"embeddable":true,"href":"https:\/\/ctainternacionales.org\/index.php?rest_route=%2Fwp%2Fv2%2Fcomments&post=2962"}],"version-history":[{"count":1,"href":"https:\/\/ctainternacionales.org\/index.php?rest_route=\/wp\/v2\/posts\/2962\/revisions"}],"predecessor-version":[{"id":2964,"href":"https:\/\/ctainternacionales.org\/index.php?rest_route=\/wp\/v2\/posts\/2962\/revisions\/2964"}],"wp:attachment":[{"href":"https:\/\/ctainternacionales.org\/index.php?rest_route=%2Fwp%2Fv2%2Fmedia&parent=2962"}],"wp:term":[{"taxonomy":"category","embeddable":true,"href":"https:\/\/ctainternacionales.org\/index.php?rest_route=%2Fwp%2Fv2%2Fcategories&post=2962"},{"taxonomy":"post_tag","embeddable":true,"href":"https:\/\/ctainternacionales.org\/index.php?rest_route=%2Fwp%2Fv2%2Ftags&post=2962"}],"curies":[{"name":"wp","href":"https:\/\/api.w.org\/{rel}","templated":true}]}}