{"id":2950,"date":"2015-07-07T15:30:39","date_gmt":"2015-07-07T18:30:39","guid":{"rendered":"http:\/\/www.ctainternacionales.org\/?p=2950"},"modified":"2015-07-07T15:37:13","modified_gmt":"2015-07-07T18:37:13","slug":"la-negociacion-del-acuerdo-union-europea-mercosur-y-sus-controversias","status":"publish","type":"post","link":"https:\/\/ctainternacionales.org\/?p=2950","title":{"rendered":"*La negociaci\u00f3n del acuerdo Uni\u00f3n Europea-Mercosur y sus controversias*"},"content":{"rendered":"<p style=\"text-align: justify;\"><a href=\"http:\/\/www.ctainternacionales.org\/wp-content\/uploads\/2014\/07\/Fito.jpg\"><img loading=\"lazy\" decoding=\"async\" class=\"aligncenter size-thumbnail wp-image-2252\" src=\"http:\/\/www.ctainternacionales.org\/wp-content\/uploads\/2014\/07\/Fito-307x230.jpg\" alt=\"Fito\" width=\"307\" height=\"230\" \/><\/a><\/p>\n<p style=\"text-align: justify;\">Por Fito Aguirre &#8211; Ya va m\u00e1s de una d\u00e9cada\u201415 a\u00f1os para ser precisos\u2014desde el comienzo de las negociaciones entre el Mercosur y la Uni\u00f3n Europea intentado firmar un acuerdo de libre comercio. Poco ha cambiado en lo que se conoce sobre las propuestas de cada bloque; mientras que los contextos a cada lado del oc\u00e9ano s\u00ed han sufrido transformaciones importantes. Lo curioso es que estas transformaciones no parecen haber cambiado la matriz esencial de la negociaci\u00f3n, donde contin\u00faan predominando los beneficios a las inversiones por parte de las empresas multinacionales, sumando cl\u00e1usulas controversiales respecto a la capacidad de los estados de llevar adelante<!--more--><\/p>\n<p style=\"text-align: justify;\">pol\u00edticas p\u00fablicas que pueden afectar las &#8216;ganancias&#8217; empresariales. El eje del acuerdo es cada vez menos comercial en el sentido convencional de intercambio de bienes, y m\u00e1s orientado a la protecci\u00f3n de inversiones y<\/p>\n<p style=\"text-align: justify;\">derechos de propiedad intelectual\u2014en manos de las multinacionales.<\/p>\n<p style=\"text-align: justify;\">\n<p style=\"text-align: justify;\">Si damos un pantallazo general a los contextos de Europa y de la zona del Mercosur, se denota que claramente estamos ante un cambio sustancial en comparaci\u00f3n a los comienzos de la negociaci\u00f3n. Por el lado de la Uni\u00f3n<\/p>\n<p style=\"text-align: justify;\">Europea, los cuestionamientos internos por parte de socios peque\u00f1os y grandes son ya una cuesti\u00f3n cotidiana, tal como lo demuestra el refer\u00e9ndum de este domingo en Grecia\u2014respecto al acuerdo econ\u00f3mico propuesto por Europa y el FMI\u2014as\u00ed como los debates dentro del Reino Unido, donde el re-electo partido Conservador comenz\u00f3 una campa\u00f1a orientada a dejar el bloque regional. Ambas situaciones se explican por los d\u00e9ficits de<\/p>\n<p style=\"text-align: justify;\">articulaci\u00f3n pol\u00edtica que tiene la Uni\u00f3n Europea, as\u00ed como tambi\u00e9n por la falta de democratizaci\u00f3n de las instituciones europeas, que dan poco acceso a la participaci\u00f3n de los movimientos populares e inclusive a la integraci\u00f3n de los gobiernos de pa\u00edses m\u00e1s peque\u00f1os. La expulsi\u00f3n del ministro de Econom\u00eda griego de la reuni\u00f3n del Consejo Econ\u00f3mico es el mejor<\/p>\n<p style=\"text-align: justify;\">ejemplo de esto. El Mercosur tampoco tiene el mismo panorama que hace diez a\u00f1os, tanto en su contexto pol\u00edtico-econ\u00f3mico como en lo que respecta a la institucionalidad. Los avances que iban en la direcci\u00f3n de mayor<\/p>\n<p style=\"text-align: justify;\">integraci\u00f3n durante el inicio de los gobiernos de Lula y Kirchner se han detenido en los \u00faltimos a\u00f1os, profundizando el estancamiento de las econom\u00edas regionales. A esto se le suma la incorporaci\u00f3n de Venezuela como<\/p>\n<p style=\"text-align: justify;\">miembro pleno y las intenciones de Bolivia y Ecuador en la misma direcci\u00f3n. Estas incorporaciones parecen estar m\u00e1s ligadas a la afinidad pol\u00edtica que a una perspectiva concreta sobre lo que se quiere del proceso de<\/p>\n<p style=\"text-align: justify;\">integraci\u00f3n. En este sentido, preocupa que no haya un posicionamiento claro al respecto por parte del bloque, lo que afecta luego la negociaci\u00f3n con otros bloques regionales. El hecho que se retome la negociaci\u00f3n de un tratado de libre comercio en plena \u00e9poca de crisis econ\u00f3mica deber\u00eda ser en si mismo un factor para ser m\u00e1s cautos al respecto. Las promesas de grandes incrementos en las exportaciones por parte del Mercosur a la Uni\u00f3n Europea son s\u00f3lo eso, promesas, ya que no se ha demostrado fehacientemente que esto vaya a ser as\u00ed. Por otra parte, los dos bloques tienen serias diferencias internas al respecto. En Europa no se consolid\u00f3 una oferta conjunta de todos los pa\u00edses miembros, ya que hay un grupo con serias preocupaciones de abrir sus mercados agr\u00edcolas al Mercosur. De la misma manera en el Mercosur se mantienen dudas entre Argentina con el resto de los miembros sobre la oferta a realizar. No tenemos que olvidarnos que Venezuela decidi\u00f3 no participar de las negociaciones desde el comienzo.<\/p>\n<p style=\"text-align: justify;\">\u00bfQu\u00e9 nos indica este panorama? Desde nuestra perspectiva, como trabajadores, este contexto nos indica inestabilidad e incertidumbre respecto al acuerdo, que no parecen disiparse en el futuro inmediato. La falta de informaci\u00f3n dada al p\u00fablico es preocupante en ese sentido. Los acuerdos negociados donde se filtr\u00f3 informaci\u00f3n al p\u00fablico, como el caso del Tratado de Servicios (TISA) o e acuerdo de libre comercio Europa-EEUU,vienen demostrando aspectos altamente perjudiciales para la poblaci\u00f3n ypara la capacidad soberana de los Estados. No deber\u00eda sorprender que el acuerdo UE-Mercosur incluya cl\u00e1usulas similares. No s\u00f3lo debemos rechazar estos acuerdos, como en el pasado hicimos con el ALCA, sino que tambi\u00e9n debemos movilizarnos para que la integraci\u00f3n regional retome el camino de profundizaci\u00f3n, incorporando la integraci\u00f3n econ\u00f3mica y productiva como uno de los pilares esenciales para construir nuestra soberan\u00eda regional.<\/p>\n<p style=\"text-align: justify;\">Adolfo Fito Aguirre Secretario de Relaciones Internacionales CTA<\/p>\n<p style=\"text-align: justify;\">\n","protected":false},"excerpt":{"rendered":"Por Fito Aguirre &#8211; Ya va m\u00e1s de una d\u00e9cada\u201415 a\u00f1os para ser precisos\u2014desde el comienzo de las negociaciones entre el Mercosur y \n<a class=\"moretag\" href=\"https:\/\/ctainternacionales.org\/?p=2950\"> [...]<\/a>","protected":false},"author":1,"featured_media":0,"comment_status":"closed","ping_status":"closed","sticky":false,"template":"","format":"standard","meta":{"ngg_post_thumbnail":0,"footnotes":""},"categories":[],"tags":[],"class_list":["post-2950","post","type-post","status-publish","format-standard","hentry"],"_links":{"self":[{"href":"https:\/\/ctainternacionales.org\/index.php?rest_route=\/wp\/v2\/posts\/2950","targetHints":{"allow":["GET"]}}],"collection":[{"href":"https:\/\/ctainternacionales.org\/index.php?rest_route=\/wp\/v2\/posts"}],"about":[{"href":"https:\/\/ctainternacionales.org\/index.php?rest_route=\/wp\/v2\/types\/post"}],"author":[{"embeddable":true,"href":"https:\/\/ctainternacionales.org\/index.php?rest_route=\/wp\/v2\/users\/1"}],"replies":[{"embeddable":true,"href":"https:\/\/ctainternacionales.org\/index.php?rest_route=%2Fwp%2Fv2%2Fcomments&post=2950"}],"version-history":[{"count":3,"href":"https:\/\/ctainternacionales.org\/index.php?rest_route=\/wp\/v2\/posts\/2950\/revisions"}],"predecessor-version":[{"id":2953,"href":"https:\/\/ctainternacionales.org\/index.php?rest_route=\/wp\/v2\/posts\/2950\/revisions\/2953"}],"wp:attachment":[{"href":"https:\/\/ctainternacionales.org\/index.php?rest_route=%2Fwp%2Fv2%2Fmedia&parent=2950"}],"wp:term":[{"taxonomy":"category","embeddable":true,"href":"https:\/\/ctainternacionales.org\/index.php?rest_route=%2Fwp%2Fv2%2Fcategories&post=2950"},{"taxonomy":"post_tag","embeddable":true,"href":"https:\/\/ctainternacionales.org\/index.php?rest_route=%2Fwp%2Fv2%2Ftags&post=2950"}],"curies":[{"name":"wp","href":"https:\/\/api.w.org\/{rel}","templated":true}]}}