{"id":2923,"date":"2015-07-02T01:43:09","date_gmt":"2015-07-02T04:43:09","guid":{"rendered":"http:\/\/www.ctainternacionales.org\/?p=2923"},"modified":"2015-07-02T02:02:42","modified_gmt":"2015-07-02T05:02:42","slug":"si-grecia-quiebra-muchos-perderan-y-no-solo-grecia-corina-vasilopoulou-2","status":"publish","type":"post","link":"https:\/\/ctainternacionales.org\/?p=2923","title":{"rendered":"\u201cSi Grecia quiebra muchos perder\u00e1n y no solo Grecia\u201d. Corina Vasilopoulou"},"content":{"rendered":"<div class=\"AppContainer\" style=\"color: #000000;\">\n<div id=\"c_base\" class=\"c_base\">\n<div id=\"c_content\" class=\"c_main\">\n<div id=\"pageContent\">\n<div id=\"pageInbox\" class=\"v-Page\">\n<div id=\"inboxControl0f\">\n<div class=\"containsYSizerBar\">\n<div class=\"ContentRight WithRightRail FullView\" data-link=\"class{:~tag.contentRightClass(Layout.IsFullView, Layout.ReadingPaneMode)}\">\n<div class=\"ContentRightInner t_mbgc t_qtc t_urtc\" style=\"color: #444444;\">\n<div id=\"inboxControl0fv-ReadMessageContainer\" class=\"v-ReadMessageContainer slideOnResize\" tabindex=\"-1\">\n<div class=\"c-ReadMessage\" data-link=\"class{readMessageClass: ~tag.Show}\">\n<div id=\"ReadMessageScrollableSection\" class=\"rmMessages ClearBoth\" tabindex=\"-1\">\n<div id=\"readMessagePartControl1624f\" class=\"c-ReadMessagePart ReadMsgContainer HasLayout ClearBoth HideShadows FullPart NoHistory Read RmIc\" data-link=\"class{:~tag.getHeaderCssClass(IsConversationPart, IsRead, IsDraft, IsTrustedSender, Items.length)}\">\n<div class=\"c-ReadMessagePartBody\" data-link=\"class{getClass:IsBodyExpanded}\">\n<div class=\"readMsgBody\">\n<div id=\"bodyreadMessagePartBodyControl1626f\" class=\"ExternalClass MsgBodyContainer\" data-link=\"class{:~tag.cssClasses(PlainText, IsContentFiltered)}\">\n<div dir=\"ltr\">\n<p style=\"color: #323333; text-align: justify;\"><span style=\"color: #000000;\"><a href=\"http:\/\/www.ctainternacionales.org\/wp-content\/uploads\/2015\/07\/crisis-grecia-160212.jpg\"><img loading=\"lazy\" decoding=\"async\" class=\"aligncenter size-thumbnail wp-image-2916\" src=\"http:\/\/www.ctainternacionales.org\/wp-content\/uploads\/2015\/07\/crisis-grecia-160212-307x239.jpg\" alt=\"crisis-grecia-160212\" width=\"307\" height=\"239\" \/><\/a>Desde la secretaria de Internacionales nos comunicamos en forma Telefonica\u00a0\u00a0<\/span>con la periodista y diputada regional, Corina Vasilopoulou de Grecia quien en esta entrevista nos manifest\u00f3 la situaci\u00f3n que atraviesa el pueblo de Grecia.<\/p>\n<p style=\"text-align: justify;\">Cu\u00e1l es la situaci\u00f3n pol\u00edtica, social y econ\u00f3mica que est\u00e1 atravesando Grecia?<\/p>\n<p style=\"text-align: justify;\">En este momento Grecia se encuentra en una guerra econ\u00f3mica y en un golpe econ\u00f3mico porque se corta la liquidez de una forma autoritaria ya que en Grecia hay un gobierno que no le gusta a los acreedores internacionales, ya que a\u00a0 ellos le gustar\u00eda un gobierno m\u00e1s d\u00f3cil. Lo bueno es que la gente tolera con mucha calma y paciencia esta situaci\u00f3n, a pesar de la restricci\u00f3n de s\u00f3lo poder obtener 60 euros por d\u00eda . Y a pesar del terror instalado por los medios masivos de comunicaci\u00f3n, la poblaci\u00f3n se encuentra desde ya con preocupaci\u00f3n pero en calma; y si nos guiamos por los sondeos el \u201cNO\u201d\u00a0 al acuerdo que proponen los Europeos ganar\u00eda el domingo y adem\u00e1s con una amplia ventaja.<\/p>\n<p style=\"text-align: justify;\">El \u201cNO\u201d que implicaria?<\/p>\n<p style=\"text-align: justify;\">El NO dar\u00eda un arma muy fuerte al gobierno para seguir negociando y establecer otro tipo de acuerdo ; o elevar la situaci\u00f3n a un conflicto de ser necesario tanto con la Union Europea como con el Fondo Monetario Internacional porque habremos demostrado que el terrorismo internacional financiero y que la estrategia del terror y de adoctrinamiento no funcionaron. Aqu\u00ed se discute si vamos hacia una Europa m\u00e1s justa y equilibrada con la que todos so\u00f1abamos o si vamos hacia lo peor y no s\u00f3lo para Grecia; porque si vamos hacia una quiebra en Grecia crear\u00eda una gran problema para la zona del Euro y para la Uni\u00f3n Europea porque los analistas internacionales est\u00e1n hablando de una falta de democracia ya que el consejo de la UE se manifest\u00f3 en contra del refer\u00e9ndum siendo esta una herramienta ya utilizada en distintas circunstancias en Europa. como lo fue en Irlanda o en Francia.<\/p>\n<p style=\"text-align: justify;\">En que instancias se encuentran las negociaciones?<\/p>\n<p style=\"text-align: justify;\">La negociaciones se encuentran abiertas hora tras hora y el gobierno de Grecia ya present\u00f3 sus propuestas y alternativas\u00a0 al consejo de la UE y hace unos d\u00edas el presidente Alexis Tsipras le habl\u00f3 al pueblo insistiendo que el refer\u00e9ndum se va a celebrar este domingo y explicando el porque se deb\u00eda votar por el NO; pero el gobierno Griego esta abierto a un acuerdo pero un acuerdo positivo que d\u00e9 esperanza y posibilidades de desarrollo al conjunto del pueblo de Grecia, si esto ocurriera en esta semana de ac\u00e1 al domingo seguramente el conjunto de la sociedad se inclinar\u00eda por un \u201cSI\u201d<\/p>\n<p style=\"text-align: justify;\">Como se manifiesta la sociedad en su conjunto frente a este refer\u00e9ndum?<\/p>\n<p style=\"text-align: justify;\">Existe una polarizaci\u00f3n en la sociedad, por dar algunos ejemplos el lunes hubo una manifestaci\u00f3n a favor del gobierno en varias ciudades de Grecia pero principalmente en Atenas con una masiva participaci\u00f3n porque se realice el refer\u00e9ndum y partidarios del \u201cNO\u201d. Y el\u00a0 d\u00eda Martes hubo otra concentraci\u00f3n por lo partidarios de que no quieren que se realice el refer\u00e9ndum y que \u00a0Grecia s\u00ed acepte las condiciones de la UE ; \u00a0Era notable la diferencia de personas con trajes, corbatas, y vestimentas de alto costo donde acceden los sectores sociales altos en Grecia. Es un conflicto de clases, noci\u00f3n que hab\u00edamos olvidado pero que hoy vuelve a resurgir a partir de los intereses de un sector privilegiado. Pero no nos tenemos que olvidar que el 27% de los trabajadores se encuentran en situaci\u00f3n de paro (desocupados) y los trabajos son temporarios u ocasionales con salarios miserables, por lo que la sociedad ya perdi\u00f3 tanto que no tiene mucho m\u00e1s que perder; por esta raz\u00f3n frente al refer\u00e9ndum hay\u00a0 muchas expectativas pero con calma.<\/p>\n<p style=\"text-align: justify;\">Que estrategias se da el gobierno de Grecia para esta instancia de negociaci\u00f3n?<\/p>\n<p style=\"text-align: justify;\">El primero y el mas importante es el mandato popular, y en segundo lugar el gobierno esta ampliando sus alianzas con varios pa\u00edses Rusia, China y con grupo de los pa\u00edses que integran el BRIC y hasta se encuentra en un dialogo con gobierno de los EEUU que parece que se niega a que se desate una crisis en Europa ya que pone en peligro su propia econom\u00eda. pero por sobre todo el Gobierno abre un di\u00e1logo con el conjunto de la sociedad explicando cada uno de los procesos de negociaci\u00f3n y que implicancia tienen. la transparencia y la sinceridad son las herramientas m\u00e1s importantes de este gobierno hacia adentro y dejar en claro para el exterior que si Grecia quiebra muchos perder\u00e1n y no solo Grecia.<\/p>\n<\/div>\n<\/div>\n<\/div>\n<\/div>\n<\/div>\n<\/div>\n<\/div>\n<\/div>\n<\/div>\n<div class=\"v-InboxFooterContainer\"><\/div>\n<\/div>\n<div id=\"RightRailContainer\" class=\"c-RightRail RightRailContainerWidth t_sbgc\"><\/div>\n<div class=\"reauthenticationDiv\"><\/div>\n<\/div>\n<\/div>\n<\/div>\n<\/div>\n<\/div>\n<\/div>\n<div id=\"m_whm\"><\/div>\n<div id=\"m_mm\"><\/div>\n<\/div>\n<p><span style=\"color: #000000;\">\u00a0<\/span><iframe loading=\"lazy\" id=\"silentLoginFrame10\" style=\"color: #000000;\" src=\"https:\/\/login.skype.com\/login\/silent?response_type=postmessage&amp;client_id=580081&amp;redirect_uri=https%3A%2F%2Fbay172.mail.live.com%2Fdefault.aspx&amp;state=silentloginsdk_1435811029731&amp;_accept=1.0&amp;_nc=1435811029731&amp;partner=999\" width=\"1px\" height=\"1px\" frameborder=\"0\"><\/iframe><span style=\"color: #000000;\">\u00a0 \u00a0<\/span><\/p>\n","protected":false},"excerpt":{"rendered":"Desde la secretaria de Internacionales nos comunicamos en forma Telefonica\u00a0\u00a0con la periodista y diputada regional, Corina Vasilopoulou de Grecia quien en esta entrevista \n<a class=\"moretag\" href=\"https:\/\/ctainternacionales.org\/?p=2923\"> [...]<\/a>","protected":false},"author":1,"featured_media":0,"comment_status":"closed","ping_status":"closed","sticky":false,"template":"","format":"standard","meta":{"ngg_post_thumbnail":0,"footnotes":""},"categories":[],"tags":[],"class_list":["post-2923","post","type-post","status-publish","format-standard","hentry"],"_links":{"self":[{"href":"https:\/\/ctainternacionales.org\/index.php?rest_route=\/wp\/v2\/posts\/2923","targetHints":{"allow":["GET"]}}],"collection":[{"href":"https:\/\/ctainternacionales.org\/index.php?rest_route=\/wp\/v2\/posts"}],"about":[{"href":"https:\/\/ctainternacionales.org\/index.php?rest_route=\/wp\/v2\/types\/post"}],"author":[{"embeddable":true,"href":"https:\/\/ctainternacionales.org\/index.php?rest_route=\/wp\/v2\/users\/1"}],"replies":[{"embeddable":true,"href":"https:\/\/ctainternacionales.org\/index.php?rest_route=%2Fwp%2Fv2%2Fcomments&post=2923"}],"version-history":[{"count":8,"href":"https:\/\/ctainternacionales.org\/index.php?rest_route=\/wp\/v2\/posts\/2923\/revisions"}],"predecessor-version":[{"id":2935,"href":"https:\/\/ctainternacionales.org\/index.php?rest_route=\/wp\/v2\/posts\/2923\/revisions\/2935"}],"wp:attachment":[{"href":"https:\/\/ctainternacionales.org\/index.php?rest_route=%2Fwp%2Fv2%2Fmedia&parent=2923"}],"wp:term":[{"taxonomy":"category","embeddable":true,"href":"https:\/\/ctainternacionales.org\/index.php?rest_route=%2Fwp%2Fv2%2Fcategories&post=2923"},{"taxonomy":"post_tag","embeddable":true,"href":"https:\/\/ctainternacionales.org\/index.php?rest_route=%2Fwp%2Fv2%2Ftags&post=2923"}],"curies":[{"name":"wp","href":"https:\/\/api.w.org\/{rel}","templated":true}]}}