{"id":2904,"date":"2015-06-18T21:39:16","date_gmt":"2015-06-19T00:39:16","guid":{"rendered":"http:\/\/www.ctainternacionales.org\/?p=2904"},"modified":"2015-06-18T21:50:07","modified_gmt":"2015-06-19T00:50:07","slug":"reuniones-bilaterales-durante-la-conferencia-de-la-oit-corea-del-sur-kctu-y-de-japon-zenroren","status":"publish","type":"post","link":"https:\/\/ctainternacionales.org\/?p=2904","title":{"rendered":"Reuniones bilaterales durante la Conferencia de la OIT Corea del Sur, KCTU, y de Jap\u00f3n, Zenroren."},"content":{"rendered":"<p style=\"text-align: justify;\"><a href=\"http:\/\/www.ctainternacionales.org\/wp-content\/uploads\/2015\/06\/KCTU.jpg\"><img loading=\"lazy\" decoding=\"async\" class=\"aligncenter size-thumbnail wp-image-2905\" src=\"http:\/\/www.ctainternacionales.org\/wp-content\/uploads\/2015\/06\/KCTU-307x172.jpg\" alt=\"KCTU\" width=\"307\" height=\"172\" \/><\/a><\/p>\n<p style=\"text-align: justify;\">La delegaci\u00f3n de la Central de Trabajadores de la Argentina (CTA \u2013 Aut\u00f3noma) mantuvo reuniones bilaterales con los representantes de las centrales sindicales de Corea del Sur, KCTU, y de Jap\u00f3n, Zenroren.<!--more--><\/p>\n<p style=\"text-align: justify;\">Las reuniones permitieron fortalecer v\u00ednculos que nuestra central viene desarrollando desde hace a\u00f1os, y que en el caso de los compa\u00f1eros de KCTU incluyeron una vista a nuestra central en el mes de septiembre del a\u00f1o pasado. La KCTU agradeci\u00f3 la solidaridad de la CTA con motivo de la huelga general que llevaron adelante en el mes de abril, y nos informaron que est\u00e1n llevando adelante nuevas medidas de acci\u00f3n que, de no contar con respuestas positivas por parte del gobierno coreano, podr\u00e1n concluir en una nueva huelga general en el mes de agosto.<\/p>\n<p style=\"text-align: justify;\">El intercambio con los compa\u00f1eros de la KCTU permiti\u00f3 reafirmar que, a pesar de las distancias que existen entre nuestros pa\u00edses, los problemas que enfrentamos los trabajadores son muy similares. En tal sentido, nos pusieron al tanto de su lucha contra la precarizaci\u00f3n laboral y contra las reformas laborales que lleva adelante el gobierno de Corea del Sur y que busca reducir los derechos de los trabajadores (flexibilizando la jornada y disminuyendo las indemnizaciones por despido).<\/p>\n<p style=\"text-align: justify;\">Por su parte, la delegaci\u00f3n de Zenroren nos manifest\u00f3 su inter\u00e9s de visitar nuestro pa\u00eds prontamente, quedando abierta la posibilidad de que realicen un viaje a Brasil y Argentina durante este a\u00f1o o en el 2016. La central sindical japonesa se mostr\u00f3 muy interesada por conocer la estructura organizativa de nuestra CTA, en particular sobre el funcionamiento de la afiliaci\u00f3n directa y la relaci\u00f3n con otras organizaciones del campo popular que pueden integrarse en la central (estudiantes, territoriales, etc). En cuanto a las principales luchas que llevan adelante en Jap\u00f3n, se destaca su denuncia por la existencia de un 40% de trabajadores precarizados (entre contratos temporales, a tiempo parcial o bajo otras modalidades precarias), y su pelea por la instauraci\u00f3n de un salario m\u00ednimo, vital y m\u00f3vil a nivel nacional, puesto que hoy existe a nivel local, y eso genera situaciones muy diferentes entre los distintos trabajadores.<\/p>\n<p style=\"text-align: justify;\">En ambos casos los compa\u00f1eros de KCTU y Zenroren nos manifestaron su intenci\u00f3n de seguir profundizando los v\u00ednculos, tanto en este tipo de encuentros como a trav\u00e9s de otros \u00e1mbitos como SIGTUR (Iniciativa del Sur sobre Globalizaci\u00f3n y Derechos de las Organizaciones Sindicales), y destacaron la necesidad de mantener una perspectiva internacionalista para enfrentar la ofensiva del capital que se desarrolla a nivel global.<\/p>\n<p style=\"text-align: justify;\">Observatorio jur\u00eddico de la CTA<\/p>\n","protected":false},"excerpt":{"rendered":"La delegaci\u00f3n de la Central de Trabajadores de la Argentina (CTA \u2013 Aut\u00f3noma) mantuvo reuniones bilaterales con los representantes de las centrales sindicales \n<a class=\"moretag\" href=\"https:\/\/ctainternacionales.org\/?p=2904\"> [...]<\/a>","protected":false},"author":1,"featured_media":0,"comment_status":"closed","ping_status":"closed","sticky":false,"template":"","format":"standard","meta":{"ngg_post_thumbnail":0,"footnotes":""},"categories":[],"tags":[],"class_list":["post-2904","post","type-post","status-publish","format-standard","hentry"],"_links":{"self":[{"href":"https:\/\/ctainternacionales.org\/index.php?rest_route=\/wp\/v2\/posts\/2904","targetHints":{"allow":["GET"]}}],"collection":[{"href":"https:\/\/ctainternacionales.org\/index.php?rest_route=\/wp\/v2\/posts"}],"about":[{"href":"https:\/\/ctainternacionales.org\/index.php?rest_route=\/wp\/v2\/types\/post"}],"author":[{"embeddable":true,"href":"https:\/\/ctainternacionales.org\/index.php?rest_route=\/wp\/v2\/users\/1"}],"replies":[{"embeddable":true,"href":"https:\/\/ctainternacionales.org\/index.php?rest_route=%2Fwp%2Fv2%2Fcomments&post=2904"}],"version-history":[{"count":2,"href":"https:\/\/ctainternacionales.org\/index.php?rest_route=\/wp\/v2\/posts\/2904\/revisions"}],"predecessor-version":[{"id":2907,"href":"https:\/\/ctainternacionales.org\/index.php?rest_route=\/wp\/v2\/posts\/2904\/revisions\/2907"}],"wp:attachment":[{"href":"https:\/\/ctainternacionales.org\/index.php?rest_route=%2Fwp%2Fv2%2Fmedia&parent=2904"}],"wp:term":[{"taxonomy":"category","embeddable":true,"href":"https:\/\/ctainternacionales.org\/index.php?rest_route=%2Fwp%2Fv2%2Fcategories&post=2904"},{"taxonomy":"post_tag","embeddable":true,"href":"https:\/\/ctainternacionales.org\/index.php?rest_route=%2Fwp%2Fv2%2Ftags&post=2904"}],"curies":[{"name":"wp","href":"https:\/\/api.w.org\/{rel}","templated":true}]}}