{"id":2894,"date":"2015-06-18T20:09:26","date_gmt":"2015-06-18T23:09:26","guid":{"rendered":"http:\/\/www.ctainternacionales.org\/?p=2894"},"modified":"2015-06-18T20:14:13","modified_gmt":"2015-06-18T23:14:13","slug":"cta-a-participo-del-3o-congreso-nacional-de-la-union-general-de-trabajadores-de-brasil-ugt","status":"publish","type":"post","link":"https:\/\/ctainternacionales.org\/?p=2894","title":{"rendered":"CTA-A particip\u00f3 del 3\u00ba Congreso Nacional de la Uni\u00f3n General de Trabajadores de Brasil (UGT)"},"content":{"rendered":"<p style=\"text-align: justify;\"><a href=\"http:\/\/www.ctainternacionales.org\/wp-content\/uploads\/2015\/06\/IMG_5489.jpg\"><img loading=\"lazy\" decoding=\"async\" class=\"aligncenter size-thumbnail wp-image-2900\" src=\"http:\/\/www.ctainternacionales.org\/wp-content\/uploads\/2015\/06\/IMG_5489-307x205.jpg\" alt=\"IMG_5489\" width=\"307\" height=\"205\" \/><\/a>El secretario de Relaciones Internacionales de la CTA-A participo del 3\u00ba Congreso Nacional de la Union General de Trabajadores de Brasil (UGT), con presencia de mas de 3 mil trabajadores de todo el estado de Brasil mas invitados internacionales de cuatro continentes y la participaci\u00f3n de algunos funcionarios del estado de Brasil como as\u00ed tambi\u00e9n de distintas corrientes pol\u00edticas. La conferencia se centro en el desempleo y en la independencia sindical. <!--more--><\/p>\n<p style=\"text-align: justify;\"><a href=\"http:\/\/www.ctainternacionales.org\/wp-content\/uploads\/2015\/06\/IMG_5603.jpg\"><img loading=\"lazy\" decoding=\"async\" class=\"aligncenter size-thumbnail wp-image-2899\" src=\"http:\/\/www.ctainternacionales.org\/wp-content\/uploads\/2015\/06\/IMG_5603-307x205.jpg\" alt=\"IMG_5603\" width=\"307\" height=\"205\" \/><\/a>En su ceremonia de apertura realizada en el auditorio de convenciones Anhembi el presidente de la UGT Ricardo Patah, destaco que era un honor tener a todos los presidentes de la central en el acto y destac\u00f3 la importancia de la presencia femenina en las luchas laborales, honrando a todas las mujeres presentes.<\/p>\n<p style=\"text-align: justify;\">El gobernador paulista Gerardo Alckmin felicito personalmente a Patah por los 10 millones de afiliados trabajadores alcanzados por la UGT.<\/p>\n<p style=\"text-align: justify;\">A punto de culminar la noche de la inauguraci\u00f3n Mary Kay, el presidente de Empleados SEIU-Servicio Uni\u00f3n Internacional, sindicato que representa a los trabajadores del sector de la limpieza, edificios, condominios y vigilancia en Estados Unidos, Canad\u00e1 y Puerto Rico, destaco que el sue\u00f1o americano es un espejismo de unos 44 millones de personas que trabajan en dos o tres empleos por valores irrisorios en los EE.UU. \u00abAqu\u00ed tenemos la UGT que con su lucha, en cambio, puedo afirmar, que se fortalece una lucha global por mejores salarios y garant\u00edas sindicales de los trabajadores en la industria de la comida r\u00e1pida.\u201d. Dijo el presidente del SEIU.<\/p>\n<p style=\"text-align: justify;\">En la segunda jornada con m\u00faltiples paneles e invitados se destaco la presencia de la ex senadora Marina Silva, quien participo del panel \u201cDesarrollo sostenible con justicia social\u201d. La misma indico que de todas las crisis que atraviesa el pa\u00eds y el mundo, la peor es la \u201ccrisis de valores\u201d.<\/p>\n<p style=\"text-align: justify;\">Marina ataco el \u201csistema \u00e9tico\u201d alegando que deber\u00eda llamarse sistema de \u201c\u00e9tica circunstancial\u201d, ya que afirma que las personas no hacen lo cierto o legitimo sino que hacen solo cosas para quedar bien. Las personas tienen un discurso \u00e9tico, pero en realidad hacen todo en beneficio propio . Este tipo de actitudes son las que perjudican a Brasil y al mundo\u00bb<\/p>\n<p style=\"text-align: justify;\">Sobre la corrupci\u00f3n, Marina, dijo que no es un mal de un gobierno u otro. \u00abNo es un problema de Dilma, Lula, Fernando Henrique Cardoso, es nuestro problema\u201d, un problema de todos.<\/p>\n<p style=\"text-align: justify;\">En cuanto a la representaci\u00f3n pol\u00edtica, Marina afirmo delante de unas 3.000 personas que hay una crisis de representatividad, no s\u00f3lo de Brasil, sino en todo el mundo. \u00abCuando la Revoluci\u00f3n Francesa consagr\u00f3 este modelo actual de representaci\u00f3n (tres poderes) hab\u00eda mil millones de personas en todo el mundo. Hoy en d\u00eda, somos 7 mil millones \u201c, explic\u00f3.<\/p>\n<p style=\"text-align: justify;\">En la ceremonia de clausura por unanimidad, el pleno reelegido Ricardo Patah emocionado agradeci\u00f3 la confianza depositada en \u00e9l y destac\u00f3 que despu\u00e9s de ocho a\u00f1os de lucha, la UGT es una organizaci\u00f3n que defiende los intereses de la clase obrera, la Central se fortalece desde su fundaci\u00f3n para la unidad de cara a cualquier reto y combatir todas las formas de ataque a los derechos laborales. \u00abUGT es una central que gana las calles, no podemos darnos el lujo de tener corrupci\u00f3n en el pa\u00eds, debemos ampliar las acciones en defensa de Petrobras, as\u00ed como la lucha para mejorar la salud, la educaci\u00f3n y la capacidad de la ciudadan\u00eda\u00bb, explica el l\u00edder ugetista.<\/p>\n<p style=\"text-align: justify;\">\u00abTodos los que estamos aqu\u00ed creemos en la construcci\u00f3n de esta central en Brasil, porque este es un pa\u00eds que cuenta con hombres y mujeres capaces de promover transformaciones .<a href=\"http:\/\/www.ctainternacionales.org\/wp-content\/uploads\/2015\/06\/FullSizeRender.jpg\"><img loading=\"lazy\" decoding=\"async\" class=\"aligncenter size-thumbnail wp-image-2896\" src=\"http:\/\/www.ctainternacionales.org\/wp-content\/uploads\/2015\/06\/FullSizeRender-307x230.jpg\" alt=\"FullSizeRender\" width=\"307\" height=\"230\" \/><\/a><\/p>\n<p style=\"text-align: justify;\">Por su parte nuestro secretario de Internacionales Adolfo Fito Aguirre quien mantiene relaciones desde la fundaci\u00f3n de la UGT Estuvo reunido con el electo secretario de relaciones Internacionales Lorenzo Prado de la UGT para seguir enlazando acciones entre ambas centrales. Tambi\u00e9n mantuvo reuniones bilaterales con otras centrales y particularmente con Mariano Fandos de la CFDT de Francia para seguir trabajando sobre la pr\u00f3xima conferencia internacional de cambio clim\u00e1tico a realizarse en Francia Paris (COP 21\/CMP11) el pr\u00f3ximo 30 de noviembre; se trata de una fecha crucial, ya que debe desembocar en un nuevo acuerdo internacional sobre el clima aplicable a todos los pa\u00edses, Donde el mundo sindical internacional y la CTA-A a partir de sus intervenciones y trabajos t\u00e9cnicos vienen haciendo aportes muy valiosos sobre este eje.<\/p>\n<p style=\"text-align: justify;\">Tambi\u00e9n se mantuvieron reuniones con los integrantes de Confederaci\u00f3n Sindical de las Am\u00e9ricas (CSA) para evaluar los resultados de la conferencia de la OIT como as\u00ed tambi\u00e9n preparar el pr\u00f3ximo congreso de la CSA a realizares en el mes de Abril del 2016 en San Pablo Brasil donde se elegir\u00edan las pr\u00f3ximas autoridades.<\/p>\n","protected":false},"excerpt":{"rendered":"El secretario de Relaciones Internacionales de la CTA-A participo del 3\u00ba Congreso Nacional de la Union General de Trabajadores de Brasil (UGT), con \n<a class=\"moretag\" href=\"https:\/\/ctainternacionales.org\/?p=2894\"> [...]<\/a>","protected":false},"author":1,"featured_media":0,"comment_status":"closed","ping_status":"closed","sticky":false,"template":"","format":"standard","meta":{"ngg_post_thumbnail":0,"footnotes":""},"categories":[],"tags":[],"class_list":["post-2894","post","type-post","status-publish","format-standard","hentry"],"_links":{"self":[{"href":"https:\/\/ctainternacionales.org\/index.php?rest_route=\/wp\/v2\/posts\/2894","targetHints":{"allow":["GET"]}}],"collection":[{"href":"https:\/\/ctainternacionales.org\/index.php?rest_route=\/wp\/v2\/posts"}],"about":[{"href":"https:\/\/ctainternacionales.org\/index.php?rest_route=\/wp\/v2\/types\/post"}],"author":[{"embeddable":true,"href":"https:\/\/ctainternacionales.org\/index.php?rest_route=\/wp\/v2\/users\/1"}],"replies":[{"embeddable":true,"href":"https:\/\/ctainternacionales.org\/index.php?rest_route=%2Fwp%2Fv2%2Fcomments&post=2894"}],"version-history":[{"count":3,"href":"https:\/\/ctainternacionales.org\/index.php?rest_route=\/wp\/v2\/posts\/2894\/revisions"}],"predecessor-version":[{"id":2903,"href":"https:\/\/ctainternacionales.org\/index.php?rest_route=\/wp\/v2\/posts\/2894\/revisions\/2903"}],"wp:attachment":[{"href":"https:\/\/ctainternacionales.org\/index.php?rest_route=%2Fwp%2Fv2%2Fmedia&parent=2894"}],"wp:term":[{"taxonomy":"category","embeddable":true,"href":"https:\/\/ctainternacionales.org\/index.php?rest_route=%2Fwp%2Fv2%2Fcategories&post=2894"},{"taxonomy":"post_tag","embeddable":true,"href":"https:\/\/ctainternacionales.org\/index.php?rest_route=%2Fwp%2Fv2%2Ftags&post=2894"}],"curies":[{"name":"wp","href":"https:\/\/api.w.org\/{rel}","templated":true}]}}