{"id":2889,"date":"2015-06-15T16:44:50","date_gmt":"2015-06-15T19:44:50","guid":{"rendered":"http:\/\/www.ctainternacionales.org\/?p=2889"},"modified":"2015-06-15T16:52:49","modified_gmt":"2015-06-15T19:52:49","slug":"la-cta-repudio-la-campana-mediatica-contra-los-trabajadore","status":"publish","type":"post","link":"https:\/\/ctainternacionales.org\/?p=2889","title":{"rendered":"La CTA repudi\u00f3 la campa\u00f1a medi\u00e1tica contra los trabajadores"},"content":{"rendered":"<p style=\"text-align: justify;\"><a href=\"http:\/\/www.ctainternacionales.org\/wp-content\/uploads\/2015\/06\/Foto01-15.jpg\"><img loading=\"lazy\" decoding=\"async\" class=\"aligncenter size-thumbnail wp-image-2890\" src=\"http:\/\/www.ctainternacionales.org\/wp-content\/uploads\/2015\/06\/Foto01-15-307x201.jpg\" alt=\"Foto01-15\" width=\"307\" height=\"201\" \/><\/a>En la ma\u00f1ana de hoy, la CTA llev\u00f3 adelante una conferencia de prensa en la sede nacional (Lima 609 de la Ciudad de Buenos Aires) para repudiar la campa\u00f1a medi\u00e1tica contra Guillermo Pacagnini en particular y la organizaci\u00f3n de los trabajadores en general. Tanto Pacagnini, Secretario de Condiciones de Trabajo y Medio Ambiente de la Central, como Pablo Micheli coincidieron en que no es casual que esta campa\u00f1a sucia se desatara justo cuando la CTA impulsaba en la OIT la necesidad de que no se limite el derecho a huelga. Ambos dirigentes desmintieron haber sido expulsados de la OIT.<!--more--><\/p>\n<p style=\"text-align: justify;\">Ante la presencia de medios de prensa, Guillermo Pacagnini, Secretario General de la Asociaci\u00f3n Sindical de Profesionales de la Salud de la Provincia de Buenos Aires (CICOP-CTA), ratific\u00f3 que se trat\u00f3 de \u201cuna campa\u00f1a de difamaci\u00f3n y calumnias con la que me encontr\u00e9 cuando llegu\u00e9 anoche de Ginebra\u201d. En relaci\u00f3n a c\u00f3mo fueron los hechos, el dirigente agreg\u00f3: \u201cest\u00e1bamos en el edificio de la ONU, donde se llevaba a cabo la actividad ese d\u00eda, encontr\u00e9 un sobre de cuero y lo llev\u00e9 al bar para que su due\u00f1o lo encontrara, luego me dijeron que deb\u00eda haberlo llevarlo a seguridad y ah\u00ed termin\u00f3 el incidente\u201d. Pacagnini dijo que estaba muy apenado ante esta campa\u00f1a de prensa: \u201cYo soy m\u00e9dico de un hospital p\u00fablico, ando en colectivo, en subte y cobro un sueldo del Estado, soy militante\u201d.<\/p>\n<p style=\"text-align: justify;\">\u201cCasualmente la CTA acaba de sacar un documento en defensa del derecho de huelga que fue firmado por las Centrales combativas de todo el mundo. Ser\u00eda interesante que los que acusan, muestren la resoluci\u00f3n de la OIT donde supuestamente dice que nos expulsaron, esa resoluci\u00f3n no existi\u00f3\u201d, agreg\u00f3 Pablo Micheli, quien en nombre de toda la Central, respald\u00f3 y se solidariz\u00f3 con Guillermo Pacagnini.<\/p>\n<p style=\"text-align: justify;\">\u201cEn la OIT se cocinan muchas cosas, es un organismo de mucho poder. Quieren hacernos retroceder en conquistas que a nosotros nos han servido para defender a nuestros compa\u00f1eros en sus lugares de trabajo\u201d, agreg\u00f3 Pacagnini.<\/p>\n<p style=\"text-align: justify;\">En ese mismo sentido, Daniel Jorajur\u00eda, secretario Gremial de la CTA explic\u00f3: \u201cLa intervenci\u00f3n de la CTA no le es indiferente a los \u00e1mbitos de poder. Tuvimos la posibilidad de reunirnos con la Directora de Normas, a quien ya pusimos al tanto sobre las violaciones a la libertad y la democracia sindical\u201d.<\/p>\n<p style=\"text-align: justify;\"><a href=\"http:\/\/www.ctainternacionales.org\/wp-content\/uploads\/2015\/06\/Foto02-11.jpg\"><img loading=\"lazy\" decoding=\"async\" class=\"aligncenter size-thumbnail wp-image-2891\" src=\"http:\/\/www.ctainternacionales.org\/wp-content\/uploads\/2015\/06\/Foto02-11-307x193.jpg\" alt=\"Foto02-11\" width=\"307\" height=\"193\" \/><\/a><\/p>\n<p style=\"text-align: justify;\">Tanto representantes de CICOP -Marta V\u00e1zquez, Vicepresidenta-, como de la Federaci\u00f3n sindical de Profesionales de la Salud de la Rep\u00fablica Argentina (FESPROSA-CTA) -Jorge Yabkowski, Presidente y secretario de Salud Laboral de la Central-, estuvieron presentes en la conferencia dando su total apoyo. Lo mismo que el secretario de Derechos Humanos de la CTA, el judicial Hugo Blasco.<\/p>\n<p style=\"text-align: justify;\">La conferencia finaliz\u00f3 con la decisi\u00f3n de la CTA de averiguar qui\u00e9n o qui\u00e9nes y bajo qu\u00e9 intereses armaron la campa\u00f1a de difamaci\u00f3n en contra de la organizaci\u00f3n y el avance de los derechos de los trabajadores y trabajadoras.<\/p>\n","protected":false},"excerpt":{"rendered":"En la ma\u00f1ana de hoy, la CTA llev\u00f3 adelante una conferencia de prensa en la sede nacional (Lima 609 de la Ciudad de \n<a class=\"moretag\" href=\"https:\/\/ctainternacionales.org\/?p=2889\"> [...]<\/a>","protected":false},"author":1,"featured_media":0,"comment_status":"closed","ping_status":"closed","sticky":false,"template":"","format":"standard","meta":{"ngg_post_thumbnail":0,"footnotes":""},"categories":[],"tags":[],"class_list":["post-2889","post","type-post","status-publish","format-standard","hentry"],"_links":{"self":[{"href":"https:\/\/ctainternacionales.org\/index.php?rest_route=\/wp\/v2\/posts\/2889","targetHints":{"allow":["GET"]}}],"collection":[{"href":"https:\/\/ctainternacionales.org\/index.php?rest_route=\/wp\/v2\/posts"}],"about":[{"href":"https:\/\/ctainternacionales.org\/index.php?rest_route=\/wp\/v2\/types\/post"}],"author":[{"embeddable":true,"href":"https:\/\/ctainternacionales.org\/index.php?rest_route=\/wp\/v2\/users\/1"}],"replies":[{"embeddable":true,"href":"https:\/\/ctainternacionales.org\/index.php?rest_route=%2Fwp%2Fv2%2Fcomments&post=2889"}],"version-history":[{"count":2,"href":"https:\/\/ctainternacionales.org\/index.php?rest_route=\/wp\/v2\/posts\/2889\/revisions"}],"predecessor-version":[{"id":2893,"href":"https:\/\/ctainternacionales.org\/index.php?rest_route=\/wp\/v2\/posts\/2889\/revisions\/2893"}],"wp:attachment":[{"href":"https:\/\/ctainternacionales.org\/index.php?rest_route=%2Fwp%2Fv2%2Fmedia&parent=2889"}],"wp:term":[{"taxonomy":"category","embeddable":true,"href":"https:\/\/ctainternacionales.org\/index.php?rest_route=%2Fwp%2Fv2%2Fcategories&post=2889"},{"taxonomy":"post_tag","embeddable":true,"href":"https:\/\/ctainternacionales.org\/index.php?rest_route=%2Fwp%2Fv2%2Ftags&post=2889"}],"curies":[{"name":"wp","href":"https:\/\/api.w.org\/{rel}","templated":true}]}}