{"id":2876,"date":"2015-06-11T11:22:22","date_gmt":"2015-06-11T14:22:22","guid":{"rendered":"http:\/\/www.ctainternacionales.org\/?p=2876"},"modified":"2015-06-11T12:00:07","modified_gmt":"2015-06-11T15:00:07","slug":"rigane-dijo-que-los-sindicatos-del-mundo-discuten-por-estos-dias-el-derecho-a-la-huelga","status":"publish","type":"post","link":"https:\/\/ctainternacionales.org\/?p=2876","title":{"rendered":"Rigane dijo que \u00ablos sindicatos del mundo discuten por estos d\u00edas el derecho a la huelga\u201d"},"content":{"rendered":"<p style=\"text-align: justify;\"><a href=\"http:\/\/www.ctainternacionales.org\/wp-content\/uploads\/2015\/06\/Jorajuria-Daniel-Sec-gremial-CTA-Rigane-y-Campos-Luis-Observatorio-CTA-Autonoma.jpg\"><img loading=\"lazy\" decoding=\"async\" class=\"aligncenter size-full wp-image-2877\" src=\"http:\/\/www.ctainternacionales.org\/wp-content\/uploads\/2015\/06\/Jorajuria-Daniel-Sec-gremial-CTA-Rigane-y-Campos-Luis-Observatorio-CTA-Autonoma.jpg\" alt=\"Jorajuria-Daniel-Sec-gremial-CTA-Rigane-y-Campos-Luis-Observatorio-CTA-Autonoma\" width=\"255\" height=\"400\" \/><\/a>El secretario Adjunto de la CTA Aut\u00f3noma, Jos\u00e9 Rigane, referente del sindicato Luz y Fuerza de Mar del Plata, se encuentra en Ginebra, Suiza, cuna de la sede de la Organizaci\u00f3n Internacional del Trabajo (OIT), para participar del tradicional encuentro junto con la comitiva gremial argentina, integrada por representantes de las cinco centrales obreras. \u201cSe est\u00e1 debatiendo sobre los alcances del derecho a huelga y las situaciones sufridas por los trabajadores en el reclamos de sus derechos, que finalmente producen tensiones con los empresarios\u201d, dijo.<!--more--><\/p>\n<p style=\"text-align: justify;\">En este marco, Rigane explic\u00f3 que \u201cla globalizaci\u00f3n hace que se unifiquen las situaciones a lo largo del mundo y por eso estamos aqu\u00ed debatiendo sobre problem\u00e1ticas similares de trabajadores de distintas partes del mundo. En definitiva los trabajadores siempre pelean por las mismas cuestiones, como el salario signo, la negativa al empleo informal, la precarizaci\u00f3n laboral, entre otras cuestiones\u201d.<\/p>\n<p style=\"text-align: justify;\">\u201cEuropa no se escapa a los problemas que tiene el capitalismo y la crisis internacional. Hoy estamos en Suiza y uno puede suponer de antemano que es el primer mundo y que los reclamos que tenemos en Argentina no existen, pero aqu\u00ed tambi\u00e9n pelean a diario por el bienestar social y los sindicatos luchan para que no se impida manifestarse libremente. Esto es fundamental. El derecho de huelga viene creciendo desde 2012 a la fecha y cada vez se discute con mayor intensidad e incluso se intensifica la disputa con los gobiernos que no la quieren reconocer\u201d, dijo.<\/p>\n<p style=\"text-align: justify;\">Y a\u00f1adi\u00f3 que \u201cotro de los temas fundamentales de este encuentro es el pase de econom\u00eda informal a la formal y las rentabilidades de las empresas en detrimento de los empleados. Por poner un ejemplo, el pa\u00eds donde se produce mayor cantidad de coches es M\u00e9xico porque cuesta cuatro veces menos que fabricarlos en Alemania. Esto est\u00e1 directamente relacionado con la ganancia y las condiciones de trabajo que ofrecen las empresas\u201d.<\/p>\n<p style=\"text-align: justify;\">\u201cTodas estas cuestiones ponen a la Argentina en primer lugar en el mundo en cuanto a la afiliaci\u00f3n directa de los trabajadores a los sindicatos. Esta cuesti\u00f3n se da como consecuencia de los trabajadores que se desempe\u00f1an en situaciones irregulares y por ello mismo hoy Jap\u00f3n, por citar un pa\u00eds, ya tiene una central que tiene como iniciativa sindicalizar a los trabajadores\u201d, concluy\u00f3.<\/p>\n","protected":false},"excerpt":{"rendered":"El secretario Adjunto de la CTA Aut\u00f3noma, Jos\u00e9 Rigane, referente del sindicato Luz y Fuerza de Mar del Plata, se encuentra en Ginebra, \n<a class=\"moretag\" href=\"https:\/\/ctainternacionales.org\/?p=2876\"> [...]<\/a>","protected":false},"author":1,"featured_media":0,"comment_status":"closed","ping_status":"closed","sticky":false,"template":"","format":"standard","meta":{"ngg_post_thumbnail":0,"footnotes":""},"categories":[],"tags":[],"class_list":["post-2876","post","type-post","status-publish","format-standard","hentry"],"_links":{"self":[{"href":"https:\/\/ctainternacionales.org\/index.php?rest_route=\/wp\/v2\/posts\/2876","targetHints":{"allow":["GET"]}}],"collection":[{"href":"https:\/\/ctainternacionales.org\/index.php?rest_route=\/wp\/v2\/posts"}],"about":[{"href":"https:\/\/ctainternacionales.org\/index.php?rest_route=\/wp\/v2\/types\/post"}],"author":[{"embeddable":true,"href":"https:\/\/ctainternacionales.org\/index.php?rest_route=\/wp\/v2\/users\/1"}],"replies":[{"embeddable":true,"href":"https:\/\/ctainternacionales.org\/index.php?rest_route=%2Fwp%2Fv2%2Fcomments&post=2876"}],"version-history":[{"count":1,"href":"https:\/\/ctainternacionales.org\/index.php?rest_route=\/wp\/v2\/posts\/2876\/revisions"}],"predecessor-version":[{"id":2878,"href":"https:\/\/ctainternacionales.org\/index.php?rest_route=\/wp\/v2\/posts\/2876\/revisions\/2878"}],"wp:attachment":[{"href":"https:\/\/ctainternacionales.org\/index.php?rest_route=%2Fwp%2Fv2%2Fmedia&parent=2876"}],"wp:term":[{"taxonomy":"category","embeddable":true,"href":"https:\/\/ctainternacionales.org\/index.php?rest_route=%2Fwp%2Fv2%2Fcategories&post=2876"},{"taxonomy":"post_tag","embeddable":true,"href":"https:\/\/ctainternacionales.org\/index.php?rest_route=%2Fwp%2Fv2%2Ftags&post=2876"}],"curies":[{"name":"wp","href":"https:\/\/api.w.org\/{rel}","templated":true}]}}