{"id":2872,"date":"2015-06-11T11:17:25","date_gmt":"2015-06-11T14:17:25","guid":{"rendered":"http:\/\/www.ctainternacionales.org\/?p=2872"},"modified":"2015-06-11T11:17:50","modified_gmt":"2015-06-11T14:17:50","slug":"solidaridad-internacional-la-cta-autonoma-se-solidariza-con-el-pueblo-mexicano","status":"publish","type":"post","link":"https:\/\/ctainternacionales.org\/?p=2872","title":{"rendered":"Solidaridad Internacional La CTA Aut\u00f3noma se solidariza con el pueblo mexicano"},"content":{"rendered":"<p style=\"text-align: justify;\"><a href=\"http:\/\/www.ctainternacionales.org\/wp-content\/uploads\/2015\/06\/puebla-protestas-ayotzinapa.jpg\"><img loading=\"lazy\" decoding=\"async\" class=\"aligncenter size-thumbnail wp-image-2873\" src=\"http:\/\/www.ctainternacionales.org\/wp-content\/uploads\/2015\/06\/puebla-protestas-ayotzinapa-307x172.jpg\" alt=\"puebla-protestas-ayotzinapa\" width=\"307\" height=\"172\" \/><\/a>A trav\u00e9s de un comunicado firmado por Pablo Micheli, Secretario General y Carolina Ocar, Secretaria de Comunicaci\u00f3n, la CTA Aut\u00f3noma junto a otras organizaciones del campo popular, se solidariza con el pueblo mexicano ante la creciente violencia y avasallamiento de derechos por parte del Estado.<!--more--><\/p>\n<p style=\"text-align: justify;\">Ante las elecciones del 7 de Junio de 2015 los abajo firmantes, organismos de derechos humanos, organizaciones sociales, sindicales, estudiantiles y pol\u00edticas del Pueblo Argentino exigimos:<\/p>\n<p style=\"text-align: justify;\">Basta de muerte, represi\u00f3n y despojos al pueblo mexicano<br \/>\nEl terrorismo de Estado en M\u00e9xico es moneda corriente. En los \u00faltimos a\u00f1os bajo las presidencias de Enrique Pe\u00f1a Nieto y Felipe Calder\u00f3n se calculan al menos 30 mil desaparecid@s y alrededor de 200 mil personas asesinadas por el narco Estado mexicano.<\/p>\n<p style=\"text-align: justify;\">Desde d\u00edas antes de los comicios, M\u00e9xico se encuentra totalmente militarizado. El poder de turno argumenta que es para \u201cgarantizar el ejercicio democr\u00e1tico de las elecciones\u201d, pero nada dicen acerca de su responsabilidad sobre la desaparici\u00f3n de los 43 normalistas de Ayotzinapa, ni sobre las muertes de los campesinos en el estado de Michoac\u00e1n, el asesinato de los ni\u00f1@s de la guarder\u00eda ABC, los feminicidios a los largo del pa\u00eds (en especial en el estado de M\u00e9xico durante la gubernatura de Pe\u00f1a Nieto), todos cr\u00edmenes de Estado que se esfuerzan en esconder e invisibilizar.<\/p>\n<p style=\"text-align: justify;\">En los \u00faltimos d\u00edas el Estado mexicano volvi\u00f3 a arremeter contra la poblaci\u00f3n civil: agredi\u00f3 a trabajadores del Palacio de Bellas Artes en la ciudad de M\u00e9xico, detuvo a cinco estudiantes de la Universidad Aut\u00f3noma de Puebla, reprimi\u00f3 a estudiantes en Veracruz y aument\u00f3 la militarizaci\u00f3n en varios municipios de Guerrero, en especial Tixtla y los alrededores de la Normal Rural Ra\u00fal Isidro Burgos de Ayotzinapa. Esta escalada de violencia continu\u00f3 el \u00faltimo viernes con el asesinato del maestro Juan Villegas Tenorio integrante del Movimiento Popular Guerrerense en un claro intento de acallar la voluntad del pueblo mexicano.<\/p>\n<p style=\"text-align: justify;\">Ya son muchas las organizaciones del campo popular, de derechos humanos, movimientos sociales, asambleas populares, espacios universitarios, colectivos culturales, entre otros, que est\u00e1n diciendo basta. Basta de muerte, de represi\u00f3n, de injusticias y despojos.<\/p>\n<p style=\"text-align: justify;\">Nos solidarizamos con los familiares de los 43 estudiantes normalistas de Ayotzinapa desaparecidos y los 3 asesinados y EXIGIMOS al gobierno de Pe\u00f1a Nieto que respete la decisi\u00f3n de reclamar que no se realicen las elecciones hasta que aparezcan con vida los 43 normalistas y se castigue a los responsables de sus desapariciones y de los 3 estudiantes asesinados.<\/p>\n<p style=\"text-align: justify;\">Ante esta situaci\u00f3n, donde miles de trabajadores, campesinos, ind\u00edgenas, estudiantes son desaparecidos y asesinados por el Estado mexicano en medio de una supuesta guerra contra el narcotr\u00e1fico, pretexto para desaparecer y asesinar a los que se organizan y luchan por sus derechos, son varios los municipios de los estados de Oaxaca, Guerrero y Michoac\u00e1n que han decidido no participar de las elecciones y organizarse aut\u00f3nomamente para enfrentar y defenderse de la alianza del Estado mexicano con los narcos y las empresas extractivitas.<a href=\"http:\/\/www.ctainternacionales.org\/wp-content\/uploads\/2015\/06\/408285_164443_1.jpg\"><img loading=\"lazy\" decoding=\"async\" class=\"aligncenter size-thumbnail wp-image-2874\" src=\"http:\/\/www.ctainternacionales.org\/wp-content\/uploads\/2015\/06\/408285_164443_1-307x161.jpg\" alt=\"408285_164443_1\" width=\"307\" height=\"161\" \/><\/a><\/p>\n<p style=\"text-align: justify;\">Nos solidarizamos con ellos y hacemos responsable al actual presidente Enrique Pe\u00f1a Nieto por cualquier hecho de represi\u00f3n y violencia contra el pueblo mexicano.<\/p>\n<p style=\"text-align: justify;\">Por la aparici\u00f3n con vida de los 43 estudiantes de Ayotzinapa.<\/p>\n<p style=\"text-align: justify;\">Castigo a los responsables de sus desapariciones y de los asesinatos de los otros 3 estudiantes.<\/p>\n<p style=\"text-align: justify;\">Solidaridad con el llamado de los familiares de Ayotzinapa de no participar en las elecciones hasta que no aparezcan con vida los 43.<\/p>\n<p style=\"text-align: justify;\">Solidaridad con los municipios que deciden organizarse aut\u00f3nomamente ante la represi\u00f3n del Estado mexicano.<\/p>\n<p style=\"text-align: justify;\">Asamblea de Mexican@s en Argentina; Madres de Plaza de Mayo -Linea Fundadora; Red de Solidaridad con Chiapas de Buenos Aires; Equipo de Educaci\u00f3n; Popular Pa\u00f1uelos en Rebeld\u00eda; Asociaci\u00f3n de Ex Detenidos Desaparecidos; Federaci\u00f3n de Organizaciones de Base \u2013 Regional Buenos Aires; Frente Popular Dar\u00edo Santill\u00e1n; Confluencia Pol\u00edtica Movimiento Popular La Dignidad \u2013 Movimiento Tupaj; Katari; Revista Devenir; Adherentes a la Sexta Internacional; La Cazona de Flores; Federaci\u00f3n de Organizaciones de Base (FOB) Regional C\u00f3rdoba; Espacio de Aprendizaje y Desaprendizaje Aut\u00f3nomo \u2013 C\u00f3rdoba; Encuentro de Organizaciones; Piratas x Tierra Mojada.<\/p>\n<p>&nbsp;<\/p>\n","protected":false},"excerpt":{"rendered":"A trav\u00e9s de un comunicado firmado por Pablo Micheli, Secretario General y Carolina Ocar, Secretaria de Comunicaci\u00f3n, la CTA Aut\u00f3noma junto a otras \n<a class=\"moretag\" href=\"https:\/\/ctainternacionales.org\/?p=2872\"> [...]<\/a>","protected":false},"author":1,"featured_media":0,"comment_status":"closed","ping_status":"closed","sticky":false,"template":"","format":"standard","meta":{"ngg_post_thumbnail":0,"footnotes":""},"categories":[],"tags":[],"class_list":["post-2872","post","type-post","status-publish","format-standard","hentry"],"_links":{"self":[{"href":"https:\/\/ctainternacionales.org\/index.php?rest_route=\/wp\/v2\/posts\/2872","targetHints":{"allow":["GET"]}}],"collection":[{"href":"https:\/\/ctainternacionales.org\/index.php?rest_route=\/wp\/v2\/posts"}],"about":[{"href":"https:\/\/ctainternacionales.org\/index.php?rest_route=\/wp\/v2\/types\/post"}],"author":[{"embeddable":true,"href":"https:\/\/ctainternacionales.org\/index.php?rest_route=\/wp\/v2\/users\/1"}],"replies":[{"embeddable":true,"href":"https:\/\/ctainternacionales.org\/index.php?rest_route=%2Fwp%2Fv2%2Fcomments&post=2872"}],"version-history":[{"count":1,"href":"https:\/\/ctainternacionales.org\/index.php?rest_route=\/wp\/v2\/posts\/2872\/revisions"}],"predecessor-version":[{"id":2875,"href":"https:\/\/ctainternacionales.org\/index.php?rest_route=\/wp\/v2\/posts\/2872\/revisions\/2875"}],"wp:attachment":[{"href":"https:\/\/ctainternacionales.org\/index.php?rest_route=%2Fwp%2Fv2%2Fmedia&parent=2872"}],"wp:term":[{"taxonomy":"category","embeddable":true,"href":"https:\/\/ctainternacionales.org\/index.php?rest_route=%2Fwp%2Fv2%2Fcategories&post=2872"},{"taxonomy":"post_tag","embeddable":true,"href":"https:\/\/ctainternacionales.org\/index.php?rest_route=%2Fwp%2Fv2%2Ftags&post=2872"}],"curies":[{"name":"wp","href":"https:\/\/api.w.org\/{rel}","templated":true}]}}