{"id":2867,"date":"2015-06-10T16:15:19","date_gmt":"2015-06-10T19:15:19","guid":{"rendered":"http:\/\/www.ctainternacionales.org\/?p=2867"},"modified":"2015-06-10T16:33:13","modified_gmt":"2015-06-10T19:33:13","slug":"pedido-de-solidaridad-internacional-para-los-trabajadores-de-uettel-cta","status":"publish","type":"post","link":"https:\/\/ctainternacionales.org\/?p=2867","title":{"rendered":"Pedido de solidaridad Internacional para los trabajadores de UETTel-CTA"},"content":{"rendered":"<p>Estimados compa\u00f1eros,<a href=\"http:\/\/www.ctainternacionales.org\/wp-content\/uploads\/2015\/06\/trabajadores-de-Telefonica-reclamo.jpg\"><img loading=\"lazy\" decoding=\"async\" class=\"aligncenter size-thumbnail wp-image-2868\" src=\"http:\/\/www.ctainternacionales.org\/wp-content\/uploads\/2015\/06\/trabajadores-de-Telefonica-reclamo-307x223.jpg\" alt=\"trabajadores-de-Telefonica-reclamo\" width=\"307\" height=\"223\" \/><\/a><\/p>\n<p>por medio de la presente comunicaci\u00f3n convocamos a un pedido de solidaridad del conjunto del movimiento trabajador internacional para con los compa\u00f1eros de UETTel- CTA y contra los atropellos que vienen sufriendo por parte de la empresa Telef\u00f3nica Argentina. La Uni\u00f3n de Empleados T\u00e9cnicos de las Telecomunicaciones (UETTel-CTA) denuncia repetidamente la precarizaci\u00f3n que promueve desde hace dos d\u00e9cadas Telef\u00f3nica Argentina, a trav\u00e9s de la tercerizaci\u00f3n y la creaci\u00f3n de empresas \u00abfantasmas\u00bb. A modo de repudio y en defensa de la libertad y democracia sindical, los trabajadores de UETTel realizan un acampe frente a la sede central de Telefonica de argentina denunciando la tercerizacion laboral y los niveles de precarizacion que lleva a los trabajadores. Por lo cual solicitamos la solidaridad internacional ante los constantes despidos y agresiones sufridas por los compa\u00f1eros de UETTel.<\/p>\n<p>Creemos que el derecho a la sindicalizacion libre es inalienable para todos los trabajadores y instamos al repudio por la desvinculaci\u00f3n de los compa\u00f1eros, su despido, asi como el respaldo a la exigencia por la inmediata reincorporaci\u00f3n de los compa\u00f1eros despedidos.<\/p>\n<p>Solicitamos enviar sus r\u00e9plicas de solidaridad al correo del Secretario General de UETTel, Jorge Castro: sec.general@uettel.org.ar<\/p>\n<p>Saludos fraternales,<\/p>\n<p>Secretar\u00eda de Relaciones Internacionales (CTA &#8211; Aut\u00f3noma) Lima 609 (1073) Ciudad Aut\u00f3noma de Buenos Aires<\/p>\n<p>Tel: (+5411) 4383-3305\/ 4383-3349\/ 4383-3426 (int. 145,146,147) Correo electr\u00f3nico: internacionales@ctanacional.org<\/p>\n","protected":false},"excerpt":{"rendered":"Estimados compa\u00f1eros, por medio de la presente comunicaci\u00f3n convocamos a un pedido de solidaridad del conjunto del movimiento trabajador internacional para con los \n<a class=\"moretag\" href=\"https:\/\/ctainternacionales.org\/?p=2867\"> [...]<\/a>","protected":false},"author":1,"featured_media":0,"comment_status":"closed","ping_status":"closed","sticky":false,"template":"","format":"standard","meta":{"ngg_post_thumbnail":0,"footnotes":""},"categories":[],"tags":[],"class_list":["post-2867","post","type-post","status-publish","format-standard","hentry"],"_links":{"self":[{"href":"https:\/\/ctainternacionales.org\/index.php?rest_route=\/wp\/v2\/posts\/2867","targetHints":{"allow":["GET"]}}],"collection":[{"href":"https:\/\/ctainternacionales.org\/index.php?rest_route=\/wp\/v2\/posts"}],"about":[{"href":"https:\/\/ctainternacionales.org\/index.php?rest_route=\/wp\/v2\/types\/post"}],"author":[{"embeddable":true,"href":"https:\/\/ctainternacionales.org\/index.php?rest_route=\/wp\/v2\/users\/1"}],"replies":[{"embeddable":true,"href":"https:\/\/ctainternacionales.org\/index.php?rest_route=%2Fwp%2Fv2%2Fcomments&post=2867"}],"version-history":[{"count":3,"href":"https:\/\/ctainternacionales.org\/index.php?rest_route=\/wp\/v2\/posts\/2867\/revisions"}],"predecessor-version":[{"id":2871,"href":"https:\/\/ctainternacionales.org\/index.php?rest_route=\/wp\/v2\/posts\/2867\/revisions\/2871"}],"wp:attachment":[{"href":"https:\/\/ctainternacionales.org\/index.php?rest_route=%2Fwp%2Fv2%2Fmedia&parent=2867"}],"wp:term":[{"taxonomy":"category","embeddable":true,"href":"https:\/\/ctainternacionales.org\/index.php?rest_route=%2Fwp%2Fv2%2Fcategories&post=2867"},{"taxonomy":"post_tag","embeddable":true,"href":"https:\/\/ctainternacionales.org\/index.php?rest_route=%2Fwp%2Fv2%2Ftags&post=2867"}],"curies":[{"name":"wp","href":"https:\/\/api.w.org\/{rel}","templated":true}]}}