{"id":2860,"date":"2015-06-10T02:27:38","date_gmt":"2015-06-10T05:27:38","guid":{"rendered":"http:\/\/www.ctainternacionales.org\/?p=2860"},"modified":"2015-06-10T02:27:38","modified_gmt":"2015-06-10T05:27:38","slug":"el-paro-fue-una-decision-de-los-trabajadores","status":"publish","type":"post","link":"https:\/\/ctainternacionales.org\/?p=2860","title":{"rendered":"\u201cEl paro fue una decisi\u00f3n de los trabajadores\u201d"},"content":{"rendered":"<p style=\"text-align: justify;\"><span style=\"color: #336699;\"><a href=\"http:\/\/www.ctainternacionales.org\/wp-content\/uploads\/2015\/06\/paro080615a.jpg\"><img loading=\"lazy\" decoding=\"async\" class=\"aligncenter size-thumbnail wp-image-2861\" src=\"http:\/\/www.ctainternacionales.org\/wp-content\/uploads\/2015\/06\/paro080615a-307x211.jpg\" alt=\"paro080615a\" width=\"307\" height=\"211\" \/><\/a>Durante esta tarde, en la conferencia de prensa que se llev\u00f3 a cabo en la sede de la CGT, tanto Hugo Moyano como Pablo Micheli remarcaron que este \u201cparo fue una decisi\u00f3n de los trabajadores\u201d. Entre las principales reivindicaciones se cuentan el salario m\u00ednimo de 12 mil pesos, aumento de emergencia para los jubilados, el 82% y la derogaci\u00f3n del impuesto al salario. Pero tambi\u00e9n se habl\u00f3 de la urgente necesidad de que se termine con el hambre y la pobreza en un pa\u00eds que produce alimentos para 400 millones de persona<\/span><!--more--><\/p>\n<div class=\"crayon article-texte-16193 textoa\" style=\"text-align: justify;\">\n<p>Ante un auditorio lleno de medios de prensa, el secretario General de la CGT, Hugo Moyano, dijo: \u201cel paro ha tenido una adhesi\u00f3n muy importante que muestra la disconformidad de los trabajadores con las pol\u00edticas del gobierno\u201d, en relaci\u00f3n a la realidad que viven los jubilados, los trabajadores precarizados y los que ven licuado su salario por el impuesto al trabajo y la inflaci\u00f3n. \u201c\u00bfPor qu\u00e9 tienen que tener techo las discusiones paritarias, si la inflaci\u00f3n no tiene techo? Cuando le pongan techo a la inflaci\u00f3n le vamos a poner techo a las paritarias\u00bb, agreg\u00f3.<\/p>\n<p>El segundo orador fue Pablo Micheli quien reafirm\u00f3 la necesidad de derogar el impuesto al salario: \u201cEfectivamente estamos en contra de que le metan la mano en el bolsillo de los trabajadores que tienen un salario digno y lo convierten en indigno\u201d. En relaci\u00f3n a la situaci\u00f3n de la pobreza, Micheli agreg\u00f3: \u201chay 22 mil chicos desnutridos en Tucum\u00e1n, c\u00f3mo puede ir la Presidenta a la FAO a negar una realidad. La Presidenta deber\u00eda devolver el premio\u201d.<\/p>\n<p><span class=\"spip_document_21119 spip_documents spip_documents_right\"><img loading=\"lazy\" decoding=\"async\" src=\"http:\/\/www.agenciacta.org\/IMG\/jpg\/paro080615b.jpg\" alt=\"\" width=\"400\" height=\"300\" \/><\/span>Por otra parte, Micheli se\u00f1al\u00f3 que la CTA va a seguir peleando para que haya una \u201cdemocracia m\u00e1s participativa: son los trabajadores de la Argentina los que decidieron hacer este paro hoy\u201d. Antes de finalizar la conferencia, el secretario general de la CTA se\u00f1al\u00f3: \u201cDebe primar el sentido com\u00fan en el Gobierno, debe convocar al di\u00e1logo porque si no vamos a volver a la calle. Un pa\u00eds no puede desarrollarse si los trabajadores estamos castigados\u201d.<\/p>\n<p>Fotos: Fabi\u00e1n Piedras y Walter Piedras<\/p>\n<\/div>\n<div style=\"font-style: italic; text-align: justify;\">* Equipo de Comunicaci\u00f3n de la CTA<\/div>\n","protected":false},"excerpt":{"rendered":"Durante esta tarde, en la conferencia de prensa que se llev\u00f3 a cabo en la sede de la CGT, tanto Hugo Moyano como \n<a class=\"moretag\" href=\"https:\/\/ctainternacionales.org\/?p=2860\"> [...]<\/a>","protected":false},"author":1,"featured_media":0,"comment_status":"closed","ping_status":"closed","sticky":false,"template":"","format":"standard","meta":{"ngg_post_thumbnail":0,"footnotes":""},"categories":[],"tags":[],"class_list":["post-2860","post","type-post","status-publish","format-standard","hentry"],"_links":{"self":[{"href":"https:\/\/ctainternacionales.org\/index.php?rest_route=\/wp\/v2\/posts\/2860","targetHints":{"allow":["GET"]}}],"collection":[{"href":"https:\/\/ctainternacionales.org\/index.php?rest_route=\/wp\/v2\/posts"}],"about":[{"href":"https:\/\/ctainternacionales.org\/index.php?rest_route=\/wp\/v2\/types\/post"}],"author":[{"embeddable":true,"href":"https:\/\/ctainternacionales.org\/index.php?rest_route=\/wp\/v2\/users\/1"}],"replies":[{"embeddable":true,"href":"https:\/\/ctainternacionales.org\/index.php?rest_route=%2Fwp%2Fv2%2Fcomments&post=2860"}],"version-history":[{"count":1,"href":"https:\/\/ctainternacionales.org\/index.php?rest_route=\/wp\/v2\/posts\/2860\/revisions"}],"predecessor-version":[{"id":2862,"href":"https:\/\/ctainternacionales.org\/index.php?rest_route=\/wp\/v2\/posts\/2860\/revisions\/2862"}],"wp:attachment":[{"href":"https:\/\/ctainternacionales.org\/index.php?rest_route=%2Fwp%2Fv2%2Fmedia&parent=2860"}],"wp:term":[{"taxonomy":"category","embeddable":true,"href":"https:\/\/ctainternacionales.org\/index.php?rest_route=%2Fwp%2Fv2%2Fcategories&post=2860"},{"taxonomy":"post_tag","embeddable":true,"href":"https:\/\/ctainternacionales.org\/index.php?rest_route=%2Fwp%2Fv2%2Ftags&post=2860"}],"curies":[{"name":"wp","href":"https:\/\/api.w.org\/{rel}","templated":true}]}}