{"id":286,"date":"2011-11-21T17:10:37","date_gmt":"2011-11-21T17:10:37","guid":{"rendered":"http:\/\/www.ctainternacionales.org\/?p=286"},"modified":"2011-11-23T16:58:12","modified_gmt":"2011-11-23T16:58:12","slug":"argentina-debe-reconocer-a-la-republica-arabe-saharaui-democratica","status":"publish","type":"post","link":"https:\/\/ctainternacionales.org\/?p=286","title":{"rendered":"Argentina debe reconocer a la Rep\u00fablica \u00c1rabe Saharaui Democr\u00e1tica"},"content":{"rendered":"<p><img loading=\"lazy\" decoding=\"async\" class=\"alignnone size-thumbnail wp-image-290\" title=\"SAHARA\" src=\"http:\/\/www.ctainternacionales.org\/wp-content\/uploads\/2011\/11\/SAHARA1-307x230.jpg\" alt=\"\" width=\"307\" height=\"230\" \/>La lucha del pueblo saharaui es una pelea por el derecho a la autodeterminaci\u00f3n y a la independencia. Reclamo hist\u00f3rico que la CTA apoya y por el que el martes 22 realizar\u00e1 un encuentro en su sede nacional para establecer acciones y estrategias en pos de que la Argentina reconozca a la RASD.<!--more--><\/p>\n<p><em><strong><img loading=\"lazy\" decoding=\"async\" class=\"alignnone size-medium wp-image-292\" title=\"manifestantes-contra-la-represion-en-el-sahara-occidental\" src=\"http:\/\/www.ctainternacionales.org\/wp-content\/uploads\/2011\/11\/manifestantes-contra-la-represion-en-el-sahara-occidental-465x300.jpg\" alt=\"\" width=\"465\" height=\"300\" \/>La lucha del pueblo saharaui es una pelea por el derecho a la autodeterminaci\u00f3n y a la independencia. Reclamo hist\u00f3rico que la CTA apoya y por el que el martes 22 realizar\u00e1 un encuentro en su sede nacional para establecer acciones y estrategias en pos de que la Argentina reconozca a la RASD.<\/strong><\/em><\/p>\n<p>El martes 22 de noviembre, a las 14, se realizar\u00e1 en la sala de reuniones de la sede nacional de la Central de Trabajadores de la Argentina, Lima 609, la \u201cJornada Nacional por el pueblo Saharaui\u201d, con el objetivo de establecer acciones y estrategias en pos de que la Argentina reconozca a la Rep\u00fablica \u00c1rabe Saharaui Democr\u00e1tica (RASD).<\/p>\n<p>Estar\u00e1n presentes el Ministro de la RASD para las Relaciones con Am\u00e9rica Latina, Hash Ahmed; y el representante del Frente Polisario para la Argentina, Salem Bachir.<\/p>\n<p>La lucha del pueblo saharaui es una pelea por el derecho a la autodeterminaci\u00f3n y a la independencia. El de una naci\u00f3n que desde hace 36 a\u00f1os sufre la ocupaci\u00f3n sistem\u00e1tica de su territorio. Es un enclave colonial en el noroeste de Africa.<\/p>\n<p>La Rep\u00fablica Arabe Saharaui Democr\u00e1tica (RASD) proclam\u00f3 su independencia de Espa\u00f1a en 1976, pero luego, sendas ocupaciones de Marruecos y Mauritania (a quien logran expulsar en 1991), la obligaron a luchar por su derecho a la autodeterminaci\u00f3n. En 1991 se produjo un alto el fuego y el ingreso de una misi\u00f3n de la Organizaci\u00f3n de las Naciones Unidas (ONU), la Minurso, quien deb\u00eda garantizar la realizaci\u00f3n de un refer\u00e9ndum para avalar el estatus de naci\u00f3n, sin embargo, en 20 a\u00f1os de presencia jam\u00e1s la puso en pr\u00e1ctica. Con una poblaci\u00f3n de naturaleza n\u00f3mada que no llega a los 300 mil habitantes los saharauis han sufrido hostigamientos y la violaci\u00f3n flagrante de sus derechos humanos.<\/p>\n<p>Desde 1976, cuando Marruecos anexion\u00f3 el territorio, esta monarqu\u00eda comenz\u00f3 a construir un muro (menos publicitado, por cierto, que el que Israel edific\u00f3 en Cisjordania y el de los Estados Unidos en la frontera con M\u00e9xico), que delimita las \u00e1reas de control de Marruecos (al oeste) y del Frente Polisario (al este). El muro alcanz\u00f3 los 2.000 kil\u00f3metros de extensi\u00f3n, est\u00e1 sembrado por un campo de minas y custodiado por m\u00e1s de 100 mil soldados apoyados por carros de combate, artiller\u00eda y aviones. En noviembre de 2010 se produjo un violento desmantelamiento del campamento saharaui de Gdeim Izik por parte de las fuerzas de seguridad de ocupaci\u00f3n de Marruecos, con un saldo de 4.500 heridos, 2000 detenidos, y 500 desparecidos, entre ellos 15 ni\u00f1os de los cuales no se sabe su paradero.<\/p>\n<p>Manifest\u00f3 Adolfo Aguirre, secretario de Relaciones Internacionales: \u201cNecesitamos desplegar una estrategia conjunta para difundir la causa saharaui, que es nuestra causa, y para que la Argentina reconozca a la RASD como naci\u00f3n libre e independiente\u201d.<\/p>\n<p>En ese sentido, Hash Amed, ministro para las Relaciones con Am\u00e9rica Latina de la RASD explic\u00f3 la dificultad para que la Argentina reconozca a la RASD como naci\u00f3n \u201cen la fuerte presi\u00f3n que ejerce la Embajada marroqu\u00ed, que es muy activa, pero Argentina se atrevi\u00f3 a reconocer a Palestina a pesar de la fuerza de Israel, nuestros argumentos son los mismos que Palestina\u201d.<\/p>\n<p>El Ministro record\u00f3 que la RASD \u201ctiene relaciones con 84 pa\u00edses del mundo y nosotros hacemos un esfuerzo especial con Am\u00e9rica Latina, por nuestra identidad latina, nuestros lazos y por ser un peque\u00f1o pa\u00eds rodeado de naciones franc\u00f3fonas, \u00e1rabes e isl\u00e1micas\u201d.<\/p>\n<p>La naci\u00f3n saharaui tiene relaciones diplom\u00e1ticas con Uruguay, Paraguay, Bolivia, Venezuela, Per\u00fa, Colombia, M\u00e9xico, Ecuador, Panam\u00e1, Cuba, Sud\u00e1frica, Angola, Argelia y El Salvador, entre otros.<\/p>\n<p>&nbsp;<\/p>\n<p><em>(Mariano V\u00e1zquez &#8211; Bruno Dobrusin: 16.11.2011)<\/em><\/p>\n","protected":false},"excerpt":{"rendered":"La lucha del pueblo saharaui es una pelea por el derecho a la autodeterminaci\u00f3n y a la independencia. Reclamo hist\u00f3rico que la CTA \n<a class=\"moretag\" href=\"https:\/\/ctainternacionales.org\/?p=286\"> [...]<\/a>","protected":false},"author":1,"featured_media":0,"comment_status":"closed","ping_status":"closed","sticky":false,"template":"","format":"standard","meta":{"ngg_post_thumbnail":0,"footnotes":""},"categories":[],"tags":[],"class_list":["post-286","post","type-post","status-publish","format-standard","hentry"],"_links":{"self":[{"href":"https:\/\/ctainternacionales.org\/index.php?rest_route=\/wp\/v2\/posts\/286","targetHints":{"allow":["GET"]}}],"collection":[{"href":"https:\/\/ctainternacionales.org\/index.php?rest_route=\/wp\/v2\/posts"}],"about":[{"href":"https:\/\/ctainternacionales.org\/index.php?rest_route=\/wp\/v2\/types\/post"}],"author":[{"embeddable":true,"href":"https:\/\/ctainternacionales.org\/index.php?rest_route=\/wp\/v2\/users\/1"}],"replies":[{"embeddable":true,"href":"https:\/\/ctainternacionales.org\/index.php?rest_route=%2Fwp%2Fv2%2Fcomments&post=286"}],"version-history":[{"count":6,"href":"https:\/\/ctainternacionales.org\/index.php?rest_route=\/wp\/v2\/posts\/286\/revisions"}],"predecessor-version":[{"id":399,"href":"https:\/\/ctainternacionales.org\/index.php?rest_route=\/wp\/v2\/posts\/286\/revisions\/399"}],"wp:attachment":[{"href":"https:\/\/ctainternacionales.org\/index.php?rest_route=%2Fwp%2Fv2%2Fmedia&parent=286"}],"wp:term":[{"taxonomy":"category","embeddable":true,"href":"https:\/\/ctainternacionales.org\/index.php?rest_route=%2Fwp%2Fv2%2Fcategories&post=286"},{"taxonomy":"post_tag","embeddable":true,"href":"https:\/\/ctainternacionales.org\/index.php?rest_route=%2Fwp%2Fv2%2Ftags&post=286"}],"curies":[{"name":"wp","href":"https:\/\/api.w.org\/{rel}","templated":true}]}}