{"id":2846,"date":"2015-06-05T15:54:10","date_gmt":"2015-06-05T18:54:10","guid":{"rendered":"http:\/\/www.ctainternacionales.org\/?p=2846"},"modified":"2015-06-05T15:55:33","modified_gmt":"2015-06-05T18:55:33","slug":"conferencia-internacional-sobre-la-deuda-y-los-bienes-comunes","status":"publish","type":"post","link":"https:\/\/ctainternacionales.org\/?p=2846","title":{"rendered":"Conferencia Internacional sobre la deuda y los bienes comunes"},"content":{"rendered":"<p><span style=\"color: #336699;\"><a href=\"http:\/\/www.ctainternacionales.org\/wp-content\/uploads\/2015\/06\/conf_intern.jpg\"><img loading=\"lazy\" decoding=\"async\" class=\"aligncenter size-thumbnail wp-image-2847\" src=\"http:\/\/www.ctainternacionales.org\/wp-content\/uploads\/2015\/06\/conf_intern-307x184.jpg\" alt=\"conf_intern\" width=\"307\" height=\"184\" \/><\/a>Con la presencia de compa\u00f1eros y compa\u00f1eras de todo el pa\u00eds y visitantes de toda Am\u00e9rica Latina y algunos pa\u00edses de Europa, comenz\u00f3 en la tarde de ayer la Primera Conferencia Internacional Deuda, bienes comunes y dominaci\u00f3n, resistencias y alternativas hacia el bien com\u00fan. La apertura cont\u00f3 con la participaci\u00f3n de Adolfo P\u00e9rez Esquivel, Pablo Micheli, Nora Corti\u00f1as, Sacha Llorenti (embajador boliviano ante la ONU), Camile Chalmers, de Hait\u00ed, Jerome Duval (miembro del CADTM) y Cachorro Godoy, bajo la coordinaci\u00f3n de Julio Gambina.<\/span><!--more--><\/p>\n<div class=\"crayon article-texte-16133 textoa crayon-init crayon-autorise crayon-hover\">\n<p>\u00abDiscutir la deuda externa es discutir este modelo de desarrollo. El pago recae sobre las espaldas de los m\u00e1s pobres. Es un sistema que sirve para sostener la dominaci\u00f3n y la pobreza\u00bb, abri\u00f3 el panel Hugo \u00abCachorro\u00bb Godoy, Secretario General Adjunto de ATE Nacional.<\/p>\n<p>\u201cNo existe la voluntad pol\u00edtica de este gobierno, a quien le hemos entregado informes y pedido reuniones que fueron negadas, de pagar la deuda\u201d, comenz\u00f3 sus palabras Adolfo P\u00e9rez Esquivel. El Premio Nobel de la Paz se\u00f1al\u00f3 que \u201cla deuda sigue afectando la vida de nuestro pueblo: el hambre, las empresas multinacionales ingresan al pa\u00eds con grandes beneficios para la explotaci\u00f3n de las riquezas como Monsanto y las megamineras\u201d.<\/p>\n<p>En relaci\u00f3n a la construcci\u00f3n ciudadana P\u00e9rez Esquivel agreg\u00f3: \u201cTenemos una democracia delegativa en donde los gobiernos hacen lo que quieren y no lo que deben. Tenemos que trabajar por una democracia participativa en donde el pueblo pueda tener injerencia. La Argentina no es un pa\u00eds pobre, igual que los pa\u00edses de \u00c1frica, no son pobres, son empobrecidos. Estamos frente a un desaf\u00edo muy grande, trabajar en la resistencia y cambiar esta situaci\u00f3n para la vida de nuestros pueblos\u201d.<\/p>\n<p>En representaci\u00f3n de Eric Tousaint, quien no pudo viajar por estar trabajando en la auditor\u00eda de la deuda en Grecia, Jerome Duval, dijo que \u201cen nombre de la deuda se disminuyen los derechos de los trabajadores y trabajadoras, aumenta el desempleo, se bajan las pensiones, se recortan los servicios p\u00fablicos, han reaparecido enfermedades desaparecidas como la s\u00edfilis: la deuda mata\u201d.<\/p>\n<p>El siguiente orador fue Camile Chalmers, en representaci\u00f3n de Hait\u00ed: \u201ces un gran placer estar aqu\u00ed en Buenos Aires, agradecemos todo el acompa\u00f1amiento recibido en Hait\u00ed por todos ustedes contra la Minustah, gracias desde el Caribe de Mart\u00ed, el Caribe de Bol\u00edvar, el Caribe de Ch\u00e1vez\u201d.<\/p>\n<p>Chalmers subray\u00f3 que \u201cen el Caribe hay muchos recursos de biodiversidad pero tambi\u00e9n hay proyectos de resistencia y de rebeld\u00eda como la Revoluci\u00f3n Cubana y la Bolivariana y es por esto que est\u00e1 la Minustah y las bases militares. En esta lucha contra la dominaci\u00f3n de la deuda, es imprescindible aunar todos los frentes de lucha. Desde el Caribe ha surgido una propuesta, firmada por 14 pa\u00edses para exigir la restituci\u00f3n de la deuda de la esclavitud. Tenemos que crear nuevos espacios de soberan\u00eda como el Banco del Sur\u201d.<\/p>\n<p>Julio Gambina resalt\u00f3 la presencia de compa\u00f1eros de Chile, de Bolivia, de Paraguay, de Venezuela, de Brasil, de B\u00e9lgica, de Uruguay, de Ecuador, de Argentina y agradeci\u00f3 el acompa\u00f1amiento en el auditorio de V\u00edctor De Gennaro y de Claudio Lozano, adem\u00e1s de dirigentes provinciales, nacionales y de la Mesa Nacional de la CTA.<\/p>\n<p>El siguiente expositor fue Sacha Llorenti, embajador boliviano ante la ONU quien destac\u00f3 que el hecho de representar a Bolivia ante las Naciones Unidas no era una cuesti\u00f3n burocr\u00e1tica: \u201cEstamos ah\u00ed para luchar contra el capitalismo y el imperialismo. El a\u00f1o pasado Bolivia presid\u00eda el G77, el grupo m\u00e1s importante de Naciones Unidas, es un grupo fundado por el Che Guevara. Este tipo de debates son imprescindibles, el tema de la deuda est\u00e1 \u00edntimamente relacionado a la salud de nuestra democracia, a la educaci\u00f3n, a la salud, a la vivienda, al alimento\u201d, explic\u00f3 Llorenti.<\/p>\n<p>El encargado de cerrar el panel de apertura fue Pablo Micheli: \u201cEl a\u00f1o pasado cuando \u00c9ric Toussaint visitaba la argentina y fue a la CTA, pensamos en hacer un evento internacional sobre el tema de la deuda y poder, m\u00e1s adelante, llevar adelante una consulta popular. Para nuestra Central es un salto cualitativo llevar adelante este encuentro. Nuestra Central es clasista, antiimperialista y anticapitalista. Para transformar las cosas, el tema de la deuda debe ser una tarea fundamental porque con la deuda ning\u00fan pueblo se puede desarrollar. Debemos hacer que todos los pa\u00edses de Letinoam\u00e9rica copien el ejemplo de Argentina de retirar de las tropa de Hait\u00ed y que Argentina se vaya del CIADI. Hace 54 a\u00f1os en la OEA fue el Che Guevara, Ministro de Finanzas, quien dio un discurso que pas\u00f3 a la historia\u201d.<\/p>\n<p>Durante el segundo panel expusieron Beverly Keene, Alejandro Olmos Gaona, H\u00e9ctor Giuliano, Carlos Aramayo, Camilo Rodr\u00edguez Berrutti, Graciela Gonz\u00e1lez y Claudio Lozano. Hoy y el viernes habr\u00e1 paneles y talleres sobre la deuda externa y c\u00f3mo seguir construyendo la resistencia popular.<\/p>\n<\/div>\n<div style=\"font-style: italic;\">* Equipo de Comunicaci\u00f3n de la CTA<\/div>\n","protected":false},"excerpt":{"rendered":"Con la presencia de compa\u00f1eros y compa\u00f1eras de todo el pa\u00eds y visitantes de toda Am\u00e9rica Latina y algunos pa\u00edses de Europa, comenz\u00f3 \n<a class=\"moretag\" href=\"https:\/\/ctainternacionales.org\/?p=2846\"> [...]<\/a>","protected":false},"author":1,"featured_media":0,"comment_status":"closed","ping_status":"closed","sticky":false,"template":"","format":"standard","meta":{"ngg_post_thumbnail":0,"footnotes":""},"categories":[],"tags":[],"class_list":["post-2846","post","type-post","status-publish","format-standard","hentry"],"_links":{"self":[{"href":"https:\/\/ctainternacionales.org\/index.php?rest_route=\/wp\/v2\/posts\/2846","targetHints":{"allow":["GET"]}}],"collection":[{"href":"https:\/\/ctainternacionales.org\/index.php?rest_route=\/wp\/v2\/posts"}],"about":[{"href":"https:\/\/ctainternacionales.org\/index.php?rest_route=\/wp\/v2\/types\/post"}],"author":[{"embeddable":true,"href":"https:\/\/ctainternacionales.org\/index.php?rest_route=\/wp\/v2\/users\/1"}],"replies":[{"embeddable":true,"href":"https:\/\/ctainternacionales.org\/index.php?rest_route=%2Fwp%2Fv2%2Fcomments&post=2846"}],"version-history":[{"count":1,"href":"https:\/\/ctainternacionales.org\/index.php?rest_route=\/wp\/v2\/posts\/2846\/revisions"}],"predecessor-version":[{"id":2848,"href":"https:\/\/ctainternacionales.org\/index.php?rest_route=\/wp\/v2\/posts\/2846\/revisions\/2848"}],"wp:attachment":[{"href":"https:\/\/ctainternacionales.org\/index.php?rest_route=%2Fwp%2Fv2%2Fmedia&parent=2846"}],"wp:term":[{"taxonomy":"category","embeddable":true,"href":"https:\/\/ctainternacionales.org\/index.php?rest_route=%2Fwp%2Fv2%2Fcategories&post=2846"},{"taxonomy":"post_tag","embeddable":true,"href":"https:\/\/ctainternacionales.org\/index.php?rest_route=%2Fwp%2Fv2%2Ftags&post=2846"}],"curies":[{"name":"wp","href":"https:\/\/api.w.org\/{rel}","templated":true}]}}