{"id":2842,"date":"2015-06-05T15:46:58","date_gmt":"2015-06-05T18:46:58","guid":{"rendered":"http:\/\/www.ctainternacionales.org\/?p=2842"},"modified":"2015-06-05T15:46:58","modified_gmt":"2015-06-05T18:46:58","slug":"reclamo-en-la-oit-por-recorte-al-derecho-de-huelga","status":"publish","type":"post","link":"https:\/\/ctainternacionales.org\/?p=2842","title":{"rendered":"Reclamo en la OIT por recorte al derecho de huelga"},"content":{"rendered":"<p style=\"text-align: justify;\"><span style=\"color: #336699;\"><a href=\"http:\/\/www.ctainternacionales.org\/wp-content\/uploads\/2015\/06\/con_Karen_Curtis_en_OIT.jpg\"><img loading=\"lazy\" decoding=\"async\" class=\"aligncenter size-thumbnail wp-image-2844\" src=\"http:\/\/www.ctainternacionales.org\/wp-content\/uploads\/2015\/06\/con_Karen_Curtis_en_OIT-307x172.jpg\" alt=\"con_Karen_Curtis_en_OIT\" width=\"307\" height=\"172\" \/><\/a>En el marco de las deliberaciones de la 104\u00aa Conferencia Internacional del Trabajo, dirigentes de la Federaci\u00f3n Sindical de Profesionales de la Salud de la Rep\u00fablica Argentina (FESPROSA-CTA) que integran la delegaci\u00f3n de la CTA, reclamaron por el fuerte recorte de derechos realizado por el gobierno de Mendoza a los profesionales de la salud nucleados en AMPROS.<\/span><!--more--><\/p>\n<p style=\"text-align: justify;\">El accionar del gobierno mendocino contra los derechos laborales y la libertad sindical es considerado un caso testigo y el m\u00e1ximo exponente de un cuestionamiento m\u00e1s que general, que se ha venido expresando en distintas provincias en ocasi\u00f3n de conflictos en el \u00e1rea de la salud.<\/p>\n<p style=\"text-align: justify;\">Los trabajadores de la salud han sufrido la violaci\u00f3n reiterada del convenio colectivo de trabajo consistente en: nuevas legislaciones que limitan la jornada de trabajo, transforman haberes en blanco en sueldos precarizados, destruyen el r\u00e9gimen de concursos y producen un recorte salarial que afecta a los profesionales con m\u00e1s carga horaria y antig\u00fcedad.<\/p>\n<p style=\"text-align: justify;\">Estas medidas han sido coronadas con una ley que bloquea el derecho a huelga a los fines de ilegalizar los conflictos. Estos hechos vulneran los convenios 87, 98, 151, 154 y 155 de la OIT, ratificados por la Argentina. Adem\u00e1s el sindicato fue multado por ejercer el elemental derecho a movilizar en las calles.<\/p>\n<p style=\"text-align: justify;\">En el marco de la actual conferencia se reforz\u00f3 el reclamo que se hab\u00eda presentado en el mes de febrero ante la OIT, en momentos en que justamente el cuestionamiento al derecho de huelga es uno de los debates candentes tambi\u00e9n en este \u00e1mbito internacional.<\/p>\n<p style=\"text-align: justify;\">Isabel del P\u00f3polo, Secretaria General de AMPROS y Vicepresidenta de la FESPROSA junto a Guillermo Pacagnini, Secretario Gremial de la FESPROSA y Secretario de Condiciones y Medio Ambiente del Trabajo de la CTA y Carlos Alico, Asesor Legal de AMPROS se entrevistaron con el delegado titular de los trabajadores en el Comit\u00e9 de libertad sindical y luego, junto a la delegaci\u00f3n de la CTA mantuvieron una fruct\u00edfera reuni\u00f3n con Karen Curtis, Directora del Departamento de libertad sindical de la OIT.<\/p>\n<p style=\"text-align: justify;\">Adem\u00e1s de los dirigentes de la salud, participaron Jos\u00e9 Rigane, Secretario Adjunto de la Central, Daniel Jorajur\u00eda, Secretario Gremial, Horacio Meguira y Luis Campos del Observatorio jur\u00eddico de la CTA.<\/p>\n<p style=\"text-align: justify;\">Adem\u00e1s de ampliar la presentaci\u00f3n del recurso, se aportaron datos para reforzar la denuncia de esta preocupante avanzada contra los derechos de los trabajadores.<\/p>\n","protected":false},"excerpt":{"rendered":"En el marco de las deliberaciones de la 104\u00aa Conferencia Internacional del Trabajo, dirigentes de la Federaci\u00f3n Sindical de Profesionales de la Salud \n<a class=\"moretag\" href=\"https:\/\/ctainternacionales.org\/?p=2842\"> [...]<\/a>","protected":false},"author":1,"featured_media":0,"comment_status":"closed","ping_status":"closed","sticky":false,"template":"","format":"standard","meta":{"ngg_post_thumbnail":0,"footnotes":""},"categories":[],"tags":[],"class_list":["post-2842","post","type-post","status-publish","format-standard","hentry"],"_links":{"self":[{"href":"https:\/\/ctainternacionales.org\/index.php?rest_route=\/wp\/v2\/posts\/2842","targetHints":{"allow":["GET"]}}],"collection":[{"href":"https:\/\/ctainternacionales.org\/index.php?rest_route=\/wp\/v2\/posts"}],"about":[{"href":"https:\/\/ctainternacionales.org\/index.php?rest_route=\/wp\/v2\/types\/post"}],"author":[{"embeddable":true,"href":"https:\/\/ctainternacionales.org\/index.php?rest_route=\/wp\/v2\/users\/1"}],"replies":[{"embeddable":true,"href":"https:\/\/ctainternacionales.org\/index.php?rest_route=%2Fwp%2Fv2%2Fcomments&post=2842"}],"version-history":[{"count":1,"href":"https:\/\/ctainternacionales.org\/index.php?rest_route=\/wp\/v2\/posts\/2842\/revisions"}],"predecessor-version":[{"id":2845,"href":"https:\/\/ctainternacionales.org\/index.php?rest_route=\/wp\/v2\/posts\/2842\/revisions\/2845"}],"wp:attachment":[{"href":"https:\/\/ctainternacionales.org\/index.php?rest_route=%2Fwp%2Fv2%2Fmedia&parent=2842"}],"wp:term":[{"taxonomy":"category","embeddable":true,"href":"https:\/\/ctainternacionales.org\/index.php?rest_route=%2Fwp%2Fv2%2Fcategories&post=2842"},{"taxonomy":"post_tag","embeddable":true,"href":"https:\/\/ctainternacionales.org\/index.php?rest_route=%2Fwp%2Fv2%2Ftags&post=2842"}],"curies":[{"name":"wp","href":"https:\/\/api.w.org\/{rel}","templated":true}]}}