{"id":2839,"date":"2015-06-05T15:41:51","date_gmt":"2015-06-05T18:41:51","guid":{"rendered":"http:\/\/www.ctainternacionales.org\/?p=2839"},"modified":"2015-06-05T15:41:51","modified_gmt":"2015-06-05T18:41:51","slug":"la-cta-participo-en-una-reunion-regional-sobre-migracion-y-trabajo","status":"publish","type":"post","link":"https:\/\/ctainternacionales.org\/?p=2839","title":{"rendered":"La CTA particip\u00f3 en una Reuni\u00f3n Regional sobre migraci\u00f3n y trabajo"},"content":{"rendered":"<p style=\"text-align: justify;\"><span style=\"color: #336699;\"><a href=\"http:\/\/www.ctainternacionales.org\/wp-content\/uploads\/2015\/06\/csa-2.jpg\"><img loading=\"lazy\" decoding=\"async\" class=\"aligncenter size-thumbnail wp-image-2840\" src=\"http:\/\/www.ctainternacionales.org\/wp-content\/uploads\/2015\/06\/csa-2-307x229.jpg\" alt=\"csa-2\" width=\"307\" height=\"229\" \/><\/a>Durante los d\u00edas 25 y 26 de mayo la CTA particip\u00f3 de la Reuni\u00f3n Regional \u201cMigraci\u00f3n una cuesti\u00f3n de trabajado decente\u201d, convocada por la Confederaci\u00f3n Sindical de las Am\u00e9ricas (CSA) en la Ciudad de San Jos\u00e9, Costa Rica<\/span><!--more--><\/p>\n<p style=\"text-align: justify;\">Con la presencia de delegaciones de Argentina, Brasil, Colombia, Costa Rica, Guatemala, Nicaragua y Hait\u00ed, se caracteriz\u00f3 la situaci\u00f3n de las migraciones en el mundo, especialmente en Am\u00e9rica Latina y las acciones que se vienen llevando adelante desde el movimiento sindical.<\/p>\n<p style=\"text-align: justify;\">Carolina Ocar, en representaci\u00f3n de la CTA-A, plante\u00f3 que \u201cadem\u00e1s de las terribles situaciones acontecidas en Europa, donde miles de africanos siguen muriendo, resulta muy oportuno abordar en este lugar la sistem\u00e1tica violaci\u00f3n a los derechos humanos que viven a diario ni\u00f1os y ni\u00f1as \u2013hijos de nuestra clase- sobre todo de Am\u00e9rica Central, que intentando migrar solos hacia los Estados Unidos, son detenidos y sometidos a las peores condiciones. As\u00ed la migraci\u00f3n no s\u00f3lo se feminiza, tambi\u00e9n se infantiliza\u201d.<\/p>\n<p style=\"text-align: justify;\">En el marco de las exposiciones se concluy\u00f3 que a nivel regional existen pocas ratificaciones a los convenios OIT que abordan la protecci\u00f3n de trabajadores migrantes; solo Venezuela ratific\u00f3 todos los convenios, mientras que Uruguay y Brasil ratificaron el convenio 97. Contrariamente la Convenci\u00f3n de las Naciones Unidas para la Migraci\u00f3n, ha logrado m\u00e1s ratificaciones; todo el Mercosur excepto Brasil.<\/p>\n<p style=\"text-align: justify;\">La situaci\u00f3n en cuanto a la legislaci\u00f3n en los pa\u00edses de la regi\u00f3n es diversa. En algunos la ley de migraciones es buena y necesita materializaci\u00f3n, son los casos de Argentina y Uruguay. Brasil, est\u00e1 en un proceso de actualizaci\u00f3n de su legislaci\u00f3n proveniente de la \u00faltima dictadura, mientras algunos pa\u00edses, como Chile, siguen manteniendo leyes que criminalizan la migraci\u00f3n. En relaci\u00f3n a los acuerdos regionales se analiz\u00f3 que existen algunos avances, por ejemplo en el marco del Mercosur, la obtenci\u00f3n del derecho a residencia por 2 a\u00f1os y el acuerdo multilateral de seguridad social, \u201cestos logros son fruto de a\u00f1os de trabajo, pero los y las migrantes no los conocen, debemos elaborar campa\u00f1as de difusi\u00f3n de los derechos\u201d, afirm\u00f3 Carolina Ocar.<\/p>\n<p style=\"text-align: justify;\">Entre las principales l\u00edneas de trabajo se acord\u00f3 la profundizaci\u00f3n de la pelea contra la informalidad y precarizaci\u00f3n laboral, y la transversalidad de algunos temas como la superexplotaci\u00f3n, el trabajo esclavo, la trata de personas, la discriminaci\u00f3n y el trabajo infantil.<\/p>\n","protected":false},"excerpt":{"rendered":"Durante los d\u00edas 25 y 26 de mayo la CTA particip\u00f3 de la Reuni\u00f3n Regional \u201cMigraci\u00f3n una cuesti\u00f3n de trabajado decente\u201d, convocada por \n<a class=\"moretag\" href=\"https:\/\/ctainternacionales.org\/?p=2839\"> [...]<\/a>","protected":false},"author":1,"featured_media":0,"comment_status":"closed","ping_status":"closed","sticky":false,"template":"","format":"standard","meta":{"ngg_post_thumbnail":0,"footnotes":""},"categories":[],"tags":[],"class_list":["post-2839","post","type-post","status-publish","format-standard","hentry"],"_links":{"self":[{"href":"https:\/\/ctainternacionales.org\/index.php?rest_route=\/wp\/v2\/posts\/2839","targetHints":{"allow":["GET"]}}],"collection":[{"href":"https:\/\/ctainternacionales.org\/index.php?rest_route=\/wp\/v2\/posts"}],"about":[{"href":"https:\/\/ctainternacionales.org\/index.php?rest_route=\/wp\/v2\/types\/post"}],"author":[{"embeddable":true,"href":"https:\/\/ctainternacionales.org\/index.php?rest_route=\/wp\/v2\/users\/1"}],"replies":[{"embeddable":true,"href":"https:\/\/ctainternacionales.org\/index.php?rest_route=%2Fwp%2Fv2%2Fcomments&post=2839"}],"version-history":[{"count":1,"href":"https:\/\/ctainternacionales.org\/index.php?rest_route=\/wp\/v2\/posts\/2839\/revisions"}],"predecessor-version":[{"id":2841,"href":"https:\/\/ctainternacionales.org\/index.php?rest_route=\/wp\/v2\/posts\/2839\/revisions\/2841"}],"wp:attachment":[{"href":"https:\/\/ctainternacionales.org\/index.php?rest_route=%2Fwp%2Fv2%2Fmedia&parent=2839"}],"wp:term":[{"taxonomy":"category","embeddable":true,"href":"https:\/\/ctainternacionales.org\/index.php?rest_route=%2Fwp%2Fv2%2Fcategories&post=2839"},{"taxonomy":"post_tag","embeddable":true,"href":"https:\/\/ctainternacionales.org\/index.php?rest_route=%2Fwp%2Fv2%2Ftags&post=2839"}],"curies":[{"name":"wp","href":"https:\/\/api.w.org\/{rel}","templated":true}]}}