{"id":2831,"date":"2015-06-01T16:27:10","date_gmt":"2015-06-01T19:27:10","guid":{"rendered":"http:\/\/www.ctainternacionales.org\/?p=2831"},"modified":"2015-06-01T16:27:48","modified_gmt":"2015-06-01T19:27:48","slug":"ginebra-la-delegacion-de-la-cta-a-preparada-para-la-conferencia-en-la-oit","status":"publish","type":"post","link":"https:\/\/ctainternacionales.org\/?p=2831","title":{"rendered":"GINEBRA  la delegaci\u00f3n de la CTA A preparada para la conferencia en la OIT"},"content":{"rendered":"<p style=\"text-align: justify;\">104\u00aa Conferencia Internacional del Trabajo<\/p>\n<p style=\"text-align: justify;\"><a href=\"http:\/\/www.ctainternacionales.org\/wp-content\/uploads\/2015\/06\/carlos_lopez_cordinador_general_de_cbst_y_delegado_de_los_trabajadores_ante_la__101_conferencia_de_la_oit_7.jpg\"><img loading=\"lazy\" decoding=\"async\" class=\"aligncenter size-thumbnail wp-image-2832\" src=\"http:\/\/www.ctainternacionales.org\/wp-content\/uploads\/2015\/06\/carlos_lopez_cordinador_general_de_cbst_y_delegado_de_los_trabajadores_ante_la__101_conferencia_de_la_oit_7-307x230.jpg\" alt=\"carlos_lopez_cordinador_general_de_cbst_y_delegado_de_los_trabajadores_ante_la__101_conferencia_de_la_oit_7\" width=\"307\" height=\"230\" \/><\/a>Por Daniel Jorajuria.<\/p>\n<p style=\"text-align: justify;\">Comenzaron en GINEBRA-SUIZA, este domingo, las reuniones preparatorias del grupo trabajador de cara al inicio oficial de la Conferencia Internacional del Trabajo que tendr\u00e1 lugar del 1o. al 13 de junio en esta ciudad.<\/p>\n<p style=\"text-align: justify;\">Las reuniones tuvieron lugar: por la ma\u00f1ana, el grupo de la CSI en el edificio de la OIT y por la tarde, en el Palacio de las Naciones todo el grupo Trabajador, debati\u00f3 sobre estrategias y design\u00f3 las autoridades a la Conferencia.<\/p>\n<p style=\"text-align: justify;\">La CTA-A estuvo representada por el Sec: Gremial, Daniel Jorajuria y el Sec. de Condiciones y Medio Ambiente del Trabajo, Guillermo Pacagnini. A partir de ma\u00f1ana se incorporan a la delegaci\u00f3n el Sec. Adjunto, Jos\u00e9 Rigane: el Sec. De DD.HH Hugo Blasco; la Sec. Adjunta de FESPROSA, Mar\u00eda Isabel Del Popolo; el Director Jur\u00eddico, Horacio Meguira y el Director del ODS, Luis Campos y el Dr. Carlos Alico.<\/p>\n<p style=\"text-align: justify;\">Esta \u201cconferencia de v\u00eda rapida\u00bb como se la ha denominado por ser de dos semanas, antes era de tres, implica en este nuevo formato de funcionamiento intensivo durante 14 d\u00edas todo un desaf\u00edo para la OIT.<\/p>\n<p style=\"text-align: justify;\">Este a\u00f1o no tendr\u00e1 definici\u00f3n el debate que ha tenido en vilo a la OIT, desde el 2012, sobre el Derecho de Huelga, Una discusi\u00f3n forzada por la oficina que lo \u00fanico que logr\u00f3 fue posicionar y legitimar los Estados y Empleadores en la discusi\u00f3n de un Derecho Humano privado de los trabajadores. Dicha definici\u00f3n se posterg\u00f3 por dos a\u00f1os de com\u00fan acuerdo entre empleadores y trabajadores. El dato mas importante sobre el tema es que la mayor\u00eda de los gobiernos reconocieran a trav\u00e9s de un documento, que el Derecho de Huelga est\u00e1 comprendido en el Convenio 87.<\/p>\n<p style=\"text-align: justify;\">Los Empleadores dicen que no hay Derecho de Huelga Internacional reconocido tripartitamente, que s\u00f3lo hay reconocimiento en los pa\u00edses y para ello habr\u00eda que hacer una nueva Norma. Eso no lo podemos aceptar y ser\u00eda peligros\u00edsimo. Nosotros tenemos Norma, tenemos Derecho Consuetudinario y Jurisprudencia de mas de 60 a\u00f1os y no podemos aceptar abrir un debate en el cual vuelvan a posicionarse Gobiernos y Empleadores para restringirlo mas all\u00e1 de los servicios esenciales. A estos debates hay que contestarle ejerciendo el Derecho con mas huelga como la que realizaremos el 9 de junio, CGT, CTA-A en La Argentina.<\/p>\n<p style=\"text-align: justify;\">EL PROGRAMA DE LA CONFERENCIA.<\/p>\n<p style=\"text-align: justify;\">En la jornada inaugural tendremos: elecci\u00f3n del presidente de la Conferencia y su discurso; Informe del Presidente del Consejo de Administraci\u00f3n y Memorias del Director General, Propuesta de Programa y Presupuesto para 2016-2017 y discursos de los presidente de los Trabajadores y Empleadores.<\/p>\n<p style=\"text-align: justify;\">A continuaci\u00f3n dar\u00e1 comienzo del trabajo en las comisiones: la primera aprobar\u00e1 una Recomendaci\u00f3n sobre la Facilitaci\u00f3n de la Transici\u00f3n de la econom\u00eda informal a la econom\u00eda formal.<\/p>\n<p style=\"text-align: justify;\">La segunda comisi\u00f3n abordar\u00e1 el tema de Peque\u00f1a y Mediana Empresas y creaci\u00f3n de empleo decente y productivo.<\/p>\n<p style=\"text-align: justify;\">La tercera Comisi\u00f3n debatir\u00e1 la Protecci\u00f3n de los trabajadores en un mundo de trabajo en transformaci\u00f3n.<\/p>\n<p style=\"text-align: justify;\">Por \u00faltimo la Comisi\u00f3n de Aplicaci\u00f3n de Normas (CAN) examinar\u00e1 la informaci\u00f3n y las memorias presentadas por los Gobiernos. Y analizar\u00e1 los casos de 25 pa\u00edses por las violaciones de dichos Convenios.<\/p>\n<p style=\"text-align: justify;\">Por \u00faltimo esta misma Comisi\u00f3n en su estudio general debatir\u00e1 sobre el Derecho de Asociaci\u00f3n en la Agricultura y Recomendaciones sobre la organizaci\u00f3n de los trabajadores Rurales.<\/p>\n<p style=\"text-align: justify;\">En paralelo se desarrollar\u00e1n eventos de alto nivel: viernes 5, ante los acontecimientos desencadenados en Siria, Yemen y otros pa\u00edses as\u00ed como otras tragedias sucedidas en lo mares del Mediterr\u00e1neo y de Andam\u00e1n se vi\u00f3 la necesidad imperiosa de que se atienda con car\u00e1cter de urgencia a las necesidades Humanitarias sociales y econ\u00f3micas de los migrantes y Refugiados por esta raz\u00f3n se realizara un evento para abordar la protecci\u00f3n de los trabajadores Migrantes y la gesti\u00f3n de la Migraci\u00f3n Laboral.<\/p>\n<p style=\"text-align: justify;\">El jueves 11 en el Palacio de las Naciones se desarrollar\u00e1 una\u201d CUMBRE SOBRE EL MUNDO DEL TRABAJO \u201c<\/p>\n<p style=\"text-align: justify;\">C\u00f3mo ser\u00e1 el Trabajo del Futuro ? C\u00f3mo ser\u00e1 la Negociaci\u00f3n Colectiva del Futuro ?<\/p>\n<p style=\"text-align: justify;\">Tambi\u00e9n ac\u00e1 se abordar\u00e1 \u201c EL CAMBIO CLIMATICO Y EL MUNDO DEL TRABAJO \u201c<\/p>\n<p style=\"text-align: justify;\">Han confirmado su presencia en este debate junto a Sharan Burrow, los Ministros de trabajo de Senegal, Estados Unidos, Colombia y los presidentes Ghana, de Panam\u00e1, el Premio Novel de la Paz y el cierre estelar del Presidente de Francia<\/p>\n<p style=\"text-align: justify;\">Sr. Francois Hollande.<\/p>\n<p style=\"text-align: justify;\">Por \u00faltimo el viernes 12 el dia Mundial contra el Trabajo Infantil, se realizar\u00e1 un evento sobre el tema NO AL TRABAJO INFANTIL, SI A LA EDUCACION DE CALIDAD.<\/p>\n<p style=\"text-align: justify;\">El 13 de junio tendr\u00e1 lugar la Ceremonia de Clausura de la 104 a. Conferencia Internacional del Trabajo.<\/p>\n<p style=\"text-align: justify;\">Por Daniel Jorajuria.<\/p>\n","protected":false},"excerpt":{"rendered":"104\u00aa Conferencia Internacional del Trabajo Por Daniel Jorajuria. Comenzaron en GINEBRA-SUIZA, este domingo, las reuniones preparatorias del grupo trabajador de cara al inicio \n<a class=\"moretag\" href=\"https:\/\/ctainternacionales.org\/?p=2831\"> [...]<\/a>","protected":false},"author":1,"featured_media":0,"comment_status":"closed","ping_status":"closed","sticky":false,"template":"","format":"standard","meta":{"ngg_post_thumbnail":0,"footnotes":""},"categories":[],"tags":[],"class_list":["post-2831","post","type-post","status-publish","format-standard","hentry"],"_links":{"self":[{"href":"https:\/\/ctainternacionales.org\/index.php?rest_route=\/wp\/v2\/posts\/2831","targetHints":{"allow":["GET"]}}],"collection":[{"href":"https:\/\/ctainternacionales.org\/index.php?rest_route=\/wp\/v2\/posts"}],"about":[{"href":"https:\/\/ctainternacionales.org\/index.php?rest_route=\/wp\/v2\/types\/post"}],"author":[{"embeddable":true,"href":"https:\/\/ctainternacionales.org\/index.php?rest_route=\/wp\/v2\/users\/1"}],"replies":[{"embeddable":true,"href":"https:\/\/ctainternacionales.org\/index.php?rest_route=%2Fwp%2Fv2%2Fcomments&post=2831"}],"version-history":[{"count":1,"href":"https:\/\/ctainternacionales.org\/index.php?rest_route=\/wp\/v2\/posts\/2831\/revisions"}],"predecessor-version":[{"id":2833,"href":"https:\/\/ctainternacionales.org\/index.php?rest_route=\/wp\/v2\/posts\/2831\/revisions\/2833"}],"wp:attachment":[{"href":"https:\/\/ctainternacionales.org\/index.php?rest_route=%2Fwp%2Fv2%2Fmedia&parent=2831"}],"wp:term":[{"taxonomy":"category","embeddable":true,"href":"https:\/\/ctainternacionales.org\/index.php?rest_route=%2Fwp%2Fv2%2Fcategories&post=2831"},{"taxonomy":"post_tag","embeddable":true,"href":"https:\/\/ctainternacionales.org\/index.php?rest_route=%2Fwp%2Fv2%2Ftags&post=2831"}],"curies":[{"name":"wp","href":"https:\/\/api.w.org\/{rel}","templated":true}]}}