{"id":2827,"date":"2015-06-01T13:25:05","date_gmt":"2015-06-01T16:25:05","guid":{"rendered":"http:\/\/www.ctainternacionales.org\/?p=2827"},"modified":"2015-06-01T13:34:26","modified_gmt":"2015-06-01T16:34:26","slug":"los-docentes-en-chile-con-los-alumnos-en-plan-de-lucha","status":"publish","type":"post","link":"https:\/\/ctainternacionales.org\/?p=2827","title":{"rendered":"Los docentes en Chile con los alumnos en plan de lucha"},"content":{"rendered":"<p style=\"text-align: justify;\">En respuesta al proyecto de Carrera Docente, que comenzar\u00e1 a regir en 2016 y que actualmente se encuentra siendo discutido por la Comisi\u00f3n de Educaci\u00f3n de la C\u00e1mara de Diputados, en el Congreso, el pasado 18 de mayo, el Colegio de Profesores realiz\u00f3 una convocatoria para la paralizaci\u00f3n nacional de actividades. Y ese paro comienza hoy, luego de que la semana pasada se llevaran a cabo asambleas definitorias para los maestros.<\/p>\n<p style=\"text-align: justify;\">El llamado al cese de actividades fue tanto hacia los establecimientos municipales como a los particulares subvencionados y corporados. \u201cEsto ser\u00e1 denominado un paro pedag\u00f3gico, porque consistir\u00e1 en movilizaciones al mediod\u00eda y en la tarde cabildos pedag\u00f3gicos, donde se le explicar\u00e1 a la comunidad las razones del movimiento\u201d, explic\u00f3 Jaime Gajardo, presidente del Magisterio, quien agreg\u00f3 que \u201cesperamos que a partir de todo este proceso se repongan las conversaciones con el Ministerio de Educaci\u00f3n\u201d.<\/p>\n<p style=\"text-align: justify;\">Las principales demandas de los docentes se relacionan con la certificaci\u00f3n, el aumento de las horas no lectivas y la entrada a la carrera por parte de todos los trabajadores de la educaci\u00f3n. En el Mineduc se\u00f1alaron que por ahora no hay acciones respecto de la movilizaci\u00f3n.<\/p>\n<p style=\"text-align: justify;\"><a href=\"http:\/\/www.ctainternacionales.org\/wp-content\/uploads\/2015\/06\/CHILE-Profesores-comienzan-paro-nacional-y-universitarios-se-suman-a-marcha-del-mi-rcoles.jpg\"><img loading=\"lazy\" decoding=\"async\" class=\"aligncenter size-thumbnail wp-image-2828\" src=\"http:\/\/www.ctainternacionales.org\/wp-content\/uploads\/2015\/06\/CHILE-Profesores-comienzan-paro-nacional-y-universitarios-se-suman-a-marcha-del-mi-rcoles-307x153.jpg\" alt=\"CHILE--Profesores-comienzan-paro-nacional-y-universitarios-se-suman-a-marcha-del-mi-rcoles\" width=\"307\" height=\"153\" \/><\/a>La paralizaci\u00f3n de hoy, es el inicio de las movilizaciones que el Magisterio tiene planeado hasta el viernes, d\u00eda en el que ir\u00e1n a dejar, como movimiento, una carta a La Moneda.<\/p>\n<p style=\"text-align: justify;\">Adem\u00e1s, al cese laboral de hoy se suma tambi\u00e9n una marcha, a nivel nacional, que comenzar\u00e1 a las 11 de la ma\u00f1ana, y que en Santiago ir\u00e1 desde Plaza Italia hasta la Plaza Los H\u00e9roes. El mi\u00e9rcoles habr\u00e1 otra movilizaci\u00f3n a trav\u00e9s de la Alameda, a la que la Confederaci\u00f3n de Estudiantes de Chile (Confech), el s\u00e1bado reciente, decidi\u00f3 adherirse como bloque. \u201cHacemos el llamado a sumarnos y convocamos tambi\u00e9n a la marcha y a la movilizaci\u00f3n que est\u00e1n impulsando los docentes para esta semana\u201d, declar\u00f3 el vocero de la entidad y presidente de la Federaci\u00f3n de la Universidad Diego Portales, Nicol\u00e1s Fern\u00e1ndez.<\/p>\n<p style=\"text-align: justify;\">Secundarios<\/p>\n<p style=\"text-align: justify;\">Los estudiantes secundarios tambi\u00e9n comenzaron sus paralizaciones, por el tema de la desmunicipalizaci\u00f3n y la educaci\u00f3n p\u00fablica.<\/p>\n<p style=\"text-align: justify;\">Ayer en la ma\u00f1ana, el Liceo Dar\u00edo Salas fue desalojado por Carabineros, luego de que los estudiantes se lo tomaran en la semana. Adem\u00e1s, el viernes el Instituto Nacional aprob\u00f3 por mayor\u00eda la ocupaci\u00f3n del establecimiento, la que deber\u00eda comenzar hoy. Del mismo modo, el viernes, el Liceo 7 de Providencia tambi\u00e9n vot\u00f3 a favor de toma a partir de hoy. Tom\u00e1s Vergara, miembro de la Coordinadora Nacional de Estudiantes Secundarios (Cones), remarc\u00f3 que \u201clas tomas son muestras de un descontento general que hoy d\u00eda existe de parte de los estudiantes, porque no se han llevado a cabo resoluciones que deber\u00eda haber dado el Gobierno, como el tema de la educaci\u00f3n p\u00fablica\u201d.<\/p>\n<p style=\"text-align: justify;\">Agreg\u00f3 que aunque no existe un cat\u00e1stro de cu\u00e1les colegios se decidir\u00e1n por esta medida, lo m\u00e1s probable es que \u201ctodos los emblem\u00e1ticos de Santiago se vayan a toma\u201d.<\/p>\n<p style=\"text-align: justify;\">La Asociaci\u00f3n Chilena de Municipalidades (ACHM), rechaz\u00f3 la paralizaci\u00f3n indefinida de los docentes y se\u00f1al\u00f3 que \u201cser\u00e1 muy dif\u00edcil no descontar los d\u00edas no trabajados a los profesores que se adhieran, aunque se argumente que se recuperar\u00e1n las clases. Esto es dif\u00edcil de cumplir y siempre existe una p\u00e9rdida de horas lectivas que afectan el rendimiento y la continuidad de nuestros estudiantes\u201d, se destac\u00f3. La entidad tambi\u00e9n dijo que con estos anuncios, los mayores perjudicados ser\u00e1n los alumnos.b<\/p>\n<p style=\"text-align: justify;\">Marchas en la noche<\/p>\n<p style=\"text-align: justify;\">Tras los incidentes ocurridos la noche del jueves 28 de mayo, en la manifestaci\u00f3n convocada por la Confech y autorizada por la Intendencia Metropolitana -que termin\u00f3 con 172 personas detenidas, adem\u00e1s de locales saqueados y nueve Carabineros heridos-, el s\u00e1bado, Valentina Saavedra, presidenta de la Fech, se refiri\u00f3 a la posibilidad de realizar nuevas convocatorias en ese horario, al decir que \u201cpor lo menos, seg\u00fan las definiciones que tuvimos de las pr\u00f3ximas movilizaciones, una es la de los profesores, que ser\u00e1 de ma\u00f1ana, y la marcha del 10 de junio, que tambi\u00e9n ser\u00e1 dentro de la ma\u00f1ana\u201d.<\/p>\n<p style=\"text-align: justify;\">Claudio Orrego, intendente metropolitano, afirm\u00f3 que \u201chay que tratar que las marchas sean de d\u00eda. Espero que entiendan de una vez por todas, y para siempre, que el horario es la ma\u00f1ana\u201d, resalt\u00f3.<\/p>\n<p style=\"text-align: justify;\">Mientras, la Confech de Valpara\u00edso, asegur\u00f3 que no se volver\u00e1n a realizar marchas en la noche para evitar que ocurran incidentes.<\/p>\n","protected":false},"excerpt":{"rendered":"En respuesta al proyecto de Carrera Docente, que comenzar\u00e1 a regir en 2016 y que actualmente se encuentra siendo discutido por la Comisi\u00f3n \n<a class=\"moretag\" href=\"https:\/\/ctainternacionales.org\/?p=2827\"> [...]<\/a>","protected":false},"author":1,"featured_media":0,"comment_status":"closed","ping_status":"closed","sticky":false,"template":"","format":"standard","meta":{"ngg_post_thumbnail":0,"footnotes":""},"categories":[],"tags":[],"class_list":["post-2827","post","type-post","status-publish","format-standard","hentry"],"_links":{"self":[{"href":"https:\/\/ctainternacionales.org\/index.php?rest_route=\/wp\/v2\/posts\/2827","targetHints":{"allow":["GET"]}}],"collection":[{"href":"https:\/\/ctainternacionales.org\/index.php?rest_route=\/wp\/v2\/posts"}],"about":[{"href":"https:\/\/ctainternacionales.org\/index.php?rest_route=\/wp\/v2\/types\/post"}],"author":[{"embeddable":true,"href":"https:\/\/ctainternacionales.org\/index.php?rest_route=\/wp\/v2\/users\/1"}],"replies":[{"embeddable":true,"href":"https:\/\/ctainternacionales.org\/index.php?rest_route=%2Fwp%2Fv2%2Fcomments&post=2827"}],"version-history":[{"count":1,"href":"https:\/\/ctainternacionales.org\/index.php?rest_route=\/wp\/v2\/posts\/2827\/revisions"}],"predecessor-version":[{"id":2829,"href":"https:\/\/ctainternacionales.org\/index.php?rest_route=\/wp\/v2\/posts\/2827\/revisions\/2829"}],"wp:attachment":[{"href":"https:\/\/ctainternacionales.org\/index.php?rest_route=%2Fwp%2Fv2%2Fmedia&parent=2827"}],"wp:term":[{"taxonomy":"category","embeddable":true,"href":"https:\/\/ctainternacionales.org\/index.php?rest_route=%2Fwp%2Fv2%2Fcategories&post=2827"},{"taxonomy":"post_tag","embeddable":true,"href":"https:\/\/ctainternacionales.org\/index.php?rest_route=%2Fwp%2Fv2%2Ftags&post=2827"}],"curies":[{"name":"wp","href":"https:\/\/api.w.org\/{rel}","templated":true}]}}