{"id":2822,"date":"2015-06-01T12:43:00","date_gmt":"2015-06-01T15:43:00","guid":{"rendered":"http:\/\/www.ctainternacionales.org\/?p=2822"},"modified":"2015-06-01T12:53:55","modified_gmt":"2015-06-01T15:53:55","slug":"la-cta-en-el-proceso-de-la-cop-21-paris-2015","status":"publish","type":"post","link":"https:\/\/ctainternacionales.org\/?p=2822","title":{"rendered":"La CTA en el proceso de la COP 21 Paris 2015."},"content":{"rendered":"<p dir=\"ltr\" style=\"color: #444444; text-align: justify;\"><span style=\"color: #000000;\">Con el apoyo de la Confederaci\u00f3n Sindical de las Am\u00e9ricas (CSA) y FES (Fundaci\u00f3n Friedrich Ebert Stiftung) el 18 y 19 de Mayo se realiz\u00f3 en la sede de la CSA en la ciudad de S\u00e3o Pablo, Brasil un Taller en el que participaron los miembros del grupo asesor de la CSA en Cambio Clim\u00e1tico y referentes de los movimientos de la Sociedad Civil con los cuales, desde la CSA, venimos trabajando desde R\u00edo+20.<a href=\"http:\/\/www.ctainternacionales.org\/wp-content\/uploads\/2015\/06\/08.04-MIW-rencontre-576x300.jpg\"><img loading=\"lazy\" decoding=\"async\" class=\"aligncenter size-thumbnail wp-image-2823\" src=\"http:\/\/www.ctainternacionales.org\/wp-content\/uploads\/2015\/06\/08.04-MIW-rencontre-576x300-307x159.jpg\" alt=\"08.04-MIW-rencontre--576x300\" width=\"307\" height=\"159\" \/><\/a> <\/span><!--more--><\/p>\n<p dir=\"ltr\" style=\"color: #444444; text-align: justify;\"><span style=\"color: #000000;\">Desde la CTA participamos de este taller para continuar con nuestro trabajo en esta tem\u00e1tica y para articular con el movimiento sindical internacional los pasos a seguir \u00a0<\/span><\/p>\n<p dir=\"ltr\" style=\"color: #444444; text-align: justify;\"><span style=\"color: #000000;\">El objetivo del Taller fue seguir articulando las actividades que los distintos grupos de la sociedad civil y los sindicatos llevaremos adelante en forma conjunta, durante la pr\u00f3xima Conferencia de las Partes sobre Cambio Clim\u00e1tico a realizarse en Par\u00eds en noviembre y diciembre de este a\u00f1o (COP 21), especialmente en los aspectos relacionados con las movilizaciones y la participaci\u00f3n en los denominados \u201cEspacios de Convergencia\u201d que se est\u00e1n organizando fuera del \u00e1mbito formal de las negociaciones.<\/span><\/p>\n<p dir=\"ltr\" style=\"color: #444444; text-align: justify;\"><span style=\"color: #000000;\">Teniendo en cuenta la presencia de referentes la los representantes de los movimientos de la Sociedad Civil V\u00eda Campesina, Carta de Belem, Jubileo Sur, Marcha Mundial de las Mujeres y Amigos de la Tierra, el Responsable Pol\u00edtico de la CSA, Iv\u00e1n Gonz\u00e1lez, realiz\u00f3 una presentaci\u00f3n de la Plataforma de Desarrollo de las Am\u00e9ricas (PLADA), recientemente lanzada, destacando la importancia que tiene como herramienta pol\u00edtica y de lucha del sindicalismo de las Am\u00e9ricas que presenta nuestra visi\u00f3n estrat\u00e9gica del desarrollo, construida desde el movimiento de las y los trabajadores como resultado del di\u00e1logo continental del sindicalismo junto a los movimientos sociales. \u00a0<\/span><\/p>\n<p dir=\"ltr\" style=\"color: #444444; text-align: justify;\"><span style=\"color: #000000;\">Durante el encuentro, tuvimos la oportunidad de comunicarnos v\u00eda teleconferencia con algunos miembros del \u201cGrupo Franc\u00e9s\u201d (CoalitionClimat21) una alianza formada diversos grupos redes y organizaciones de la sociedad civil y sindicatos franceses que est\u00e1 organizando la agenda y acciones en torno a la COP 21 en Par\u00eds. En esta comunicaci\u00f3n, Juliette Rousseau y Thierry Dedieu, un compa\u00f1ero de la CFDT que integra el \u00a0grupo de enlace, nos brindaron detalles de lo organizado hasta el momento y destacaron la experiencia enriquecedora que significa para ellos, la interacci\u00f3n sindicatos movimientos sociales, algo que en Europa no es com\u00fan.<\/span><\/p>\n<p dir=\"ltr\" style=\"color: #444444; text-align: justify;\"><span style=\"color: #000000;\">En otro tramo del taller, tambi\u00e9n nos comunicamos con la compa\u00f1era Anabella Rosemberg de la Confederaci\u00f3n Sindical Internacional (CSI) responsable del Cambio Clim\u00e1tico y referente del movimiento sindical en los espacios de negociaci\u00f3n internacional en el marco de la Convenci\u00f3n sobre Cambio Clim\u00e1tico (CMNUCC). Con ella pudimos intercambiar opiniones respecto a la marcha de las negociaciones en el espacio oficial y repasar los distintos hitos que a nivel internacional contar\u00e1n con la presencia de los trabajadores reclamando justicia clim\u00e1tica, entre los cuales se destacan: las Negociaciones de Bonn y la Conferencia Internacional del Trabajo en Ginebra durante junio, la cumbre de la ONU en Nueva York vinculada a la presentaci\u00f3n de los Objetivos de Desarrollo Sustentable (ODS), la cumbre Sindical del Clima en Septiembre, as\u00ed como las movilizaciones de noviembre y diciembre en Par\u00eds, antes, durante y despu\u00e9s de la COP 21. Finalmente nos coment\u00f3 el alcance de la campa\u00f1a \u201cSindicatos por el Clima\u201d que la CSI est\u00e1 organizando a nivel mundial, para que se visibilicen compromisos concretos de los trabajadores con relaci\u00f3n al Cambio Clim\u00e1tico. <\/span><\/p>\n<p dir=\"ltr\" style=\"color: #444444; text-align: justify;\"><span style=\"color: #000000;\">En este espacio de convergencia los representantes de V\u00eda Campesina, Carta de Belem, Jubileo Sur, Marcha Mundial de las Mujeres y Amigos de la Tierra nos presentaron sus perspectivas de movilizaci\u00f3n desde el Sur hacia Par\u00eds y entre todos pudimos poner en com\u00fan las distintas visiones, tanto en lo que respecta al proceso de negociaci\u00f3n en la Convenci\u00f3n de Cambio Clim\u00e1tico, como en los distintos espacios alternativos que se van creando como resistencia a un modelo injusto y excluyente.<\/span><\/p>\n<p dir=\"ltr\" style=\"color: #444444; text-align: justify;\"><span style=\"color: #000000;\">Convencidos en que estos espacios deben trascender e ir m\u00e1s all\u00e1 del evento de la COP de Par\u00eds, coincidimos en la necesidad de seguir trabajando en los dos frentes, tanto dentro de la Convenci\u00f3n de Cambio Clim\u00e1tico como fuera, presionando a los gobiernos, demostrando sus contradicciones, poniendo en evidencia como muchos de ellos se han convertido en los gestores de los intereses de las grandes corporaciones multinacionales y del capital financiero internacional. Sin embargo qued\u00f3 claro que, tan importante como esas cuestiones es necesario bajar el tema del cambio clim\u00e1tico y de desarrollo sustentable a la realidad cotidiana, al compa\u00f1ero y compa\u00f1era de trabajo de estudio, a nuestros amigos y vecinos, a trav\u00e9s de acciones concretas y visibles que permitan demostrar a la gente que no se trata de problem\u00e1ticas que deben ser tratadas por tecn\u00f3cratas y especialistas,<\/span><span style=\"color: #000000;\"> y es aqu\u00ed tambi\u00e9n que como Central tenemos un gran desaf\u00edo. <\/span><\/p>\n<p dir=\"ltr\" style=\"color: #444444; text-align: justify;\"><span style=\"color: #000000;\">No existen soluciones m\u00e1gicas. No podemos seguir reproduciendo los mismos esquemas y condicionar nuestra acci\u00f3n a que otros den el primer paso. Tenemos que trabajar juntos, caminar las diferencias y terminar de construirlas alianzas, porque una crisis sist\u00e9mica requiere de respuestas sist\u00e9micas. \u00a0 <strong><em>\u00a0Por Joaquin Turco Asesor de la secretaria de Internacionales CTA-A\u00a0<\/em><\/strong><\/span><\/p>\n","protected":false},"excerpt":{"rendered":"Con el apoyo de la Confederaci\u00f3n Sindical de las Am\u00e9ricas (CSA) y FES (Fundaci\u00f3n Friedrich Ebert Stiftung) el 18 y 19 de Mayo \n<a class=\"moretag\" href=\"https:\/\/ctainternacionales.org\/?p=2822\"> [...]<\/a>","protected":false},"author":1,"featured_media":0,"comment_status":"closed","ping_status":"closed","sticky":false,"template":"","format":"standard","meta":{"ngg_post_thumbnail":0,"footnotes":""},"categories":[],"tags":[],"class_list":["post-2822","post","type-post","status-publish","format-standard","hentry"],"_links":{"self":[{"href":"https:\/\/ctainternacionales.org\/index.php?rest_route=\/wp\/v2\/posts\/2822","targetHints":{"allow":["GET"]}}],"collection":[{"href":"https:\/\/ctainternacionales.org\/index.php?rest_route=\/wp\/v2\/posts"}],"about":[{"href":"https:\/\/ctainternacionales.org\/index.php?rest_route=\/wp\/v2\/types\/post"}],"author":[{"embeddable":true,"href":"https:\/\/ctainternacionales.org\/index.php?rest_route=\/wp\/v2\/users\/1"}],"replies":[{"embeddable":true,"href":"https:\/\/ctainternacionales.org\/index.php?rest_route=%2Fwp%2Fv2%2Fcomments&post=2822"}],"version-history":[{"count":2,"href":"https:\/\/ctainternacionales.org\/index.php?rest_route=\/wp\/v2\/posts\/2822\/revisions"}],"predecessor-version":[{"id":2825,"href":"https:\/\/ctainternacionales.org\/index.php?rest_route=\/wp\/v2\/posts\/2822\/revisions\/2825"}],"wp:attachment":[{"href":"https:\/\/ctainternacionales.org\/index.php?rest_route=%2Fwp%2Fv2%2Fmedia&parent=2822"}],"wp:term":[{"taxonomy":"category","embeddable":true,"href":"https:\/\/ctainternacionales.org\/index.php?rest_route=%2Fwp%2Fv2%2Fcategories&post=2822"},{"taxonomy":"post_tag","embeddable":true,"href":"https:\/\/ctainternacionales.org\/index.php?rest_route=%2Fwp%2Fv2%2Ftags&post=2822"}],"curies":[{"name":"wp","href":"https:\/\/api.w.org\/{rel}","templated":true}]}}