{"id":2808,"date":"2015-05-29T04:02:40","date_gmt":"2015-05-29T07:02:40","guid":{"rendered":"http:\/\/www.ctainternacionales.org\/?p=2808"},"modified":"2015-05-29T04:02:40","modified_gmt":"2015-05-29T07:02:40","slug":"elecciones-en-espana-un-paso-alentador-por-fito-aguirre","status":"publish","type":"post","link":"https:\/\/ctainternacionales.org\/?p=2808","title":{"rendered":"Elecciones en Espa\u00f1a: un paso alentador Por Fito Aguirre"},"content":{"rendered":"<p>&nbsp;<\/p>\n<div class=\"page\" title=\"Page 1\">\n<div class=\"layoutArea\">\n<div class=\"column\">\n<p style=\"text-align: justify;\"><a href=\"http:\/\/www.ctainternacionales.org\/wp-content\/uploads\/2015\/05\/10679747_800621289975933_4805279518171019737_o.jpg\"><img loading=\"lazy\" decoding=\"async\" class=\"aligncenter size-thumbnail wp-image-2809\" src=\"http:\/\/www.ctainternacionales.org\/wp-content\/uploads\/2015\/05\/10679747_800621289975933_4805279518171019737_o-307x215.jpg\" alt=\"10679747_800621289975933_4805279518171019737_o\" width=\"307\" height=\"215\" \/><\/a>S\u00ed, se puede. Ese fue y es el lema de Podemos. Los resultados de las elecciones de este \u00faltimo domingo 24 de mayo, dieron un paso en la confirmaci\u00f3n de este \u00abS\u00ed, se puede\u00bb. M\u00e1s all\u00e1 de cu\u00e1l ser\u00e1 el destino de la formaci\u00f3n de izquierda que naci\u00f3 como partido tan s\u00f3lo en enero de 2014, algunas cuestiones pueden irse adelantando.<\/p>\n<p style=\"text-align: justify;\">El domingo 24 de mayo hubo elecciones regionales y municipales en Espa\u00f1a. Se vot\u00f3 la composici\u00f3n de 13 comunidades o regiones, Ceuta y Melilla (de 17 comunidades) y 8.119 Ayuntamientos. Estas elecciones pueden considerarse como hist\u00f3ricas ya que es una se\u00f1al de que el bipartidismo que caracterizaba la vida espa\u00f1oladesde hace cuarenta a\u00f1os, con la alternancia en el poder de los poderosos partidos Partido Popular (PP) y Partido Socialista Obrero Espa\u00f1ol (PSOE) est\u00e1, si no en su etapa terminal, al menos fuertemente amenazado.<\/p>\n<\/div>\n<\/div>\n<\/div>\n<p style=\"text-align: justify;\"><!--more--><\/p>\n<p style=\"text-align: justify;\">\n<p style=\"text-align: justify;\">\n<div class=\"page\" title=\"Page 1\">\n<div class=\"layoutArea\">\n<div class=\"column\">\n<p style=\"text-align: justify;\">En este sentido los resultados son claros. Si bien el PP triunf\u00f3 en cantidad de votos, habiendo acumulado el 26,7% de los sufragios, el deterioro a nivel de poder territorial es evidente. Con respecto a la \u00faltima elecci\u00f3n de 2011 ha perdido 2,55 millones de votos. El n\u00famero de votos puede sonar abstracto, pero si se tiene en cuenta que ha perdido la mayor\u00eda absoluta en la mayor\u00eda de las regiones que controlaba, sumado a la p\u00e9rdida de ciudades claves, el impacto es rotundo.<\/p>\n<p style=\"text-align: justify;\">Este fen\u00f3meno es interesante, sobre todo ya que la fuga de votos se ha dado a favor de nuevas coaliciones y formaciones de izquierda, algunas de las cuales surgieron del movimiento popular 15M de 2011, donde se comenz\u00f3 a denunciar el flagelo producido por a\u00f1os de pol\u00edticas neoliberales que ha dejado las tasas de desempleo m\u00e1s altas de Espa\u00f1a. Esto sumado a directivas gubernamentales que tienden a reducir las pol\u00edticas sociales, a limitar las manifestaciones populares, a promover los desalojos (o desahucios) pero que contin\u00faan protegiendo a los sectores empresariales que salen airosos de las crisis que pagan los pueblos.<\/p>\n<p style=\"text-align: justify;\">A partir de los resultados de estas elecciones, si logran pactar entre los diferentes partidos, coaliciones de izquierda estar\u00e1n en condiciones de controlar la mayor\u00eda de las regiones o comunidades, relegando al PP s\u00f3lo a tres o cuatro regiones. A su vez, en varias ciudades podr\u00e1n estar al frente del gobierno representantes de estas formaciones de izquierda.<\/p>\n<p style=\"text-align: justify;\">Los casos de Barcelona y Madrid resultan emblem\u00e1ticas expresiones de la voluntad popular. En el primer caso la victoria de <span style=\"font-style: italic;\">Barcelona en Com\u00fa<\/span>, la coalici\u00f3n de la cual forma parte Podemos y que lleva como alcaldesa a Ada Colau, una destacada militante contra los desalojos, es una muestra de lo que los ciudadanos est\u00e1n viviendo d\u00eda a d\u00eda y por lo tanto de lo que necesitan: que se destine gasto p\u00fablico al empleo, a las pol\u00edticas sociales, a la inclusi\u00f3n y que se termine con la especulaci\u00f3n inmobiliaria. Adem\u00e1s esta victoria evidencia un rev\u00e9s para el partido separatista de Catalunya.<\/p>\n<p style=\"text-align: justify;\">En Madrid, si bien la alcald\u00eda depender\u00e1 de las futuras alianzas que logren realizarse entre los partidos de izquierda, todo indicar\u00eda que asumir\u00eda como alcaldesa Manuela Carmena por Ahora Madrid, quien podr\u00eda desplazar al PP luego de estar desde 1991 al frente de la ciudad capital.<\/p>\n<p style=\"text-align: justify;\">Estos resultados son claramente alentadores para todos aquellos que creemos que un cambio social y pol\u00edtico es posible y necesario, pero no todo est\u00e1 ganado a\u00fan. En el caso de Espa\u00f1a, m\u00e1s all\u00e1 de estos buenos resultados queda un largo camino a recorrer para las elecciones generales que ser\u00e1n a fines de este a\u00f1o y que marcar\u00e1n qui\u00e9n gobernar\u00e1 ese pa\u00eds en los pr\u00f3ximos a\u00f1os. En este sentido, no hay que subestimar al PP, por lo cual ser\u00e1 clave el desempe\u00f1o que tengan partidos como Podemos, el nivel de conformaci\u00f3n de alianzas que se logre establecer y en particular el rol que jugar\u00e1 el PSOE en estas alianzas, ya que ser\u00e1 necesario contar con \u00e9l visto que sigue siendo el segundo partido m\u00e1s votado.<\/p>\n<p style=\"text-align: justify;\">El desaf\u00edo para los nuevos partidos emergentes de izquierda ser\u00e1 entonces lograr mantener sus propuestas y estrategias, conformando coaliciones de unidad popular, para que pueda alcanzarse el fin del bipartidismo y de las pol\u00edticas de austeridad neoliberales. Esperemos que s\u00ed se pueda.<\/p>\n<\/div>\n<\/div>\n<\/div>\n<p>&nbsp;<\/p>\n<p>&nbsp;<\/p>\n<p>&nbsp;<\/p>\n","protected":false},"excerpt":{"rendered":"&nbsp; S\u00ed, se puede. Ese fue y es el lema de Podemos. Los resultados de las elecciones de este \u00faltimo domingo 24 de \n<a class=\"moretag\" href=\"https:\/\/ctainternacionales.org\/?p=2808\"> [...]<\/a>","protected":false},"author":1,"featured_media":0,"comment_status":"closed","ping_status":"closed","sticky":false,"template":"","format":"standard","meta":{"ngg_post_thumbnail":0,"footnotes":""},"categories":[],"tags":[],"class_list":["post-2808","post","type-post","status-publish","format-standard","hentry"],"_links":{"self":[{"href":"https:\/\/ctainternacionales.org\/index.php?rest_route=\/wp\/v2\/posts\/2808","targetHints":{"allow":["GET"]}}],"collection":[{"href":"https:\/\/ctainternacionales.org\/index.php?rest_route=\/wp\/v2\/posts"}],"about":[{"href":"https:\/\/ctainternacionales.org\/index.php?rest_route=\/wp\/v2\/types\/post"}],"author":[{"embeddable":true,"href":"https:\/\/ctainternacionales.org\/index.php?rest_route=\/wp\/v2\/users\/1"}],"replies":[{"embeddable":true,"href":"https:\/\/ctainternacionales.org\/index.php?rest_route=%2Fwp%2Fv2%2Fcomments&post=2808"}],"version-history":[{"count":1,"href":"https:\/\/ctainternacionales.org\/index.php?rest_route=\/wp\/v2\/posts\/2808\/revisions"}],"predecessor-version":[{"id":2810,"href":"https:\/\/ctainternacionales.org\/index.php?rest_route=\/wp\/v2\/posts\/2808\/revisions\/2810"}],"wp:attachment":[{"href":"https:\/\/ctainternacionales.org\/index.php?rest_route=%2Fwp%2Fv2%2Fmedia&parent=2808"}],"wp:term":[{"taxonomy":"category","embeddable":true,"href":"https:\/\/ctainternacionales.org\/index.php?rest_route=%2Fwp%2Fv2%2Fcategories&post=2808"},{"taxonomy":"post_tag","embeddable":true,"href":"https:\/\/ctainternacionales.org\/index.php?rest_route=%2Fwp%2Fv2%2Ftags&post=2808"}],"curies":[{"name":"wp","href":"https:\/\/api.w.org\/{rel}","templated":true}]}}