{"id":2803,"date":"2015-05-09T19:51:12","date_gmt":"2015-05-09T22:51:12","guid":{"rendered":"http:\/\/www.ctainternacionales.org\/?p=2803"},"modified":"2015-05-09T20:00:37","modified_gmt":"2015-05-09T23:00:37","slug":"aguirre-afirmo-que-el-movimiento-sindical-se-debe-preparar-para-defenderse-de-la-embestida-empresaria","status":"publish","type":"post","link":"https:\/\/ctainternacionales.org\/?p=2803","title":{"rendered":"Aguirre afirm\u00f3 que el movimiento sindical se debe preparar para defenderse de la embestida empresaria"},"content":{"rendered":"<p style=\"text-align: justify;\"><a href=\"http:\/\/www.ctainternacionales.org\/wp-content\/uploads\/2015\/05\/4224.jpg\"><img loading=\"lazy\" decoding=\"async\" class=\"aligncenter size-thumbnail wp-image-2804\" src=\"http:\/\/www.ctainternacionales.org\/wp-content\/uploads\/2015\/05\/4224-307x177.jpg\" alt=\"4224\" width=\"307\" height=\"177\" \/><\/a>El secretario de Relaciones Internacionales de la Central de Trabajadores de la Argentia (CTA) Aut\u00f3noma, Adolfo Aguirre, asegur\u00f3 que el embate empresario para intentar limitar o cercenar el derecho de huelga en la pr\u00f3xima Conferencia Internacional del Trabajo (CIT) en Ginebra, Suiza, \u00abno es una novedad\u00bb y convoc\u00f3 al sindicalismo a \u00abprepararse para defenderse\u00bb.<!--more--><\/p>\n<p style=\"text-align: justify;\">\u00abExisten algunas se\u00f1ales de mejor organizaci\u00f3n para garantizar que permanezca vigente el sistema normativo de la Organizaci\u00f3n Internacional del Trabajo (OIT). De lo contrario, estar\u00edamos fritos. El intento patronal tiene un sentido pol\u00edtico y procura eliminar al sindicalismo de la interlocuci\u00f3n sobre la econom\u00eda global y su forma de distribuci\u00f3n de la riqueza\u00bb, puntualiz\u00f3.<\/p>\n<p style=\"text-align: justify;\">Aguirre asegur\u00f3 que la OIT es \u00abel \u00fanico lugar que tienen los trabajadores organizados como interlocutores para reclamar derechos en un esquema global, aunque despu\u00e9s haya que pelearlos\u00bb.<\/p>\n<p style=\"text-align: justify;\">El dirigente afirm\u00f3 que \u00abel movimiento obrero tiene una riqueza colectiva envidiable\u00bb y convoc\u00f3 a trabajar con la Confederaci\u00f3n Sindical de las Am\u00e9ricas (CSA) para enriquecer \u00abel pensamiento de actualidad pol\u00edtica local, regional y mundial con acci\u00f3n gremial\u00bb.<\/p>\n<p style=\"text-align: justify;\">\u00abOtro de los puntos del sentido pol\u00edtico del aviso empleador apunta a provocar un nivel de invisibilidad perdurable en el tiempo del movimieto sindical internacional. Hay que debatir acerca de los posibles errores que se cometan y respecto de la realidad pol\u00edtica mundial a partir de la relaci\u00f3n de fuerzas y los avances y retrocesos hist\u00f3ricos\u00bb, puntualiz\u00f3 el dirigente.<\/p>\n<p style=\"text-align: justify;\">Para Aguirre, hasta 2006 el movimiento sindical estuvo invisibilizado y, ahora, \u00abest\u00e1 en condiciones de procurar esa visibilidad, porque los temas de la justicia social y la distribuci\u00f3n de la riqueza tienen que ser propios\u00bb.<\/p>\n<p style=\"text-align: justify;\">El sindicalista dijo que los Tratados de Libre Comercio de nueva generaci\u00f3n procuran convertir en mercanc\u00eda los derechos humanos que el sindicalismo debe defender, \u00abgane, empate o pierda\u00bb, y a\u00f1adi\u00f3 que \u00abla huelga existi\u00f3 de forma previa al sindicato, al igual que la solidaridad y la Sociedad de Socorros Mutuos\u00bb.<\/p>\n<p style=\"text-align: justify;\">\u00abHay tambi\u00e9n cuestiones antropol\u00f3gicas. Se procura que seamos c\u00f3mplices de provocar miedo y de no organizarnos. As\u00ed lo hizo la dictadura con el Plan C\u00f3ndor, por ejemplo. El 63 por ciento de los desparecidos eran trabajadores. No fue un tema c\u00edvico-militar casual sino que intent\u00f3 lograr cuestiones antropol\u00f3gicas. Hab\u00eda dirigentes de primer nivel de 25 a\u00f1os que, ahora, cuesta formar. Todo ello de ninguna manera fue casual\u00bb, puntualiz\u00f3 Aguirre.<\/p>\n<p style=\"text-align: justify;\">El gremialista asegur\u00f3 que \u00abno hay que ser defensivos\u00bb y se pronunci\u00f3 por \u00abla libertad sindical, el derecho a reuni\u00f3n y a la negociaci\u00f3n colectiva\u00bb, en tanto subray\u00f3 que \u00abEstados Unidos y China pretenden que en varias regiones no haya empleadores con cien trabajadores sino que todos sean importadores y, adem\u00e1s, que las grandes zonas francas provean todo lo que haya que consumir\u00bb.<\/p>\n<p style=\"text-align: justify;\">\u00abHay que darle sentido pol\u00edtico a todas las cuestiones que sucedan. Somos orgnizaciones j\u00f3venes en el marco de una coyuntura internacional que provoca que en muchos lugares haya sol y, en otros, sombras. Ello es inaceptable. Si una parte de la clase trabajadora retrocede en alg\u00fan lugar, todos lo hacen. Ah\u00ed se ensaya. Y donde se gana, gana el conjunto. En lo gremial, peligra antropol\u00f3gicamente la fuerza, las convicciones, la lucha\u00bb, dijo.<\/p>\n<p style=\"text-align: justify;\">\u00abMe cae bien un empresario que mantiene su empresa con cien trabajadores. Me cae muy mal el que quiere cerrarla para ser importador. Aquel es un aliado t\u00e1ctico importante. Todo esto sigifica armar una trama m\u00e1s grande que la defensiva\u00bb, concluy\u00f3.<\/p>\n<p style=\"text-align: justify;\">Fuente: Agencia T\u00e9lam<\/p>\n","protected":false},"excerpt":{"rendered":"El secretario de Relaciones Internacionales de la Central de Trabajadores de la Argentia (CTA) Aut\u00f3noma, Adolfo Aguirre, asegur\u00f3 que el embate empresario para \n<a class=\"moretag\" href=\"https:\/\/ctainternacionales.org\/?p=2803\"> [...]<\/a>","protected":false},"author":1,"featured_media":0,"comment_status":"closed","ping_status":"closed","sticky":false,"template":"","format":"standard","meta":{"ngg_post_thumbnail":0,"footnotes":""},"categories":[],"tags":[],"class_list":["post-2803","post","type-post","status-publish","format-standard","hentry"],"_links":{"self":[{"href":"https:\/\/ctainternacionales.org\/index.php?rest_route=\/wp\/v2\/posts\/2803","targetHints":{"allow":["GET"]}}],"collection":[{"href":"https:\/\/ctainternacionales.org\/index.php?rest_route=\/wp\/v2\/posts"}],"about":[{"href":"https:\/\/ctainternacionales.org\/index.php?rest_route=\/wp\/v2\/types\/post"}],"author":[{"embeddable":true,"href":"https:\/\/ctainternacionales.org\/index.php?rest_route=\/wp\/v2\/users\/1"}],"replies":[{"embeddable":true,"href":"https:\/\/ctainternacionales.org\/index.php?rest_route=%2Fwp%2Fv2%2Fcomments&post=2803"}],"version-history":[{"count":1,"href":"https:\/\/ctainternacionales.org\/index.php?rest_route=\/wp\/v2\/posts\/2803\/revisions"}],"predecessor-version":[{"id":2805,"href":"https:\/\/ctainternacionales.org\/index.php?rest_route=\/wp\/v2\/posts\/2803\/revisions\/2805"}],"wp:attachment":[{"href":"https:\/\/ctainternacionales.org\/index.php?rest_route=%2Fwp%2Fv2%2Fmedia&parent=2803"}],"wp:term":[{"taxonomy":"category","embeddable":true,"href":"https:\/\/ctainternacionales.org\/index.php?rest_route=%2Fwp%2Fv2%2Fcategories&post=2803"},{"taxonomy":"post_tag","embeddable":true,"href":"https:\/\/ctainternacionales.org\/index.php?rest_route=%2Fwp%2Fv2%2Ftags&post=2803"}],"curies":[{"name":"wp","href":"https:\/\/api.w.org\/{rel}","templated":true}]}}