{"id":2792,"date":"2015-05-05T15:27:45","date_gmt":"2015-05-05T18:27:45","guid":{"rendered":"http:\/\/www.ctainternacionales.org\/?p=2792"},"modified":"2015-05-05T15:29:41","modified_gmt":"2015-05-05T18:29:41","slug":"integracion-regional-dia-del-trabajador-la-cta-dijo-presente-en-la-habana","status":"publish","type":"post","link":"https:\/\/ctainternacionales.org\/?p=2792","title":{"rendered":"Integraci\u00f3n regional D\u00eda del Trabajador: La CTA dijo presente en La Habana"},"content":{"rendered":"<p><span style=\"color: #336699;\">Pablo Micheli, junto a una delegaci\u00f3n de compa\u00f1eros y compa\u00f1eras de la CTA, marcharon en La Habana. El General de Ej\u00e9ricto Ra\u00fal Castro encabez\u00f3, junto al Presidente de Venezuela Nicol\u00e1s Maduro, la celebraci\u00f3n del D\u00eda Internacional del Trabajo en la Plaza de la Revoluci\u00f3n por la que marcharon millones de cubanos al son de congas, tambores y canciones.<\/span><!--more--><\/p>\n<p style=\"text-align: justify;\">\u201cLa clase obrera cubana tiene contundente razones y argumentos para festejar unida el d\u00eda de los trabajadores\u2026 trasladando al mundo el mensaje de unidad en torno a su revoluci\u00f3n, a Fidel y a Ra\u00fal\u201d, dijo el l\u00edder de la Central de Trabajadores de Cuba, Ulises Guilarte de Nacimiento.<\/p>\n<p style=\"text-align: justify;\">Guilarte agreg\u00f3 adem\u00e1s que \u201cla firme solidaridad de la revoluci\u00f3n cubana con la revoluci\u00f3n bolivariana\u2026 y la absoluta lealtad a la memoria de Hugo Ch\u00e1vez, el mejor amigo de Cuba\u201d.<\/p>\n<p style=\"text-align: justify;\">Pablo Micheli, qui\u00e9n encabez\u00f3 la delegaci\u00f3n de la CTA cont\u00f3: \u201cA pesar de la incesante lluvia, nadie abandon\u00f3 la marcha. Junto a Rub\u00e9n Garrido, Fernando Cardozo, Mariano S\u00e1nchez Toranzo y Jos\u00e9 Matassa, estuvimos en el palco como invitados especiales de la Central de Trabajadores de Cuba. Todo un honor\u201d.<\/p>\n<p style=\"text-align: justify;\">En La Habana, la movilizaci\u00f3n tuvo lugar en la Plaza de la Revoluci\u00f3n Jos\u00e9 Mart\u00ed, pero no es la \u00fanica que recibi\u00f3 a los millones de cubanos y cubanas que celebran este Primero de Mayo el D\u00eda Internacional de los Trabajadores.<\/p>\n<p style=\"text-align: justify;\">En la principales plazas del pa\u00eds los cubanos desfilaron desde las 7:00 am y por primera vez, acompa\u00f1an a los trabajadores de la Isla representantes de 28 pa\u00edses de Am\u00e9rica Latina y 68 de todo el mundo. Celebraron adem\u00e1s el regreso a Cuba de los cinco antiterroristas Gerardo Hern\u00e1ndez, Ram\u00f3n Laba\u00f1ino, Antonio Guerrero, Ren\u00e9 y Fernando Gonz\u00e1lez, se\u00f1al\u00f3 el dirigente. De ellos, Hern\u00e1ndez, Laba\u00f1ino y Guerrero llegaron a la isla tras ser liberados el pasado 17 de diciembre (previamente ya hab\u00edan regresado tras cumplir sus condenas Fernando y Ren\u00e9), en una coyuntura marcada por el anuncio de La Habana y Washington de llevar a cabo acciones en pos de avanzar hacia la normalizaci\u00f3n de los v\u00ednculos.<\/p>\n<p style=\"text-align: justify;\">Los Cinco, como se les conoce internacionalmente, fueron arrestados por autoridades estadounidenses en 1998 y sentenciados en un proceso ama\u00f1ado a desproporcionadas penas por alertar de acciones violentas impulsadas contra Cuba desde suelo norteamericano por grupos terroristas. El evento tambi\u00e9n cuenta con representantes de Estados Unidos, aunque la cita se centra en el respaldo de la mayor de Las Antillas a Venezuela ante las sanciones del gobierno norteamericano contra la naci\u00f3n suramericana.<\/p>\n<p style=\"text-align: justify;\">Los organizadores han referido que se espera que este a\u00f1o la participaci\u00f3n duplique la de 2014, que para ese entonces ya alcanz\u00f3 amillones de personas en toda la Isla. En Santiago de Cuba, presidi\u00f3 el desfile el Primer Vicepresidente Miguel D\u00edaz-Canel.<\/p>\n<h3 class=\"spip\" style=\"font-weight: bold; color: #003366; text-align: justify;\">En La Habana<\/h3>\n<p style=\"text-align: justify;\"><span class=\"spip_document_20654 spip_documents spip_documents_right\"><img loading=\"lazy\" decoding=\"async\" src=\"http:\/\/www.agenciacta.org\/IMG\/jpg\/17330084232_99578afa4c_o.jpg\" alt=\"\" width=\"400\" height=\"239\" \/><\/span>El desfile de este primero de mayo trasmite al mundo el mensaje de unidad, compromiso y respaldo mayoritario del pueblo en torno a su Revoluci\u00f3n socialista, afirm\u00f3 hoy el secretario general de la Central de Trabajadores de Cuba, Ulises Guilarte.<\/p>\n<p style=\"text-align: justify;\">En un discurso de apertura de la marcha de m\u00e1s de un mill\u00f3n de cubanos se\u00f1al\u00f3 que este viernes adem\u00e1s se rinde homenaje a los m\u00e1rtires del movimiento sindical cubano, entre ellos a Jes\u00fas Men\u00e9ndez, Aracelio Iglesias y a L\u00e1zaro Pe\u00f1a.<\/p>\n<p style=\"text-align: justify;\">Expres\u00f3 que de infinito orgullo se llenaron los trabajadores con la presencia en el desfile de los luchadores antiterroristas Gerardo Hern\u00e1ndez, Ram\u00f3n Laba\u00f1ino, Antonio Guerrero, Ren\u00e9 y Fernando Gonz\u00e1lez.<\/p>\n<p style=\"text-align: justify;\">Los Cinco, como se les conoce internacionalmente, fueron arrestados por autoridades estadounidenses en 1998 y sentenciados en un proceso ama\u00f1ado a desproporcionadas penas por alertar de acciones violentas. Asimismo, resalt\u00f3 la presencia de los m\u00e9dicos colaboradores que participaron en la lucha contra \u00e9bola en pa\u00edses de \u00c1frica, de quienes apunt\u00f3 representan las convicciones, firmeza y fidelidad a la patria. Se\u00f1al\u00f3 que son millones los cubanos dispuestos a defender la obra de justicia y hacer lo necesario para perfeccionar la Revoluci\u00f3n con la prioridad del movimiento sindical en el desarrollo econ\u00f3mico y productivo.<\/p>\n<p style=\"text-align: justify;\">Asegur\u00f3 que los trabajadores son los protagonistas de las transformaciones econ\u00f3micas y sociales que se impulsan en Cuba.<\/p>\n<p style=\"text-align: justify;\">Celebramos esta fiesta mundial en un contexto internacional de intensas jornada de lucha, nuestras armas son el apego a los principios, la combatividad, la resistencia, el esp\u00edritu de justicia, la solidaridad y la cultura e ideas que la Revoluci\u00f3n forj\u00f3 en m\u00e1s de cinco d\u00e9cadas, expres\u00f3 Guilarte.<\/p>\n<p style=\"text-align: justify;\"><span class=\"spip_document_20655 spip_documents spip_documents_right\"><img loading=\"lazy\" decoding=\"async\" src=\"http:\/\/www.agenciacta.org\/IMG\/jpg\/16709501874_3294a42565_o.jpg\" alt=\"\" width=\"400\" height=\"285\" \/><\/span>Ya se han dado algunos pasos para restablecer las relaciones entre Cuba y Estados Unidos, pero nos queda un largo y dif\u00edcil camino por recorrer y solo avanzaremos hacia la normalizaci\u00f3n de los v\u00ednculos bilaterales sobre la base del respeto de la soberan\u00eda e independencia, la que incluye el levantamiento del bloqueo y la devoluci\u00f3n de la base naval de Guant\u00e1namo.<\/p>\n<p style=\"text-align: justify;\">Reiter\u00f3 la solidaridad de Cuba con la revoluci\u00f3n venezolana, con el presidente Nicol\u00e1s Maduro y la uni\u00f3n c\u00edvico- militar que \u00e9l encabeza, al tiempo que reafirm\u00f3 la lealtad a la memoria de Hugo Ch\u00e1vez. Rechaz\u00f3 la injerencia externa y las acciones de desestabilizaci\u00f3n, violencia y guerra que violen su orden constitucional, la soberan\u00eda y la independencia y autodeterminaci\u00f3n de los venezolanos.<\/p>\n<p style=\"text-align: justify;\">El l\u00edder sindical salud\u00f3 la presencia de centenares de amigos del mundo y expres\u00f3 en nombre de los trabajadores cubanos el agradecimiento al permanente respaldo a la patria.<\/p>\n<p style=\"text-align: justify;\">Asegur\u00f3 que los cubanos seguir\u00e1n la batalla por el cese del bloqueo econ\u00f3mico, comercial y financiero que permanece en completa aplicaci\u00f3n, sobre todo a los sectores que m\u00e1s afectan a la poblaci\u00f3n cubana. En La Habana desfilaron una representaci\u00f3n de m\u00e1s de 100 colaboradores de la Brigada M\u00e9dica \u201cHenry Reeve\u201d, que cumplieron misi\u00f3n en Sierra Leona, Liberia y Guinea Conakry en la lucha contra el virus del \u00c9bola. Ellos portaron el estandarte con el lema central de la celebraci\u00f3n: Unidos en la Construcci\u00f3n del Socialismo.<\/p>\n<p style=\"text-align: justify;\">El bloque de la salud cubana tambi\u00e9n estuvo integrado por alrededor de 100 m\u00e9dicos de la Unidad Central de Cooperaci\u00f3n M\u00e9dica Internacional de Cuba, trabajadores del Instituto de Medicina Tropical Pedro Kour\u00ed. Junto a ellos, alrededor de 60 000 trabajadores de la salud estuvieron presentes este Primero de Mayo en La Habana.<\/p>\n<p style=\"text-align: justify;\">En reafirmaci\u00f3n patri\u00f3tica, tambi\u00e9n desfilaron los trabajadores del Ministerio de Comunicaciones, de la Construcci\u00f3n, de Educaci\u00f3n. La delegaci\u00f3n deportiva estuvo integrada por m\u00e1s de 200 glorias del deporte, atletas y trabajadores en general del deporte cubano.<\/p>\n<p style=\"text-align: justify;\">Bajo la lluvia, con maquetas, gigantograf\u00edas alusivas a Hugo Ch\u00e1vez, al l\u00edder de la Revoluci\u00f3n cubana Fidel Castro y a la obra de 56 a\u00f1os de victoria, desfilaron lo habaneros, como lo hicieron los cubanos de un extremo a otro de la Isla.<\/p>\n","protected":false},"excerpt":{"rendered":"Pablo Micheli, junto a una delegaci\u00f3n de compa\u00f1eros y compa\u00f1eras de la CTA, marcharon en La Habana. El General de Ej\u00e9ricto Ra\u00fal Castro \n<a class=\"moretag\" href=\"https:\/\/ctainternacionales.org\/?p=2792\"> [...]<\/a>","protected":false},"author":1,"featured_media":0,"comment_status":"closed","ping_status":"closed","sticky":false,"template":"","format":"standard","meta":{"ngg_post_thumbnail":0,"footnotes":""},"categories":[],"tags":[],"class_list":["post-2792","post","type-post","status-publish","format-standard","hentry"],"_links":{"self":[{"href":"https:\/\/ctainternacionales.org\/index.php?rest_route=\/wp\/v2\/posts\/2792","targetHints":{"allow":["GET"]}}],"collection":[{"href":"https:\/\/ctainternacionales.org\/index.php?rest_route=\/wp\/v2\/posts"}],"about":[{"href":"https:\/\/ctainternacionales.org\/index.php?rest_route=\/wp\/v2\/types\/post"}],"author":[{"embeddable":true,"href":"https:\/\/ctainternacionales.org\/index.php?rest_route=\/wp\/v2\/users\/1"}],"replies":[{"embeddable":true,"href":"https:\/\/ctainternacionales.org\/index.php?rest_route=%2Fwp%2Fv2%2Fcomments&post=2792"}],"version-history":[{"count":1,"href":"https:\/\/ctainternacionales.org\/index.php?rest_route=\/wp\/v2\/posts\/2792\/revisions"}],"predecessor-version":[{"id":2794,"href":"https:\/\/ctainternacionales.org\/index.php?rest_route=\/wp\/v2\/posts\/2792\/revisions\/2794"}],"wp:attachment":[{"href":"https:\/\/ctainternacionales.org\/index.php?rest_route=%2Fwp%2Fv2%2Fmedia&parent=2792"}],"wp:term":[{"taxonomy":"category","embeddable":true,"href":"https:\/\/ctainternacionales.org\/index.php?rest_route=%2Fwp%2Fv2%2Fcategories&post=2792"},{"taxonomy":"post_tag","embeddable":true,"href":"https:\/\/ctainternacionales.org\/index.php?rest_route=%2Fwp%2Fv2%2Ftags&post=2792"}],"curies":[{"name":"wp","href":"https:\/\/api.w.org\/{rel}","templated":true}]}}