{"id":2774,"date":"2015-04-29T20:08:19","date_gmt":"2015-04-29T23:08:19","guid":{"rendered":"http:\/\/www.ctainternacionales.org\/?p=2774"},"modified":"2015-04-29T20:08:35","modified_gmt":"2015-04-29T23:08:35","slug":"mensaje-del-1ro-de-mayo-mensaje-de-la-csa","status":"publish","type":"post","link":"https:\/\/ctainternacionales.org\/?p=2774","title":{"rendered":"Mensaje del 1ro  De mayo de la CSA"},"content":{"rendered":"<p style=\"text-align: justify;\"><a href=\"http:\/\/www.ctainternacionales.org\/wp-content\/uploads\/2015\/04\/images.jpeg\"><img loading=\"lazy\" decoding=\"async\" class=\"aligncenter size-thumbnail wp-image-2775\" src=\"http:\/\/www.ctainternacionales.org\/wp-content\/uploads\/2015\/04\/images-307x137.jpeg\" alt=\"images\" width=\"307\" height=\"137\" \/><\/a>En la fecha hist\u00f3rica para la reivindicaci\u00f3n de derechos del movimiento sindical internacional, queremos compartir las siguientes reflexiones y formulaciones.<!--more--><\/p>\n<p style=\"text-align: justify;\">En el \u00faltimo a\u00f1o y despu\u00e9s de m\u00e1s de una d\u00e9cada de avances sociales en diversos pa\u00edses de Am\u00e9rica Latina y el Caribe, comienzan a hacerse evidentes los efectos de la recesi\u00f3n econ\u00f3mica mundial, la p\u00e9rdida de empuje en el crecimiento de las econom\u00edas, lo que se refleja en el descenso en la reducci\u00f3n de los niveles de pobreza, y las fr\u00e1giles conquistas socio-laborales del per\u00edodo est\u00e1n bajo ataque del capital internacional para hacer retroceder lo que apuntaba a un nuevo paradigma de democracias sociales.<\/p>\n<p style=\"text-align: justify;\">El movimiento sindical se mantiene alerta y movilizado en todos los pa\u00edses ante las respuestas que los gobiernos de la regi\u00f3n est\u00e1n dando para enfrentar este momento de inestabilidad econ\u00f3mica. Advertimos que las respuestas f\u00e1ciles, basadas en el recetario neoliberal ser\u00e1n un retorno a las situaciones de desempleo, exclusi\u00f3n, pobreza y deterioro social que son un lastre para el desarrollo de nuestros pa\u00edses. Los gobiernos no pueden ceder a la presi\u00f3n y al chantaje de los mercados internacionales y sus aliados locales que aspiran a retornar a pol\u00edticas que den mayores beneficios las empresas y se favorezca la concentraci\u00f3n de la riqueza.<\/p>\n<p style=\"text-align: justify;\">Hay que presionar por mantener una pol\u00edtica que enfrente esta coyuntura con garant\u00eda de los empleos, la protecci\u00f3n de los salarios y los derechos laborales. M\u00e1s estructuralmente, y tal como fuera expresado en la Declaraci\u00f3n del Foro Sindical de las Am\u00e9ricas, en Panam\u00e1 el pasado 9 de abril, la crisis irresoluble del capitalismo coloca una enorme presi\u00f3n de los mercados y finanzas internacionales contra los pueblos. Debemos continuar avanzando sin permitir que las conquistas sociales retrocedan. Nuestros pa\u00edses precisan superar las deficiencias estructurales de econom\u00edas dependientes de la extracci\u00f3n y comercializaci\u00f3n de materias primas y promover modelos econ\u00f3micos diversificados y sustentables, desde una perspectiva de integraci\u00f3n y cooperaci\u00f3n regional solidaria que mire siempre atentamente a la dimensi\u00f3n social del desarrollo sustentable. De igual manera es imprescindible estructurar una pol\u00edtica fiscal progresiva que grave las riquezas, las ganancias, la renta, el patrimonio y el consumo de lujo, para que los gobiernos tengan capacidad para mantener los niveles de inversi\u00f3n social adecuados.<\/p>\n<p style=\"text-align: justify;\">Por otro lado asistimos en varios pa\u00edses a una radicalizaci\u00f3n de la agenda pol\u00edtica de la derecha. Su acci\u00f3n se ha concentrado especialmente en los pa\u00edses donde se apoyan procesos de mayor inclusi\u00f3n social, recuperaci\u00f3n del papel del Estado y mayor independencia de los tradicionales centros de poder. Utilizando su control hegem\u00f3nico de los medios de comunicaci\u00f3n, explotando de manera interesada la situaci\u00f3n de dificultad econ\u00f3mica y exacerbando agendas reaccionarias, presionan con salidas antidemocr\u00e1ticas y golpistas, d\u00e1ndole maquillaje legislativo y judicial, cuando no abiertamente violento a estas acciones.<\/p>\n<p style=\"text-align: justify;\">Con relaci\u00f3n a la OIT, asistimos a una disputa contra quienes pretenden debilitar y neutralizar el papel de \u00e9ste \u00f3rgano internacional en su funci\u00f3n normativa y de control sobre la vigencia de las normas fundamentales del trabajo. El Grupo de Empleadores y varios gobiernos conservadores se han concentrado en desconocer la condici\u00f3n del Derecho de Huelga como garant\u00eda reconocida en la normativa internacional y amparada por los convenios fundamentales. Detr\u00e1s de argumentaciones jur\u00eddicas, se esconde la intencionalidad de debilitar uno de los instrumentos de lucha esenciales a la acci\u00f3n de los\/as trabajadores\/as. Lo que se busca es desarmar a los sindicatos, eliminando la fuerza movilizadora del derecho de huelga para lograr las conquistas de la clase trabajadora.<\/p>\n<p style=\"text-align: justify;\">Mientras los empleadores se declaran abiertamente contra los derechos fundamentales del trabajo, avanzan en su ofensiva para imponer su modelo empresarial y de negocios como la panacea para superar la crisis econ\u00f3mica mundial, siendo que ha sido precisamente esa l\u00f3gica de la m\u00e1xima ganancia, concentraci\u00f3n de lucros, disminuci\u00f3n de las garant\u00edas sociales y expoliaci\u00f3n de la naturaleza, la que nos ha conducido a \u00e9ste estado de cosas. Ha sido el capitalismo neoliberal el que ha profundizado la insustentabilidad de la econom\u00eda, la sociedad y el planeta. No es ah\u00ed donde est\u00e1n las salidas y los pueblos y los gobiernos de la regi\u00f3n no pueden ceder a la estratagema de las \u201cEmpresas Sostenibles\u201d en un mundo que se ha hecho insostenible por el abuso de las grandes empresas multinacionales, especialmente del gran capital financiero.<\/p>\n<p style=\"text-align: justify;\">Frente a la agenda de reducci\u00f3n de derechos, recortes de gastos sociales y disminuci\u00f3n del Estado, el movimiento sindical de las Am\u00e9ricas deber\u00e1 estar en las calles para defender los leg\u00edtimos intereses de la clase trabajadora y de los pueblos. Igualmente deber\u00e1 hacerse presente en los escenarios donde se deben debatir y decidir las pol\u00edticas que permitan superar esta coyuntura de crisis y desaceleraci\u00f3n econ\u00f3mica. El movimiento sindical tiene en la Plataforma de Desarrollo de las Am\u00e9ricas (PLADA) el instrumental de propuestas en los diferentes \u00e1mbitos del desarrollo sustentable, que permita no s\u00f3lo dar respuesta al momento que vive la regi\u00f3n, sino, en un horizonte estrat\u00e9gico, avanzar en un modelo apoyado en las cuatro dimensiones del desarrollo sustentable (pol\u00edtica, econ\u00f3mica, social y ambiental) y su necesaria articulaci\u00f3n, para responder de manera equilibrada a los desaf\u00edos de econom\u00edas al servicio de nuestras sociedades, con garant\u00eda de plenos derechos sociales, con participaci\u00f3n democr\u00e1tica y protag\u00f3nica, igualdad y preservaci\u00f3n del planeta para las generaciones presentes y futuras.<\/p>\n<p style=\"text-align: justify;\">Frente a la crisis, movilizaci\u00f3n y lucha por la defensa y ampliaci\u00f3n nuestros derechos!!!<\/p>\n<p style=\"text-align: justify;\">No al chantaje y la presi\u00f3n de los mercados y el capital transnacional!!!<\/p>\n<p style=\"text-align: justify;\">Por la profundizaci\u00f3n de la Democracia pol\u00edtica y social!!<\/p>\n<p style=\"text-align: justify;\">Viva el 1ero. De mayo!!!<\/p>\n","protected":false},"excerpt":{"rendered":"En la fecha hist\u00f3rica para la reivindicaci\u00f3n de derechos del movimiento sindical internacional, queremos compartir las siguientes reflexiones y formulaciones.\n<a class=\"moretag\" href=\"https:\/\/ctainternacionales.org\/?p=2774\"> [...]<\/a>","protected":false},"author":1,"featured_media":0,"comment_status":"closed","ping_status":"closed","sticky":false,"template":"","format":"standard","meta":{"ngg_post_thumbnail":0,"footnotes":""},"categories":[],"tags":[],"class_list":["post-2774","post","type-post","status-publish","format-standard","hentry"],"_links":{"self":[{"href":"https:\/\/ctainternacionales.org\/index.php?rest_route=\/wp\/v2\/posts\/2774","targetHints":{"allow":["GET"]}}],"collection":[{"href":"https:\/\/ctainternacionales.org\/index.php?rest_route=\/wp\/v2\/posts"}],"about":[{"href":"https:\/\/ctainternacionales.org\/index.php?rest_route=\/wp\/v2\/types\/post"}],"author":[{"embeddable":true,"href":"https:\/\/ctainternacionales.org\/index.php?rest_route=\/wp\/v2\/users\/1"}],"replies":[{"embeddable":true,"href":"https:\/\/ctainternacionales.org\/index.php?rest_route=%2Fwp%2Fv2%2Fcomments&post=2774"}],"version-history":[{"count":2,"href":"https:\/\/ctainternacionales.org\/index.php?rest_route=\/wp\/v2\/posts\/2774\/revisions"}],"predecessor-version":[{"id":2777,"href":"https:\/\/ctainternacionales.org\/index.php?rest_route=\/wp\/v2\/posts\/2774\/revisions\/2777"}],"wp:attachment":[{"href":"https:\/\/ctainternacionales.org\/index.php?rest_route=%2Fwp%2Fv2%2Fmedia&parent=2774"}],"wp:term":[{"taxonomy":"category","embeddable":true,"href":"https:\/\/ctainternacionales.org\/index.php?rest_route=%2Fwp%2Fv2%2Fcategories&post=2774"},{"taxonomy":"post_tag","embeddable":true,"href":"https:\/\/ctainternacionales.org\/index.php?rest_route=%2Fwp%2Fv2%2Ftags&post=2774"}],"curies":[{"name":"wp","href":"https:\/\/api.w.org\/{rel}","templated":true}]}}