{"id":2770,"date":"2015-04-24T14:59:24","date_gmt":"2015-04-24T17:59:24","guid":{"rendered":"http:\/\/www.ctainternacionales.org\/?p=2770"},"modified":"2015-04-24T14:59:33","modified_gmt":"2015-04-24T17:59:33","slug":"el-mediterraneo-no-puede-ser-un-cementerio-de-migrantes","status":"publish","type":"post","link":"https:\/\/ctainternacionales.org\/?p=2770","title":{"rendered":"El mediterr\u00e1neo no puede ser un cementerio de migrantes"},"content":{"rendered":"<p style=\"text-align: justify;\"><a href=\"http:\/\/www.ctainternacionales.org\/wp-content\/uploads\/2015\/04\/38daf603fc9fa348709e07ea987d9b7b.jpg\"><img loading=\"lazy\" decoding=\"async\" class=\"aligncenter size-thumbnail wp-image-2771\" src=\"http:\/\/www.ctainternacionales.org\/wp-content\/uploads\/2015\/04\/38daf603fc9fa348709e07ea987d9b7b-307x269.jpg\" alt=\"38daf603fc9fa348709e07ea987d9b7b\" width=\"307\" height=\"269\" \/><\/a><\/p>\n<p style=\"text-align: justify;\">Jo\u00e3o Felicio, presidente da Confedera\u00e7\u00e3o Sindical Internacional (CSI)<\/p>\n<p style=\"text-align: justify;\">Los naufragios repetidos en el Mediterr\u00e1neo y la secuencia dolorosa de la muerte adornan la pol\u00edtica de genocidio y el neocolonialismo aplicada por las grandes potencias, en particular contra las personas y los pa\u00edses africanos.<!--more--><\/p>\n<p style=\"text-align: justify;\">El desglose, la desintegraci\u00f3n de las naciones y las guerras &#8211; y una ocupaci\u00f3n militar extranjera, como en el caso de Libia &#8211; han servido para una mayor explotaci\u00f3n de sus recursos naturales y su mano de obra, que ha exacerbado el hambre y la pobreza con aumento de la desesperanza. Eso es lo que arroja hombres y mujeres al mar, en b\u00fasqueda de una nueva oportunidad para sus familias en Europa.<\/p>\n<p style=\"text-align: justify;\">Tales \u00aboportunidades\u00bb clandestina, como sabemos, no son m\u00e1s que puestos de trabajo altamente inestables &#8211; sin derechos y salarios de pobreza &#8211; y o trata de personas para su explotaci\u00f3n. Compensaci\u00f3n\u00bb para hacer girar la rueda de la fortuna del sistema financiero, ya que la gente &#8211; incluyendo los europeos &#8211; sufren de recortes en los programas sociales y est\u00e1n inmersos en la \u00abausteridad\u00bb para pagar las deudas impagables por completo. Estas son las prioridades que se puede escuchar a la final de la l\u00ednea para liberar cualquier \u00abayuda humanitaria\u00bb o una homogeneidad de recursos para estimular el crecimiento econ\u00f3mico en las naciones empobrecidas.<\/p>\n<p style=\"text-align: justify;\">Para aquellos que tienen un m\u00ednimo de sentido humanitario, es inaceptable para ver una repetici\u00f3n del horror del hundimiento sin luchar a los ecos de gritos de auxilio reverberar las autoridades responsables de la continuaci\u00f3n de esta verdadera burla.<\/p>\n<p style=\"text-align: justify;\">El hecho es que en los primeros cuatro meses de este a\u00f1o m\u00e1s de 1.750 inmigrantes se ahogaron en el Mediterr\u00e1neo, en un gran cementerio. El n\u00famero 30 veces mayor que en el mismo per\u00edodo en 2014, seg\u00fan la Organizaci\u00f3n Internacional para las Migraciones (OIM), da la dimensi\u00f3n de la tragedia.<\/p>\n<p style=\"text-align: justify;\">Apenas el domingo pasado, frente a la costa de Libia, 800 personas &#8211; entre ellos varios ni\u00f1os &#8211; perdieron la vida. La Agencia de la ONU para los Refugiados (ACNUR) indica que este es el \u00abaccidente\u00bb m\u00e1s mort\u00edfero jam\u00e1s registrado en el Mediterr\u00e1neo, lo que refuerza la necesidad de dar una respuesta inmediata.<\/p>\n<p style=\"text-align: justify;\">Tambi\u00e9n para el bien de la justicia, el tiempo es la memoria, sin olvidar nunca, ya que Am\u00e9rica Latina y el propio Brasil se formaron por las generaciones venideras del viejo mundo, que se asentaron aqu\u00ed huyendo de las dificultades.<\/p>\n<p style=\"text-align: justify;\">Rechazamos, por lo tanto, el segregacionista y la postura profundamente autoritaria de los gobiernos europeos hacia los migrantes, reafirmamos la solidaridad, el antiimperialismo y el respeto a la libre determinaci\u00f3n como una cuesti\u00f3n de principios, que no puede ser ahogados en las almas de la cuenca gran negocio.<\/p>\n<p style=\"text-align: justify;\">\n","protected":false},"excerpt":{"rendered":"Jo\u00e3o Felicio, presidente da Confedera\u00e7\u00e3o Sindical Internacional (CSI) Los naufragios repetidos en el Mediterr\u00e1neo y la secuencia dolorosa de la muerte adornan la \n<a class=\"moretag\" href=\"https:\/\/ctainternacionales.org\/?p=2770\"> [...]<\/a>","protected":false},"author":1,"featured_media":0,"comment_status":"closed","ping_status":"closed","sticky":false,"template":"","format":"standard","meta":{"ngg_post_thumbnail":0,"footnotes":""},"categories":[],"tags":[],"class_list":["post-2770","post","type-post","status-publish","format-standard","hentry"],"_links":{"self":[{"href":"https:\/\/ctainternacionales.org\/index.php?rest_route=\/wp\/v2\/posts\/2770","targetHints":{"allow":["GET"]}}],"collection":[{"href":"https:\/\/ctainternacionales.org\/index.php?rest_route=\/wp\/v2\/posts"}],"about":[{"href":"https:\/\/ctainternacionales.org\/index.php?rest_route=\/wp\/v2\/types\/post"}],"author":[{"embeddable":true,"href":"https:\/\/ctainternacionales.org\/index.php?rest_route=\/wp\/v2\/users\/1"}],"replies":[{"embeddable":true,"href":"https:\/\/ctainternacionales.org\/index.php?rest_route=%2Fwp%2Fv2%2Fcomments&post=2770"}],"version-history":[{"count":2,"href":"https:\/\/ctainternacionales.org\/index.php?rest_route=\/wp\/v2\/posts\/2770\/revisions"}],"predecessor-version":[{"id":2773,"href":"https:\/\/ctainternacionales.org\/index.php?rest_route=\/wp\/v2\/posts\/2770\/revisions\/2773"}],"wp:attachment":[{"href":"https:\/\/ctainternacionales.org\/index.php?rest_route=%2Fwp%2Fv2%2Fmedia&parent=2770"}],"wp:term":[{"taxonomy":"category","embeddable":true,"href":"https:\/\/ctainternacionales.org\/index.php?rest_route=%2Fwp%2Fv2%2Fcategories&post=2770"},{"taxonomy":"post_tag","embeddable":true,"href":"https:\/\/ctainternacionales.org\/index.php?rest_route=%2Fwp%2Fv2%2Ftags&post=2770"}],"curies":[{"name":"wp","href":"https:\/\/api.w.org\/{rel}","templated":true}]}}