{"id":2768,"date":"2015-04-24T14:29:14","date_gmt":"2015-04-24T17:29:14","guid":{"rendered":"http:\/\/www.ctainternacionales.org\/?p=2768"},"modified":"2015-04-24T14:32:48","modified_gmt":"2015-04-24T17:32:48","slug":"que-se-esconde-bajo-las-aguas-del-mar-migratorio-a-europa","status":"publish","type":"post","link":"https:\/\/ctainternacionales.org\/?p=2768","title":{"rendered":"\u00bfQu\u00e9 se esconde bajo las aguas del mar migratorio a Europa?"},"content":{"rendered":"<p style=\"text-align: justify;\"><a href=\"http:\/\/www.ctainternacionales.org\/wp-content\/uploads\/2015\/04\/0000549777.jpg\"><img loading=\"lazy\" decoding=\"async\" class=\"aligncenter size-thumbnail wp-image-2762\" src=\"http:\/\/www.ctainternacionales.org\/wp-content\/uploads\/2015\/04\/0000549777-307x171.jpg\" alt=\"0000549777\" width=\"307\" height=\"171\" \/><\/a>La noticia del naufragio de otro barco repleto de personas que buscaban llegar a suelo europeo parece no sorprender. Tan s\u00f3lo en lo que va del a\u00f1o, 1750 personas murieron tratando de cruzar el mar mediterr\u00e1neo con la esperanza de poder encontrar un futuro mejor o al menos alg\u00fan futuro.<!--more--><\/p>\n<p style=\"text-align: justify;\">La mayor\u00eda de estas personas (hombres, mujeres, ni\u00f1os) son migrantes que intentan escapar de un escenario de guerra, conflicto y hambre en sus pa\u00edses. No hace falta aclarar que se van no por esp\u00edritu aventurero, sino con el objetivo de salvar sus vidas y las de su familia.<\/p>\n<p style=\"text-align: justify;\">No s\u00f3lo estad\u00edstica y cuantitativamente la situaci\u00f3n se agrava en los c\u00e1lculos prospectivos interanuales de las organizaciones especializadas, sino que hablamos de personas, vidas humanas que en mayor medida se pierden en la indiferencia y la inacci\u00f3n, as\u00ed como en los recortes presupuestarios y en la xenofobia europea.<\/p>\n<p style=\"text-align: justify;\">Esta vez se trat\u00f3 de m\u00e1s de 800 personas que naufragaron en el Canal de Sicilia, cuando trataban de llegar a costas italianas desde Libia, uno de los puntos geogr\u00e1ficos m\u00e1s apto para cruzar.<\/p>\n<p style=\"text-align: justify;\">Recordemos que una situaci\u00f3n similar de desconcierto e impotencia llegaba a nuestros o\u00eddos hace a\u00f1o y medio atr\u00e1s en relaci\u00f3n a dos naufragios sucesivos en octubre de 2013 que se cobraron la vida de hombres, mujeres y ni\u00f1os en las costas de Lampedusa. De all\u00ed a hoy, las pol\u00edticas para contener las vicisitudes en materia migratoria se han contra\u00eddo en lugar de expandirse, sobre todo en cantidad de nav\u00edos que se destinan al salvataje, recursos humanos y fondos.<\/p>\n<p style=\"text-align: justify;\">Al entrar en el tema, escuchamos a aquellos que debaten sobre si la responsabilidad la tuvo el capit\u00e1n, si la causa son las ya ancladas redes comerciales que trafican ilegalmente personas, o si se trata solamente de una sobrecarga de los barcos.<\/p>\n<p style=\"text-align: justify;\">Pero las razones van mucho m\u00e1s all\u00e1. La tragedia de los migrantes es la consecuencia de decisiones pol\u00edticas que se han implementado desde los centros de poder sin sopesar el costo que tendr\u00eda para los pueblos de los pa\u00edses m\u00e1s afectados por las guerras civiles, el hambre y la pobreza.<\/p>\n<p style=\"text-align: justify;\">Est\u00e1n las razones m\u00e1s profundas que podr\u00edan explicar esta situaci\u00f3n y el por qu\u00e9 de la huida de migrantes que se lanzan a cruzar las fronteras sin importar las condiciones y est\u00e1n aquellas m\u00e1s cercanas que sirven para explicar c\u00f3mo se economizan los fondos que podr\u00edan utilizarse para poder por lo menos prevenir los naufragios. Tanto unas como otras razones tienen que ver con los mismos responsables, con aquellos que toman decisiones o eligen no tomarlas, y con ello signan el futuro de miles.<\/p>\n<p style=\"text-align: justify;\">Con la \u201cla primavera \u00e1rabe\u201d a fines del a\u00f1o 2010 y principios del 2011, el pueblo \u00e1rabe comenz\u00f3 a levantarse en contra de los gobiernos que estaban anclados en el poder durante d\u00e9cadas. Como sucedi\u00f3 en T\u00fanez, Siria y Libia. Pero esto no puede entenderse sin el apoyo que brindaron importantes pa\u00edses europeos amparados en sus intereses geopol\u00edticos y econ\u00f3micos para poder derrocar a los l\u00edderes. El caso de Libia es emblem\u00e1tico. Luego de la intervenci\u00f3n militar europea por parte de la OTAN en marzo del 2011 y de la ca\u00edda de Mouammar Kadhafi el pa\u00eds vive en un permanente caos y guerra civil. Las poblaciones civiles se encuentran entonces siendo rehenes de diferentes poderes que poco o nada hacen para garantizar condiciones m\u00ednimas de vida, y se encuentran por ello sumidas en una guerra continua y en el caos social, pol\u00edtico y econ\u00f3mico. Parte de ellas elijen partir y es all\u00ed donde se encuentran con las complejidades de una pol\u00edtica migratoria restrictiva que no s\u00f3lo no est\u00e1 a la altura de las circunstancias sino que se desliga de las responsabilidades que le competen.<\/p>\n<p style=\"text-align: justify;\">La pol\u00edtica migratoria europea tiene como eje central la seguridad de sus fronteras y no una mirada humanitaria respecto a los migrantes que sin otra opci\u00f3n deciden dejar sus pa\u00edses de origen, producto de los conflictos internos, la miseria y la amenaza del Estado Isl\u00e1mico.<\/p>\n<p style=\"text-align: justify;\">Desde los andamiajes institucionales la respuesta fue la convocatoria a una reuni\u00f3n extraordinaria del bloque europeo. As\u00ed, las miradas intentan ser dirigidas a una cosm\u00e9tica reuni\u00f3n en Luxemburgo para \u201cdiscutir c\u00f3mo frenar a los traficantes de vidas humanas\u201d. Lo m\u00e1s lejos posible de las c\u00e1maras y de los sobrevivientes que ven pasar cad\u00e1veres de sus compatriotas sin saber a\u00fan cu\u00e1l ser\u00e1 finalmente el lugar a donde las autoridades los deriven.<\/p>\n<p style=\"text-align: justify;\">El resultado de la reuni\u00f3n fue un sucinto plan de diez puntos orientado a duplicar el tama\u00f1o y el financiamiento de la actual operaci\u00f3n europea \u201cTrit\u00f3n\u201d, enfoc\u00e1ndose en la vigilancia, captura y destrucci\u00f3n de nav\u00edos utilizados para el transporte ilegal de migrantes. Lo que a\u00fan la ubicar\u00eda como una iniciativa naval m\u00e1s peque\u00f1a y agresiva en relaci\u00f3n a su predecesora cancelada el a\u00f1o pasado por su costo y la oposici\u00f3n local a unos rescates que podr\u00edan \u201canimar\u201d a que crezca la emigraci\u00f3n. La precedente operaci\u00f3n \u201cMare Nostrum\u201d se financiaba con 9 millones de euros mensuales a cargo de Roma y contaba con una flota de una decena de buques y 900 hombres, capaz de alejarse hasta 172 millas de las costas italianas.<\/p>\n<p style=\"text-align: justify;\">En aqu\u00e9l momento, cuando se puso fin en octubre pasado a la operaci\u00f3n de b\u00fasqueda y rescate \u00abMare Nostrum\u00bb -tras un a\u00f1o de funcionamiento durante el que salv\u00f3 miles de vidas-, la Acnur predijo el actual \u00abescenario\u00bb de tragedias de inmigrantes ahogados en el Mediterr\u00e1neo. De modo que no es bajo ning\u00fan aspecto una problem\u00e1tica inesperada o imprevista.<\/p>\n<p style=\"text-align: justify;\">Las palabras del ministro del Interior alem\u00e1n, Thomas de Maiziere, reflejan el estado de la opini\u00f3n que abog\u00f3 a concluir con \u201cMare Nostrum\u201d:<\/p>\n<p style=\"text-align: justify;\">\u201cSi s\u00f3lo organizas una b\u00fasqueda y rescate, los criminales que suben a los refugiados a bordo enviar\u00e1n m\u00e1s barcos\u00bb. La iniciativa del bloque europeo es transparente: no empeorar la crisis animando a m\u00e1s migrantes a arribar. El inter\u00e9s es deslindarse de las responsabilidades, sin importar la crisis humanitaria \u00e1rabe-africana, la situaci\u00f3n de pobreza, la violaci\u00f3n de libertades. Ese parece ser el l\u00edmite de la voluntad pol\u00edtica de los Jefes de Estado.<\/p>\n<p style=\"text-align: justify;\">Se trata de intentar detener un problema estructural con una soluci\u00f3n material y coyuntural, carente de intervenci\u00f3n desde una \u00f3ptica humana y social. Con dispositivos que visan a optimizar el rendimiento de los escasos recursos destinados a evitar muertes en el mar, sin abordar de manera integral y profunda una problem\u00e1tica que tiene claras ra\u00edces pol\u00edticas, que van desde el por qu\u00e9 de la emigraci\u00f3n, hasta cu\u00e1les son los mecanismos de recepci\u00f3n, asilo e integraci\u00f3n de las personas migrantes.<\/p>\n<p style=\"text-align: justify;\">Reducir las cifras de muertos que pueden perjudicar la imagen y el margen de maniobra de los pa\u00edses europeos receptores de migrantes as\u00ed como la estabilidad de la pol\u00edtica interna; aquella es la meta europea.<\/p>\n<p style=\"text-align: justify;\">Se vuelve imperativa, entonces, una reflexi\u00f3n m\u00e1s profunda del caso, no como un hecho extraordinario, sino como parte de un fen\u00f3meno instalado, que remite a causas estructurales vinculadas a perpetrar la injerencia pol\u00edtica europea por intereses econ\u00f3micos y geopol\u00edticos en la regi\u00f3n, sin asumir como contrapartida la responsabilidad por los costos humanitarios. Respuestas sencillamente m\u00e1s profundas que el maquillaje pol\u00edtico de \u00faltimo minuto.<\/p>\n<p style=\"text-align: justify;\">* Equipo de Comunicaci\u00f3n de la Secretar\u00eda de Relaciones Internacionales de la CTA<\/p>\n","protected":false},"excerpt":{"rendered":"La noticia del naufragio de otro barco repleto de personas que buscaban llegar a suelo europeo parece no sorprender. Tan s\u00f3lo en lo \n<a class=\"moretag\" href=\"https:\/\/ctainternacionales.org\/?p=2768\"> [...]<\/a>","protected":false},"author":1,"featured_media":0,"comment_status":"closed","ping_status":"closed","sticky":false,"template":"","format":"standard","meta":{"ngg_post_thumbnail":0,"footnotes":""},"categories":[],"tags":[],"class_list":["post-2768","post","type-post","status-publish","format-standard","hentry"],"_links":{"self":[{"href":"https:\/\/ctainternacionales.org\/index.php?rest_route=\/wp\/v2\/posts\/2768","targetHints":{"allow":["GET"]}}],"collection":[{"href":"https:\/\/ctainternacionales.org\/index.php?rest_route=\/wp\/v2\/posts"}],"about":[{"href":"https:\/\/ctainternacionales.org\/index.php?rest_route=\/wp\/v2\/types\/post"}],"author":[{"embeddable":true,"href":"https:\/\/ctainternacionales.org\/index.php?rest_route=\/wp\/v2\/users\/1"}],"replies":[{"embeddable":true,"href":"https:\/\/ctainternacionales.org\/index.php?rest_route=%2Fwp%2Fv2%2Fcomments&post=2768"}],"version-history":[{"count":1,"href":"https:\/\/ctainternacionales.org\/index.php?rest_route=\/wp\/v2\/posts\/2768\/revisions"}],"predecessor-version":[{"id":2769,"href":"https:\/\/ctainternacionales.org\/index.php?rest_route=\/wp\/v2\/posts\/2768\/revisions\/2769"}],"wp:attachment":[{"href":"https:\/\/ctainternacionales.org\/index.php?rest_route=%2Fwp%2Fv2%2Fmedia&parent=2768"}],"wp:term":[{"taxonomy":"category","embeddable":true,"href":"https:\/\/ctainternacionales.org\/index.php?rest_route=%2Fwp%2Fv2%2Fcategories&post=2768"},{"taxonomy":"post_tag","embeddable":true,"href":"https:\/\/ctainternacionales.org\/index.php?rest_route=%2Fwp%2Fv2%2Ftags&post=2768"}],"curies":[{"name":"wp","href":"https:\/\/api.w.org\/{rel}","templated":true}]}}