{"id":2755,"date":"2015-04-16T14:56:51","date_gmt":"2015-04-16T17:56:51","guid":{"rendered":"http:\/\/www.ctainternacionales.org\/?p=2755"},"modified":"2015-04-16T15:50:13","modified_gmt":"2015-04-16T18:50:13","slug":"el-paro-de-brasil-contra-la-terciarizacion","status":"publish","type":"post","link":"https:\/\/ctainternacionales.org\/?p=2755","title":{"rendered":"El Paro de brasil contra la terciarizaci\u00f3n"},"content":{"rendered":"<p>&nbsp;<\/p>\n<p class=\"p1\" style=\"text-align: justify;\"><a href=\"http:\/\/www.ctainternacionales.org\/wp-content\/uploads\/2015\/04\/IMG-20150416-WA0002.jpg\"><img loading=\"lazy\" decoding=\"async\" class=\"aligncenter size-thumbnail wp-image-2757\" src=\"http:\/\/www.ctainternacionales.org\/wp-content\/uploads\/2015\/04\/IMG-20150416-WA0002-307x230.jpg\" alt=\"IMG-20150416-WA0002\" width=\"307\" height=\"230\" \/><\/a>Con la consigna de No a la Tercerizaci\u00f3n, miles de personas integrantes de centrales sindicales y de movimientos sociales marcharon bajo la lluvia por las calles de San Pablo. La CTA se hizo presente en la manifestaci\u00f3n a trav\u00e9s del secretario gremial\u00a0Daniel Jorajuria y del asesor de la secretaria de relaciones internacionales Bruno Dobrusin, expresando el apoyo del movimiento sindical argentino en un momento dif\u00edcil. La manifestaci\u00f3n en San Paulo no fue la \u00fanica, ya que se produjeron paralizaciones, cortes de ruta y otras marchas a lo largo del pa\u00eds. Tanto la Central \u00danica de Trabajadores (CUT) como la Central de Trabajadores Brasileros (CTB) fueron ejes principales de la jornada nacional de protesta. Participaron tambi\u00e9n movimientos sociales como el Movimiento de Trabajadores sin Techo (MTST) y el Movimiento de Trabajadores sin Tierra (MST).<\/p>\n<p class=\"p1\" style=\"text-align: justify;\"><a href=\"http:\/\/www.ctainternacionales.org\/wp-content\/uploads\/2015\/04\/IMG-20150416-WA0000.jpg\"><img loading=\"lazy\" decoding=\"async\" class=\"aligncenter size-thumbnail wp-image-2756\" src=\"http:\/\/www.ctainternacionales.org\/wp-content\/uploads\/2015\/04\/IMG-20150416-WA0000-307x230.jpg\" alt=\"IMG-20150416-WA0000\" width=\"307\" height=\"230\" \/><\/a>El proyecto de Ley 4330 est\u00e1 siendo discutido durante estas semanas en el congreso y permitir\u00e1 la tercerizaci\u00f3n a la totalidad de las actividades econ\u00f3micas, algo que hasta el momento solo estaba permitido para actividades intermedias. Con la aplicaci\u00f3n de esta ley, que tiene por ahora la aprobaci\u00f3n de diputados y todav\u00eda tiene que ir al senado, se abre la posibilidad de tercearizar a millones de trabajadores. Seg\u00fan datos del DIEESE, los trabajadores tercearizados ganan en promedio un 27% menos que los trabajadores de planta, y tiene a su vez un recorte en los aportes jubilatorias y en contribuciones al sistema de salud. De esta manera, el proyecto de tercerizaci\u00f3n afectara a trabajadores, sus organizaciones sindicales y tambi\u00e9n al mismo Estado a trav\u00e9s de una ca\u00edda en la recaudaci\u00f3n.<\/p>\n<p class=\"p1\" style=\"text-align: justify;\">En palabras durante la manifestaci\u00f3n, el Presidente de la CUT Vagner Freitas expreso que esta ley de tercerizaci\u00f3n es la punta del iceberg de los ataques a los derechos de trabajadores que planean los partidos de derecha junto con los empresarios. A su vez, Vagner indico que el programa de ajuste actual no puede recaer sobre los trabajadores, impulsando la propuesta de aumentar los impuestos a las grandes fortunas.<\/p>\n<p class=\"p1\" style=\"text-align: justify;\">Como parte de la movilizaci\u00f3n, Daniel Jorajuria dio una entrevista a una radio local donde remarco \u201ctraemos un abrazo fraternal de la CTA Aut\u00f3noma en esta extraordinaria jornada de lucha de los trabajadores brasileros\u201d, afirmando tambi\u00e9n que \u201cla lucha contra la tercerizaci\u00f3n deber\u00eda servirnos para unir a la clase trabajadores en el mundo porque es la principal causa de la precarizaci\u00f3n laboral\u201d. Por \u00faltimo, Jorajuria manifest\u00f3 que el objetivo de la lucha deben ser las empresas, ya que estas leyes \u201cliberan a las empresas permiti\u00e9ndoles organizarse como quieran para explotar mejor a los trabajadores\u201d.<\/p>\n<p class=\"p1\" style=\"text-align: justify;\">La movilizaci\u00f3n comenz\u00f3 frente a la Federaci\u00f3n de Industrias de San Pablo (FIESP), donde concentro el movimiento sindical, y luego se encontr\u00f3 con los dem\u00e1s movimientos sociales a lo largo de la avenida paulista. La marcha ocurre en un contexto donde no solo est\u00e1 el problema de la ley 4330, sino tambi\u00e9n en medio de un complejo proceso pol\u00edtico de avance de la derecha contra el gobierno de Dilma Rousseff, por el caso de corrupci\u00f3n en Petrobras. Este proceso de investigaci\u00f3n sobre las grandes empresas constructoras ha paralizado al sector, dejando sin trabajo a cientos de miles de obreros, generando todav\u00eda mayor preocupaci\u00f3n para el movimiento sindical.<\/p>\n<p>&nbsp;<\/p>\n","protected":false},"excerpt":{"rendered":"&nbsp; Con la consigna de No a la Tercerizaci\u00f3n, miles de personas integrantes de centrales sindicales y de movimientos sociales marcharon bajo la \n<a class=\"moretag\" href=\"https:\/\/ctainternacionales.org\/?p=2755\"> [...]<\/a>","protected":false},"author":1,"featured_media":0,"comment_status":"closed","ping_status":"closed","sticky":false,"template":"","format":"standard","meta":{"ngg_post_thumbnail":0,"footnotes":""},"categories":[],"tags":[],"class_list":["post-2755","post","type-post","status-publish","format-standard","hentry"],"_links":{"self":[{"href":"https:\/\/ctainternacionales.org\/index.php?rest_route=\/wp\/v2\/posts\/2755","targetHints":{"allow":["GET"]}}],"collection":[{"href":"https:\/\/ctainternacionales.org\/index.php?rest_route=\/wp\/v2\/posts"}],"about":[{"href":"https:\/\/ctainternacionales.org\/index.php?rest_route=\/wp\/v2\/types\/post"}],"author":[{"embeddable":true,"href":"https:\/\/ctainternacionales.org\/index.php?rest_route=\/wp\/v2\/users\/1"}],"replies":[{"embeddable":true,"href":"https:\/\/ctainternacionales.org\/index.php?rest_route=%2Fwp%2Fv2%2Fcomments&post=2755"}],"version-history":[{"count":2,"href":"https:\/\/ctainternacionales.org\/index.php?rest_route=\/wp\/v2\/posts\/2755\/revisions"}],"predecessor-version":[{"id":2759,"href":"https:\/\/ctainternacionales.org\/index.php?rest_route=\/wp\/v2\/posts\/2755\/revisions\/2759"}],"wp:attachment":[{"href":"https:\/\/ctainternacionales.org\/index.php?rest_route=%2Fwp%2Fv2%2Fmedia&parent=2755"}],"wp:term":[{"taxonomy":"category","embeddable":true,"href":"https:\/\/ctainternacionales.org\/index.php?rest_route=%2Fwp%2Fv2%2Fcategories&post=2755"},{"taxonomy":"post_tag","embeddable":true,"href":"https:\/\/ctainternacionales.org\/index.php?rest_route=%2Fwp%2Fv2%2Ftags&post=2755"}],"curies":[{"name":"wp","href":"https:\/\/api.w.org\/{rel}","templated":true}]}}