{"id":2751,"date":"2015-04-15T20:36:27","date_gmt":"2015-04-15T23:36:27","guid":{"rendered":"http:\/\/www.ctainternacionales.org\/?p=2751"},"modified":"2015-04-15T21:55:46","modified_gmt":"2015-04-16T00:55:46","slug":"a-10-anos-del-no-al-alca-seguimos-luchando-por-adolfo-fito-aguirre","status":"publish","type":"post","link":"https:\/\/ctainternacionales.org\/?p=2751","title":{"rendered":"A 10 a\u00f1os del No al ALCA  seguimos luchando Por Adolfo \u00abFito\u00bb Aguirre"},"content":{"rendered":"<p style=\"text-align: justify;\"><strong><a href=\"http:\/\/www.ctainternacionales.org\/wp-content\/uploads\/2015\/04\/che-guevara.0-2.jpg\"><img loading=\"lazy\" decoding=\"async\" class=\"aligncenter size-thumbnail wp-image-2752\" src=\"http:\/\/www.ctainternacionales.org\/wp-content\/uploads\/2015\/04\/che-guevara.0-2-307x203.jpg\" alt=\"che-guevara.0 2\" width=\"307\" height=\"203\" \/><\/a>A 10 a\u00f1os del No al Alca seguimos luchando,<\/strong><br \/>\npor Fito Aguirre<br \/>\nA\u00f1o 2015, una nueva Cumbre de las Am\u00e9ricas que esta vez fue celebrada en Panam\u00e1, y que ser\u00e1 recordada con la foto del apret\u00f3n de manos entre Obama y Ra\u00fal Castro, y por el conflicto ocasionado por la injerencia estadounidense en los asuntos internos de Venezuela. <!--more--><br \/>\nHan pasado diez a\u00f1os de aquella hist\u00f3rica Cumbre que tuvo lugar en la ciudad de Mar del Plata en 2005, en donde el movimiento sindical latinoamericano y caribe\u00f1o junto a otras movimientos sociales y pol\u00edticos, y la Alianza Social Continental confluimos para decirle NO al ALCA. Recuerdo el rol activo que tuvo en la resistencia al ALCA nuestra Central y fundamentalmente nuestro compa\u00f1ero Victor De Gennaro quien lider\u00f3 esa resistencia junto a otros importantes dirigentes. El ALCA supon\u00eda una asociaci\u00f3n para fomentar el libre comercio de norte a sur de Am\u00e9rica, y un intento de la gran potencia estadounidense de fijar las reglas del juego econ\u00f3mico en nuestros paises. La firme posici\u00f3n de gobiernos como Argentina, Brasil, Venezuela, Paraguay y Uruguay sumado a la presi\u00f3n popular pudo poner freno a lo que hubiera sido un modelo neoliberal para regir los intercambios comerciales entre los pa\u00edses de la regi\u00f3n. En ese momento le dijimos NO al ALCA, NO a Bush, y como bien dijo Ch\u00e1vez \u201cALCA, \u00a1al carajo!\u201d<br \/>\nEl movimiento sindical fue sin duda uno de los grandes actores en poner este freno, que marc\u00f3 una importante resistencia a la injerencia de una gran potencia en la vida de nuestros pueblos y en las relaciones de nuestros pa\u00edses. <a href=\"http:\/\/www.ctainternacionales.org\/wp-content\/uploads\/2015\/04\/Alca-copia-4c689.jpg\"><img loading=\"lazy\" decoding=\"async\" class=\"aligncenter size-full wp-image-2753\" src=\"http:\/\/www.ctainternacionales.org\/wp-content\/uploads\/2015\/04\/Alca-copia-4c689.jpg\" alt=\"Alca-copia-4c689\" width=\"200\" height=\"225\" \/><\/a><br \/>\nLuego de este movimiento general de NO al ALCA los pa\u00edses latinoamericanos han avanzado en la constituci\u00f3n de otras instancias que le permitieron fortalecerse como bloque para poder obtener una mayor integraci\u00f3n regional. La UNASUR, el ALBA, la CELAC son ejemplo de ello, las cuales han logrado a su vez desplazar la preeminencia de la OEA en los asuntos americanos.<br \/>\nSin embargo la lucha no est\u00e1 ganada a\u00fan. Estas instancias si bien han avanzado en generar distintos mecanismos de di\u00e1logo y de acuerdo y han arribado a pronunciarse sobre los conflictos y amenazas que se ciernen sobre nuestros pa\u00edses, terminan siendo tibias o faltas de medidas concretas en el sentido de una mayor integraci\u00f3n regional que permita conformar a la regi\u00f3n en un verdadero bloque lo suficientemente fuerte a nivel interno como a nivel externo. Este bloque deber\u00eda tener como meta implantar un modelo de desarrollo que integre la dimensi\u00f3n social y sea ambientalmente sustentable, como lo proponemos desde el movimiento sindical a trav\u00e9s de la Plataforma de Desarrollo de las Am\u00e9ricas (PLADA), para lograr que se termine con la l\u00f3gica de primarizaci\u00f3n y de dependencia financiera de nuestras econom\u00edas.<br \/>\nPor otro lado, las firmas unilaterales de algunos pa\u00edses de Tratados de Libre Comercio de nueva generaci\u00f3n, como es el caso del Acuerdo de comercio de servicios (TISA por sus siglas en ingl\u00e9s), que son discutidos a puertas cerradas sin el conocimiento del pueblo, son otras de las formas de la sumisi\u00f3n que no podr\u00edan y no deben ser aceptadas. Este tratado impulsado por Estados Unidos que empez\u00f3 a tratarse en 2012 ya cont\u00f3 con la adhesi\u00f3n de la Uni\u00f3n Europea y entre otros pa\u00edses Canad\u00e1, Chile, Colombia, Costa Rica, Panam\u00e1, Paraguay, Per\u00fa y recientemente nos enteramos que tambi\u00e9n Uruguay ha firmado este tratado de manera totalmente secreta. Estos tratados de los cuales no se conocen a\u00fan sus detalles, que se proponen avanzar en la liberalizaci\u00f3n y desregulaci\u00f3n de los mercados, y tendr\u00e1n un importante impacto en servicios tan elementales como el transporte, la salud, la distribuci\u00f3n del agua y el suministro de energ\u00eda entre otros, amenazar\u00e1n claramente la regulaci\u00f3n por parte del Estado con el riesgo de que estos servicios queden completamente sumisos a las leyes de mercado y de competencia, para abaratar costos y multiplicar ganancias, desde\u00f1ando cualquier perjuicio ocasionado a todos nosotros, los trabajadores.<br \/>\nAsimismo los acuerdos bilaterales que algunos de nuestros pa\u00edses han firmado, con grandes potencias mundiales como China, como es el caso argentino que acord\u00f3 la apertura a grandes inversiones chinas, pueden redundar tanto en la p\u00e9rdida de autonom\u00eda econ\u00f3mica como en la consolidaci\u00f3n de modelos de primarizaci\u00f3n de nuestras econom\u00edas, materializando un estancamiento en las perspectivas de desarrollo econ\u00f3mico y consolidando la ya sufrida posici\u00f3n de dependencia econ\u00f3mica y de asimetr\u00eda comercial.<br \/>\nEsto a la vez que pone en peligro la independencia econ\u00f3mica de cada uno de nuestros pa\u00edses, socava la integraci\u00f3n latinoamericana, y deja a\u00fan m\u00e1s lejos la verdadera determinaci\u00f3n por parte de los pueblos de las reglas de juego econ\u00f3micas y financieras que tendr\u00e1n un contundente impacto en la vida de todos.<br \/>\nEs por ello preciso, que el recuerdo del poder que ejerci\u00f3 el pueblo latinoamericano unido en contra de los intentos de las fuerzas dominantes por imponer modelos neoliberales que hubieran sumido en la miseria a gran parte de los trabajadores, y que fue expresado en el No al ALCA, sea tomado hoy como impulso y como ejemplo de lo que puede hacer la uni\u00f3n de los pueblos para ponerle coto a la dependencia, y para continuar luchando contra toda injerencia econ\u00f3mica y pol\u00edtica en los pa\u00edses de nuestra regi\u00f3n.<\/p>\n","protected":false},"excerpt":{"rendered":"A 10 a\u00f1os del No al Alca seguimos luchando, por Fito Aguirre A\u00f1o 2015, una nueva Cumbre de las Am\u00e9ricas que esta vez \n<a class=\"moretag\" href=\"https:\/\/ctainternacionales.org\/?p=2751\"> [...]<\/a>","protected":false},"author":1,"featured_media":0,"comment_status":"closed","ping_status":"closed","sticky":false,"template":"","format":"standard","meta":{"ngg_post_thumbnail":0,"footnotes":""},"categories":[],"tags":[],"class_list":["post-2751","post","type-post","status-publish","format-standard","hentry"],"_links":{"self":[{"href":"https:\/\/ctainternacionales.org\/index.php?rest_route=\/wp\/v2\/posts\/2751","targetHints":{"allow":["GET"]}}],"collection":[{"href":"https:\/\/ctainternacionales.org\/index.php?rest_route=\/wp\/v2\/posts"}],"about":[{"href":"https:\/\/ctainternacionales.org\/index.php?rest_route=\/wp\/v2\/types\/post"}],"author":[{"embeddable":true,"href":"https:\/\/ctainternacionales.org\/index.php?rest_route=\/wp\/v2\/users\/1"}],"replies":[{"embeddable":true,"href":"https:\/\/ctainternacionales.org\/index.php?rest_route=%2Fwp%2Fv2%2Fcomments&post=2751"}],"version-history":[{"count":1,"href":"https:\/\/ctainternacionales.org\/index.php?rest_route=\/wp\/v2\/posts\/2751\/revisions"}],"predecessor-version":[{"id":2754,"href":"https:\/\/ctainternacionales.org\/index.php?rest_route=\/wp\/v2\/posts\/2751\/revisions\/2754"}],"wp:attachment":[{"href":"https:\/\/ctainternacionales.org\/index.php?rest_route=%2Fwp%2Fv2%2Fmedia&parent=2751"}],"wp:term":[{"taxonomy":"category","embeddable":true,"href":"https:\/\/ctainternacionales.org\/index.php?rest_route=%2Fwp%2Fv2%2Fcategories&post=2751"},{"taxonomy":"post_tag","embeddable":true,"href":"https:\/\/ctainternacionales.org\/index.php?rest_route=%2Fwp%2Fv2%2Ftags&post=2751"}],"curies":[{"name":"wp","href":"https:\/\/api.w.org\/{rel}","templated":true}]}}