{"id":2741,"date":"2015-04-14T20:33:56","date_gmt":"2015-04-14T23:33:56","guid":{"rendered":"http:\/\/www.ctainternacionales.org\/?p=2741"},"modified":"2015-04-14T20:55:43","modified_gmt":"2015-04-14T23:55:43","slug":"brasil-para-y-se-moviliza-contra-la-precariedad-laboral","status":"publish","type":"post","link":"https:\/\/ctainternacionales.org\/?p=2741","title":{"rendered":"Brasil Para y  se moviliza contra la ley de Precariedad laboral."},"content":{"rendered":"<p style=\"text-align: justify;\"><a href=\"http:\/\/www.ctainternacionales.org\/wp-content\/uploads\/2015\/04\/484-300.jpeg\"><img loading=\"lazy\" decoding=\"async\" class=\"aligncenter size-thumbnail wp-image-2742\" src=\"http:\/\/www.ctainternacionales.org\/wp-content\/uploads\/2015\/04\/484-300-307x204.jpeg\" alt=\"484-300\" width=\"307\" height=\"204\" \/><\/a>Brasil se enfrenta a un ajuste fiscal; dentro de este contexto el 7 de abril se presento en la Camara de Diputados la solicitud de una votaci\u00f3n con car\u00e1cter de urgencia del proyecto de ley que regula la subcontrataci\u00f3n (PL) 4330\/04. con 316 votos a favor y 166 en contra y con 3 abstenciones la ley est\u00e1 lista para ser votada ante otras propuestas que est\u00e1n en la agenda de los votos de la C\u00e1mara. La votaci\u00f3n para su aprobaci\u00f3n esta prevista para el periodo ordinario del mes de abril. La regulaci\u00f3n de la sub-contrataci\u00f3n alcanza al sector privado y tambi\u00e9n a las empresas publicas, de econom\u00eda mixta, sus subsidiarias y controladas en la Union, los estados, el Distrito federal y los municipios. el Ponente proyecto de ley establece en su texto que la contrataci\u00f3n externa puede producirse en relaci\u00f3n con cualquier actividad de la empresa. El diputado Vicentinho (PT-SP) ex presidente de la Central Unitaria de Trabajadores (CUT) expreso que la propuesta \u201ces una forma inteligente de formalizar la precarizaci\u00f3n de los trabajadores. pero mientras se discuten las modificaciones del proyecto y se expande el proceso de terciarizaci\u00f3n de los trabajadores; incluso con resistencia del PT y del gobierno; La votaci\u00f3n dejo muy claro la grieta dentro de la base y el propio gobierno.<\/p>\n<p style=\"text-align: justify;\">El presidente nacional de la CUT, Vagner Freitas, se\u00f1al\u00f3 que la lucha contra el PL 4330 es la pelea m\u00e1s importante de la actual situaci\u00f3n pol\u00edtica, ya que devasta los derechos de los trabajadores. \u00abIncluso despu\u00e9s de enfrentarse al conservador Congreso y la brutalidad de la polic\u00eda que agredi\u00f3 a nuestros miembros, nuestra lucha se intensificar\u00e1. Vamos a sentarnos de nuevo y crea un punto de pasar de un estado a otro para denunciar a los diputados que votaron a favor del proyecto de ley para que el pueblo brasile\u00f1o no elija a los traidores de la clase obrera \u201c. Todos nuestros sindicatos deben poner sus estructuras y su capacidad para movilizar al servicio de las huelgas el pr\u00f3ximo mi\u00e9rcoles, d\u00eda 15\u201d.<br \/>\nHoy en d\u00eda, seg\u00fan la investigaci\u00f3n del (Departamento de Estudios Socio-economicos Intersindical), el 73% de los brasile\u00f1os son contratados directamente por las empresas. Y el otro 27% se subcontratan.<br \/>\nEl presidente de la CUT se\u00f1ala que hoy en d\u00eda, \u00abpor desgracia\u00bb, \u201cEl trabajo subcontratado da una media de tres horas m\u00e1s por semana y ganan en promedio un 24% menos, y por lo general no reciben equipo o uniformes adecuados\u00bb<\/p>\n<p style=\"text-align: justify;\">-\u00abMuchos de ellos incluso no tienen un contrato formal. As\u00ed que, r\u00e1pidamente, los brasile\u00f1os empiezan a perder sus derechos.La CLT (Consolidaci\u00f3n de las Leyes del Trabajo) desaparecer\u00e1. As\u00ed que adi\u00f3s 13 d\u00edas de vacaciones pagadas, cupones de alimentos, vales, descanso semanal remunerado. \u00abEl CLT ser\u00e1 derribado y arrojado a la basura\u00bb, dice.<\/p>\n<p style=\"text-align: justify;\">\u00abNuestra lucha es con el Congreso para revocar este proyecto ya votado por la mayor\u00eda de los diputados y que seguir\u00e1 en la evaluaci\u00f3n del Senado. Tenemos que detener esta tragedia \u00ab, recuerda Vagner.<\/p>\n<p style=\"text-align: justify;\">El pr\u00f3ximo jueves se preparan varias manifestaciones que han sido confirmadas. Otros est\u00e1n siendo organizadas<\/p>\n<p style=\"text-align: justify;\">Los movimientos sociales en forma conjunta con los sindicatos emprenden esta lucha y en forma un\u00edsona se manifestaran en todo Brasil.<\/p>\n<p style=\"text-align: justify;\">Vagner, por \u00faltimo, dijo que la CUT present\u00f3 al Congreso un proyecto que aumenta y mejora las condiciones de trabajo de los tercerizados, PL 1621. \u00abPero el Congreso no vot\u00f3\u201d.<\/p>\n<p style=\"text-align: justify;\">El presidente del CTB, Adilson Ara\u00fajo, dijo que esta es una ley para institucionalizar el trabajo precario en Brasil, y que el proyecto puede llevar a que la econom\u00eda colapse. \u201cEsta ley permite que m\u00e1s de 40 millones de trabajadores migren hacia un contrato precario, que afecta a la aportaci\u00f3n al Fondo de Garant\u00eda del servicio horario (FGTS), la Seguridad Social y los impactos del Sistema \u00danico de Salud (SUS), ya que los subcontratados son las mayores v\u00edctimas de las enfermedades profesionales y las muertes en el lugar de trabajo\u00bb.<\/p>\n<p style=\"text-align: justify;\">Ruy Braga intelectual Brasile\u00f1o y coordinador del Centro de Estudios de derechos Ciudadanos y catedr\u00e1tico de la Universidad de de San Pablo expreso: Que la Ley de externalizaci\u00f3n es la derrota m\u00e1s popular desde el golpe de Estado del 64&#8242;<br \/>\nRuy Braga dibuja un escenario delicado para los pr\u00f3ximos cuatro a\u00f1os: los salarios podr\u00edan caer un 30% que ya afectan a 18 millones de Brasile\u00f1os En 2020, los ingresos federales corren riesgos de desplomarse, afectando programas de consumo y distribuci\u00f3n del ingreso. Por un lado, ser\u00eda el desempleo. Para el profesor de la Universidad de S\u00e3o Paulo (USP), el texto b\u00e1sico de la aprobaci\u00f3n del proyecto de ley 4330\/04, que facilita a los trabajadores de outsourcing, es el desmantelamiento completo de los derechos laborales iniciado por el ex presidente Fernando Henrique Cardoso en los a\u00f1os 90 ; dijo el profesor en una entrevista.<br \/>\nAunque el proyecto no es del gobierno, Braga responsabiliza al presidente y al PT por el entorno pol\u00edtico que llev\u00f3 a su adopci\u00f3n. Y cita restricciones en el seguro de desempleo, sancionadas por el gobierno a finales de 2014, ya que el combustible utilizado por el PMDB para participar otras propuestas desfavorables para el trabajador, y bromea: \u00abEste proyecto sella el final del gobierno del PT y el inicio del gobierno del PMDB . Dilma es la externalizaci\u00f3n de su mandato \u201c. Dilma abandono el neo-desarrollismo a partir del segundo a\u00f1o de su primer mandato. Sus gobierno han privatizado puertos, aeropuertos, intensifican la liberaci\u00f3n de cr\u00e9dito para proyectos de pr\u00e9stamo y ahora est\u00e1 haciendo todo lo posible para aliviar el costo de mano de obra. El gobierno se volvi\u00f3 contra los intereses hist\u00f3ricos de los trabajadores. Lo que veo es la intensificaci\u00f3n de un proceso y no un cambio de ruta. Si hab\u00eda alguna duda, las personas se dan cuenta ahora de que el gobierno vuelve y solo beneficia al mercado financiero\u00bb.<\/p>\n<p style=\"text-align: justify;\">Nicol\u00e1s Honigesz<\/p>\n","protected":false},"excerpt":{"rendered":"Brasil se enfrenta a un ajuste fiscal; dentro de este contexto el 7 de abril se presento en la Camara de Diputados la \n<a class=\"moretag\" href=\"https:\/\/ctainternacionales.org\/?p=2741\"> [...]<\/a>","protected":false},"author":1,"featured_media":0,"comment_status":"closed","ping_status":"closed","sticky":false,"template":"","format":"standard","meta":{"ngg_post_thumbnail":0,"footnotes":""},"categories":[],"tags":[],"class_list":["post-2741","post","type-post","status-publish","format-standard","hentry"],"_links":{"self":[{"href":"https:\/\/ctainternacionales.org\/index.php?rest_route=\/wp\/v2\/posts\/2741","targetHints":{"allow":["GET"]}}],"collection":[{"href":"https:\/\/ctainternacionales.org\/index.php?rest_route=\/wp\/v2\/posts"}],"about":[{"href":"https:\/\/ctainternacionales.org\/index.php?rest_route=\/wp\/v2\/types\/post"}],"author":[{"embeddable":true,"href":"https:\/\/ctainternacionales.org\/index.php?rest_route=\/wp\/v2\/users\/1"}],"replies":[{"embeddable":true,"href":"https:\/\/ctainternacionales.org\/index.php?rest_route=%2Fwp%2Fv2%2Fcomments&post=2741"}],"version-history":[{"count":8,"href":"https:\/\/ctainternacionales.org\/index.php?rest_route=\/wp\/v2\/posts\/2741\/revisions"}],"predecessor-version":[{"id":2750,"href":"https:\/\/ctainternacionales.org\/index.php?rest_route=\/wp\/v2\/posts\/2741\/revisions\/2750"}],"wp:attachment":[{"href":"https:\/\/ctainternacionales.org\/index.php?rest_route=%2Fwp%2Fv2%2Fmedia&parent=2741"}],"wp:term":[{"taxonomy":"category","embeddable":true,"href":"https:\/\/ctainternacionales.org\/index.php?rest_route=%2Fwp%2Fv2%2Fcategories&post=2741"},{"taxonomy":"post_tag","embeddable":true,"href":"https:\/\/ctainternacionales.org\/index.php?rest_route=%2Fwp%2Fv2%2Ftags&post=2741"}],"curies":[{"name":"wp","href":"https:\/\/api.w.org\/{rel}","templated":true}]}}