{"id":2736,"date":"2015-04-13T20:09:59","date_gmt":"2015-04-13T23:09:59","guid":{"rendered":"http:\/\/www.ctainternacionales.org\/?p=2736"},"modified":"2015-04-13T21:44:03","modified_gmt":"2015-04-14T00:44:03","slug":"solidaridad-internacional-la-cta-en-el-vii-congreso-de-las-mujeres-saharauis","status":"publish","type":"post","link":"https:\/\/ctainternacionales.org\/?p=2736","title":{"rendered":"Solidaridad internacional La CTA en el VII Congreso de las Mujeres Saharauis"},"content":{"rendered":"<p><span style=\"color: #336699;\"><a href=\"http:\/\/www.ctainternacionales.org\/wp-content\/uploads\/2015\/04\/11099630_10206312063224678_2043022191_n.jpg\"><img loading=\"lazy\" decoding=\"async\" class=\"aligncenter size-thumbnail wp-image-2737\" src=\"http:\/\/www.ctainternacionales.org\/wp-content\/uploads\/2015\/04\/11099630_10206312063224678_2043022191_n-307x230.jpg\" alt=\"11099630_10206312063224678_2043022191_n\" width=\"307\" height=\"230\" \/><\/a>Invitada por la Uni\u00f3n Nacional de Mujeres Saharauis (UNMS) y la Rep\u00fablica \u00c1rabe Democr\u00e1tica Saharaui (RADS), una delegaci\u00f3n de la CTA representada por Carolina Ocar, Secretaria de Comunicaci\u00f3n de la Central y Silvia Le\u00f3n, Secretaria de Organizaci\u00f3n de ATE Nacional, quienes participaron del VII Congreso de Mujeres, realizado en los campamentos de refugiados saharauis, situados en el territorio argelino de Tindouf, junto a numerosas delegaciones internacionales llevando la solidaridad y participando de distintas acciones.<\/span><!--more--><\/p>\n<p>La apertura del VII Congreso, que se realiz\u00f3 entre el 2 y el 6 de abril, estuvo a cargo de la presidenta de la UNMS, Fatma Mehdi y del Presidente de la Rep\u00fablica y Secretario General del Frente Polisario, Mohamed Abdelaziz, quien afirm\u00f3: \u201cseguimos insistiendo en que las Naciones Unidas debe presionar al ocupante marroqu\u00ed y permitir a la Minurso cumplir con su importante misi\u00f3n, que es la organizaci\u00f3n de un refer\u00e9ndum de autodeterminaci\u00f3n para el pueblo saharaui\u201d.<a href=\"http:\/\/www.ctainternacionales.org\/wp-content\/uploads\/2015\/04\/11134355_10206313027208777_1198966268_n.jpg\"><img loading=\"lazy\" decoding=\"async\" class=\"aligncenter size-thumbnail wp-image-2738\" src=\"http:\/\/www.ctainternacionales.org\/wp-content\/uploads\/2015\/04\/11134355_10206313027208777_1198966268_n-307x172.jpg\" alt=\"11134355_10206313027208777_1198966268_n\" width=\"307\" height=\"172\" \/><\/a><\/p>\n<p>Durante el acto se destacaron las intervenciones de las parlamentarias y autoridades gubernamentales saharauis y argelinas, como tambi\u00e9n de representantes de la Marcha Mundial de Mujeres. A su turno las representantes de la CTA y ATE manifestaron la emoci\u00f3n de ser la primer delegaci\u00f3n sindical de la Argentina en estar presente en territorio saharaui. As\u00ed mismo mantuvieron encuentros con el Secretario General de la UGTSario, Cheikh Lehbib Mohamed y Kasisa Cherif, responsable internacional, a quienes les llevaron la solidaridad con la lucha llevada adelante por esa organizaci\u00f3n y el pueblo saharaui por la independencia, e intercambiaron propuestas para avanzar en lograr mayor apoyo de las organizaciones de la Argentina y de Latinoamerica con la causa que llevan adelante hace 40 a\u00f1os.<\/p>\n<p>\u00abPoder encontrarnos con dirigentes sindicales, mujeres y j\u00f3venes que viven en los territorios ocupados por Marruecos, en los campamentos de refugiados en territorio argelino y en la di\u00e1spora, nos dio la dimensi\u00f3n del significado de la brutal ocupaci\u00f3n y la sistem\u00e1tica violaci\u00f3n de los derechos humanos ejercida por la monarqu\u00eda marroqu\u00ed, pero tambi\u00e9n del valor del pueblo saharaui que en las condiciones m\u00e1s adversas -en el desierto, sin agua, sin recursos y dependiendo casi exclusivamente de la ayuda humanitaria- son un ejemplo de lucha y resistencia\u00bb, afirm\u00f3 Carolina Ocar.<\/p>\n<p>En el marco de las actividades propuestas, cientos de mujeres se trasladaron desde los campamentos de refugiados para marchar hacia el \u00abMuro de la Verg\u00fcenza\u00bb, que divide los territorios liberados del sahara occidental de los ocupados por marruecos. All\u00ed las banderas de los distintos pa\u00edses y organizaciones, cantos y gritos repudiaron esta construcci\u00f3n militar marroqu\u00ed de 2700 kil\u00f3metros y protegida por 7 millones de minas antipersona.<\/p>\n<p>As\u00ed mismo las dirigentas estrecharon lazos con mujeres de organizaciones de solidaridad con la causa saharaui, destac\u00e1ndose las abogadas y responsables de las campa\u00f1as internacionales que llevan adelante la defensa de los 45 presos pol\u00edticos en c\u00e1rceles marroqu\u00edes, las denuncias de las desapariciones forzadas y dem\u00e1s violaciones a los derechos humanos.<a href=\"http:\/\/www.ctainternacionales.org\/wp-content\/uploads\/2015\/04\/11158098_10206312061224628_1826353473_n.jpg\"><img loading=\"lazy\" decoding=\"async\" class=\"aligncenter size-thumbnail wp-image-2739\" src=\"http:\/\/www.ctainternacionales.org\/wp-content\/uploads\/2015\/04\/11158098_10206312061224628_1826353473_n-307x172.jpg\" alt=\"11158098_10206312061224628_1826353473_n\" width=\"307\" height=\"172\" \/><\/a><\/p>\n<p>\u00abFuimos recibidas y alojadas en las propias viviendas de las familias de refugiados saharauis del campamento de Smara; conocimos su centro de salud; compartimos su forma de vida, vivenciamos la importancia de la familia y de las mujeres que sostuvieron y sostienen desde hace 40 a\u00f1os la vida en esas duras condiciones. Nos nutrimos del esp\u00edritu solidario y de la fortaleza de esas mujeres y de ese pueblo que seguir\u00e1 luchando hasta que sea libre\u00bb, enfatiz\u00f3 Silvia Leon.<\/p>\n<p><strong>Fotos: Grace Prounesti Piquet y Carolina Ocar<\/strong><\/p>\n","protected":false},"excerpt":{"rendered":"Invitada por la Uni\u00f3n Nacional de Mujeres Saharauis (UNMS) y la Rep\u00fablica \u00c1rabe Democr\u00e1tica Saharaui (RADS), una delegaci\u00f3n de la CTA representada por \n<a class=\"moretag\" href=\"https:\/\/ctainternacionales.org\/?p=2736\"> [...]<\/a>","protected":false},"author":1,"featured_media":0,"comment_status":"closed","ping_status":"closed","sticky":false,"template":"","format":"standard","meta":{"ngg_post_thumbnail":0,"footnotes":""},"categories":[],"tags":[],"class_list":["post-2736","post","type-post","status-publish","format-standard","hentry"],"_links":{"self":[{"href":"https:\/\/ctainternacionales.org\/index.php?rest_route=\/wp\/v2\/posts\/2736","targetHints":{"allow":["GET"]}}],"collection":[{"href":"https:\/\/ctainternacionales.org\/index.php?rest_route=\/wp\/v2\/posts"}],"about":[{"href":"https:\/\/ctainternacionales.org\/index.php?rest_route=\/wp\/v2\/types\/post"}],"author":[{"embeddable":true,"href":"https:\/\/ctainternacionales.org\/index.php?rest_route=\/wp\/v2\/users\/1"}],"replies":[{"embeddable":true,"href":"https:\/\/ctainternacionales.org\/index.php?rest_route=%2Fwp%2Fv2%2Fcomments&post=2736"}],"version-history":[{"count":1,"href":"https:\/\/ctainternacionales.org\/index.php?rest_route=\/wp\/v2\/posts\/2736\/revisions"}],"predecessor-version":[{"id":2740,"href":"https:\/\/ctainternacionales.org\/index.php?rest_route=\/wp\/v2\/posts\/2736\/revisions\/2740"}],"wp:attachment":[{"href":"https:\/\/ctainternacionales.org\/index.php?rest_route=%2Fwp%2Fv2%2Fmedia&parent=2736"}],"wp:term":[{"taxonomy":"category","embeddable":true,"href":"https:\/\/ctainternacionales.org\/index.php?rest_route=%2Fwp%2Fv2%2Fcategories&post=2736"},{"taxonomy":"post_tag","embeddable":true,"href":"https:\/\/ctainternacionales.org\/index.php?rest_route=%2Fwp%2Fv2%2Ftags&post=2736"}],"curies":[{"name":"wp","href":"https:\/\/api.w.org\/{rel}","templated":true}]}}