{"id":2729,"date":"2015-04-11T17:12:48","date_gmt":"2015-04-11T20:12:48","guid":{"rendered":"http:\/\/www.ctainternacionales.org\/?p=2729"},"modified":"2015-04-11T17:12:48","modified_gmt":"2015-04-11T20:12:48","slug":"panama-tras-historico-apreton-de-manos-entre-raul-castro-y-barack-obama-comenzo-la-vii-cumbre-de-las-americas","status":"publish","type":"post","link":"https:\/\/ctainternacionales.org\/?p=2729","title":{"rendered":"Panam\u00e1: Tras historico apret\u00f3n de manos entre Ra\u00fal Castro y Barack Obama, comenz\u00f3 la VII Cumbre de las Am\u00e9ricas"},"content":{"rendered":"<p style=\"text-align: justify;\"><a href=\"http:\/\/www.ctainternacionales.org\/wp-content\/uploads\/2015\/04\/cumbre-las-1976496.jpg\"><img loading=\"lazy\" decoding=\"async\" class=\"aligncenter size-thumbnail wp-image-2730\" src=\"http:\/\/www.ctainternacionales.org\/wp-content\/uploads\/2015\/04\/cumbre-las-1976496-307x160.jpg\" alt=\"cumbre-las-1976496\" width=\"307\" height=\"160\" \/><\/a>La VII Cumbre de las Am\u00e9ricas se inaugur\u00f3 ayer por la noche en el centro de convenciones Atlapa, con la familia completa: 35 jefes de Estado y de gobierno, entre ellos, Cuba, y con la sola ausencia justificada de Michelle Bachelet, representada por su canciller, Heraldo Mu\u00f1oz.<!--more--><\/p>\n<p style=\"text-align: justify;\">Separada de la Organizaci\u00f3n de Estados Americanos (OEA) tres a\u00f1os despu\u00e9s del triunfo de la revoluci\u00f3n de Fidel Castro, la isla permaneci\u00f3 aislada del resto del continente, bajo el bloqueo econ\u00f3mico impuesto por Washington, que cuestion\u00f3 el r\u00e9gimen marxista leninista de la isla y condicion\u00f3 las relaciones comerciales de La Habana y sus pa\u00edses aliados,<\/p>\n<p style=\"text-align: justify;\">Fue el propio Marx quien escribi\u00f3 que los seres humanos hacen su propia historia, aunque bajo circunstancias influidas por el pasado.<\/p>\n<p style=\"text-align: justify;\">Hoy las cr\u00f3nicas rese\u00f1an tiempos peculiares. Citan nuevamente a los protagonistas: Estados Unidos, Cuba y Panam\u00e1 como ocurri\u00f3 en 1956, cuando se desarrollaba en la capital istme\u00f1a la reuni\u00f3n presidencial que convoc\u00f3 a 21 pa\u00edses de Latinoam\u00e9rica, antes de marginar a la isla. Un cuadro que la coyuntura actual amerita recordar. John Lee Anderson lo recoge en su publicaci\u00f3n de la biograf\u00eda del camarada de Fidel, Ernesto \u2018Che\u2019 Guevara y en un pasaje particular relata que Castro, preso en M\u00e9xico, acus\u00f3 a la embajada estadounidense de \u2018presionar\u2019 a las autoridades mexicanas para frustrar su liberaci\u00f3n. Washington -se\u00f1ala Anderson-, efectivamente hab\u00eda pedido a los mexicanos que retrasaran su puesta en libertad, no tanto por las preocupaciones que pudiera despertar Castro, sino por la necesidad de apaciguar a Batista quien hab\u00eda amenazado con boicotear la cumbre prevista para el 22 de julio en Panam\u00e1; los norteamericanos quer\u00edan asegurarse de que no faltara nadie. Hace m\u00e1s de medio siglo, los Estados Unidos atinaban a mejorar sus relaciones con una Latinoam\u00e9rica abandonada. Una pol\u00edtica que renace. Se reconcilia con uno de sus archienemigos; Ra\u00fal Castro, hermano del comandante Fidel. Deja atr\u00e1s un enfoque fracasado de aislamiento, de bloqueos econ\u00f3micos y de amenazas castrenses o terroristas, y desaf\u00eda a la propia historia de la que hablaba Marx, ahora transformada en una nueva era en las relaciones Washington \u2013 Habana libre de batallas ideol\u00f3gicas. La connotaci\u00f3n de este hecho se hizo presente en los discursos de todos los oradores en la ceremonia de inauguraci\u00f3n que abri\u00f3 con un mensaje del papa Francisco en voz del secretario del Vaticano, Pietro Parolin. Luego, el secretario general del organismo convocante, la OEA, Jos\u00e9 Miguel Insulza, que ser\u00e1 relevado en mayo por el uruguayo Luis Almagro, resalt\u00f3 los avances de la regi\u00f3n, sin olvidar sus desaf\u00edos importantes: el proceso de paz de Colombia, la normalizaci\u00f3n de las relaciones entre Estados Unidos y Cuba, y otros conflictos territoriales. El compromiso de la igualdad nos plantea problemas dif\u00edciles de resolver, dijo Insulza, pero la exclusi\u00f3n no est\u00e1 en el men\u00fa. Adem\u00e1s de la pobreza, la inequidad, la marginaci\u00f3n de poblaciones ind\u00edgenas y la falta de oportunidades, temas en los que las Am\u00e9ricas a\u00fan tiene una deuda pendiente con sus poblaciones, Ban Ki-moon, secretario general de las Naciones Unidas, mencion\u00f3 que el narcotr\u00e1fico sigue siendo una amenaza para la seguridad mundial.<\/p>\n<p style=\"text-align: justify;\">Al anfitri\u00f3n, Juan Carlos Varela, le toc\u00f3 recordar la reuni\u00f3n de presidentes del 56. Y fue m\u00e1s atr\u00e1s, al ponderar el sue\u00f1o de Sim\u00f3n Bol\u00edvar, en el que el istmo ser\u00eda alg\u00fan d\u00eda lo que Corinto para los griegos, \u2018tierra de convergencias, facilitador de entendimientos\u2019. Varela habl\u00f3 de la nueva etapa en las relaciones hemisf\u00e9ricas \u2018basadas en el respeto de los diferentes gobiernos y enfocadas en los problemas que afectan a nuestra gentes\u2019.<\/p>\n<p style=\"text-align: justify;\">No olvid\u00f3 el problema com\u00fan del narcotr\u00e1fico, y propuso el intercambio de informaci\u00f3n y el fortalecimiento de las instituciones para combatirlo.<\/p>\n<p style=\"text-align: justify;\">La estrella de Panam\u00e1<\/p>\n<p style=\"text-align: justify;\">Presidentes Barack Obama y Ra\u00fal Castro, con el camino allanado<\/p>\n<p style=\"text-align: justify;\">El camino est\u00e1 allanado para que hoy, s\u00e1bado 11 de abril, se d\u00e9 el encuentro entre Barack Obama, presidente de Estados Unidos (EU), y Ra\u00fal Castro, gobernante de Cuba, quienes anoche protagonizaron un hist\u00f3rico saludo en la apertura de la VII Cumbre de las Am\u00e9ricas.<br \/>\nEl estrech\u00f3n de manos de Obama y Castro en el foro de presidentes, que sell\u00f3 el deshielo entre ambos pa\u00edses tras medio siglo de conflicto, fue el pre\u00e1mbulo al \u201cencuentro hist\u00f3rico\u201d que sostendr\u00e1n hoy ambos mandatarios en el \u00faltimo d\u00eda de la Cumbre.<\/p>\n<p style=\"text-align: justify;\">Aunque no se ha confirmado el lugar y la hora de la cita, fuentes del Palacio de las Garzas contaron que el presidente Juan Carlos Varela habr\u00eda ofrecido la sede de la Presidencia de la Rep\u00fablica de Panam\u00e1 para la esperada reuni\u00f3n.<\/p>\n<p style=\"text-align: justify;\">Las reacciones a la interacci\u00f3n Obama\u2013Castro no se hicieron esperar. \u201cEs un estrech\u00f3n de manos que nos llena de esperanza\u201d, dijo, por ejemplo, el expresidente Mart\u00edn Torrijos en Twitter.<br \/>\nEl saludo de anoche en la apertura de la Cumbre no fue el primero. En 2013, durante el funeral del expresidente sudafricano Nelson Mandela, los dos personajes se dieron la mano.<\/p>\n<p style=\"text-align: justify;\">Tiempo despu\u00e9s de ese breve encuentro en Sud\u00e1frica, ocurri\u00f3 lo inesperado: el 17 de diciembre de 2014, Obama y Castro anunciaron negociaciones para restablecer relaciones diplom\u00e1ticas y abrir embajadas en cada naci\u00f3n. Un hecho que pone fin a medio siglo de diferencias. Atr\u00e1s queda la guerra fr\u00eda.<br \/>\nDesde esa fecha, los dos pa\u00edses se han ido acercando poco a poco, y la Cumbre en Panam\u00e1 ha sido el escenario clave: un d\u00eda antes de la cita, y ya en el istmo, ambos mandatarios conversaron por tel\u00e9fono. Mientras que el canciller cubano Bruno Rodr\u00edguez y el secretario de Estado de EU, John Kerry, sostuvieron una reuni\u00f3n el jueves.<\/p>\n<p style=\"text-align: justify;\">Los acercamientos se dan luego de que el Departamento de Estado de EU recomendara a Obama retirar a Cuba de la lista de pa\u00edses que patrocinan el terrorismo.<\/p>\n<p style=\"text-align: justify;\">Ra\u00fal Castro, considerado como uno de los grandes personajes de este principio de siglo, ayer no estuvo tan activo como sus hom\u00f3logos Obama, Evo Morales, de Bolivia; y Nicol\u00e1s Maduro, de Venezuela.<br \/>\nPor ejemplo, Obama visit\u00f3 las esclusas de Miraflores y particip\u00f3 en los foros de la sociedad civil y empresarial; Morales jug\u00f3 f\u00fatbol con ind\u00edgenas y sindicalistas paname\u00f1os y Maduro estuvo en los corregimientos de El Chorrillo y San Felipe.<\/p>\n<p style=\"text-align: justify;\">Su llegada a Panam\u00e1 era un misterio. Mucho antes del primer d\u00eda de la Cumbre, la Embajada de Cuba en Panam\u00e1 mantuvo completo hermetismo sobre la agenda del presidente caribe\u00f1o, quien lleg\u00f3 al pa\u00eds el jueves 9 de abril cerca de las 6:30 p.m.<\/p>\n<p style=\"text-align: justify;\">Se hospeda en el hotel Plaza Paitilla, en el centro de la capital. Le acompa\u00f1an un n\u00famero importante de miembros de la delegaci\u00f3n cubana. Muchos de ellos participaron en foros de la sociedad civil paralelos a la Cumbre. Este medio pudo conocer que los hu\u00e9spedes ajenos a la delegaci\u00f3n cubana, que ten\u00edan separada una habitaci\u00f3n en ese hotel, fueron trasladados a otros cercanos por \u201cmotivos de seguridad\u201d.<br \/>\nCasi nadie pod\u00eda tener acceso al lugar, a menos que formara parte de la comitiva caribe\u00f1a. De hecho, en el \u00e1rea se pod\u00eda observar decenas de polic\u00edas y personal de seguridad del Gobierno cubano.<\/p>\n<p style=\"text-align: justify;\">Pero, anoche, luego de que se diera a conocer el hist\u00f3rico apret\u00f3n de manos, se inform\u00f3 que el presidente cubano, quien asumi\u00f3 el poder en 2008, se reuni\u00f3 en privado con el secretario general de la Organizaci\u00f3n de Naciones Unidas, Ban Ki-moon, y con el presidente de la C\u00e1mara de Comercio de Estados Unidos, Thomas Donohue.<\/p>\n<p style=\"text-align: justify;\">Despu\u00e9s de esas citas, a las 7:02 p.m., el mandatario cubano lleg\u00f3 a Atlapa para su segunda aparici\u00f3n p\u00fablica desde que lleg\u00f3 a Panam\u00e1. Salud\u00f3 brevemente al presidente Juan Carlos Varela y a su esposa, Lorena Castillo.<\/p>\n<p style=\"text-align: justify;\">Luego busc\u00f3 su puesto en el recinto y coincidencialmente qued\u00f3 en la misma fila de su nuevo amigo Obama, aunque separados por los gobernantes de Ecuador, Rafael Correa, y de El Salvador, Salvador S\u00e1nchez Cer\u00e9n.<\/p>\n<p style=\"text-align: justify;\">Era la primera vez que un mandatario cubano tomaba una silla en una Cumbre de las Am\u00e9ricas, hecho que, de por s\u00ed, hac\u00eda del foro de Panam\u00e1 un evento para la historia.<\/p>\n<p style=\"text-align: justify;\">La Prensa<\/p>\n","protected":false},"excerpt":{"rendered":"La VII Cumbre de las Am\u00e9ricas se inaugur\u00f3 ayer por la noche en el centro de convenciones Atlapa, con la familia completa: 35 \n<a class=\"moretag\" href=\"https:\/\/ctainternacionales.org\/?p=2729\"> [...]<\/a>","protected":false},"author":1,"featured_media":0,"comment_status":"closed","ping_status":"closed","sticky":false,"template":"","format":"standard","meta":{"ngg_post_thumbnail":0,"footnotes":""},"categories":[],"tags":[],"class_list":["post-2729","post","type-post","status-publish","format-standard","hentry"],"_links":{"self":[{"href":"https:\/\/ctainternacionales.org\/index.php?rest_route=\/wp\/v2\/posts\/2729","targetHints":{"allow":["GET"]}}],"collection":[{"href":"https:\/\/ctainternacionales.org\/index.php?rest_route=\/wp\/v2\/posts"}],"about":[{"href":"https:\/\/ctainternacionales.org\/index.php?rest_route=\/wp\/v2\/types\/post"}],"author":[{"embeddable":true,"href":"https:\/\/ctainternacionales.org\/index.php?rest_route=\/wp\/v2\/users\/1"}],"replies":[{"embeddable":true,"href":"https:\/\/ctainternacionales.org\/index.php?rest_route=%2Fwp%2Fv2%2Fcomments&post=2729"}],"version-history":[{"count":1,"href":"https:\/\/ctainternacionales.org\/index.php?rest_route=\/wp\/v2\/posts\/2729\/revisions"}],"predecessor-version":[{"id":2731,"href":"https:\/\/ctainternacionales.org\/index.php?rest_route=\/wp\/v2\/posts\/2729\/revisions\/2731"}],"wp:attachment":[{"href":"https:\/\/ctainternacionales.org\/index.php?rest_route=%2Fwp%2Fv2%2Fmedia&parent=2729"}],"wp:term":[{"taxonomy":"category","embeddable":true,"href":"https:\/\/ctainternacionales.org\/index.php?rest_route=%2Fwp%2Fv2%2Fcategories&post=2729"},{"taxonomy":"post_tag","embeddable":true,"href":"https:\/\/ctainternacionales.org\/index.php?rest_route=%2Fwp%2Fv2%2Ftags&post=2729"}],"curies":[{"name":"wp","href":"https:\/\/api.w.org\/{rel}","templated":true}]}}