{"id":2723,"date":"2015-04-10T16:16:00","date_gmt":"2015-04-10T19:16:00","guid":{"rendered":"http:\/\/www.ctainternacionales.org\/?p=2723"},"modified":"2015-04-10T17:56:29","modified_gmt":"2015-04-10T20:56:29","slug":"declaracion-foro-sindical-de-las-americas-en-panama","status":"publish","type":"post","link":"https:\/\/ctainternacionales.org\/?p=2723","title":{"rendered":"Declaraci\u00f3n Foro Sindical de Las Am\u00e9ricas En Panam\u00e1"},"content":{"rendered":"<p style=\"text-align: center;\"><strong><a href=\"http:\/\/www.ctainternacionales.org\/wp-content\/uploads\/2015\/04\/119297_750x480_crop_5526e4a6f0c81.jpg\"><img loading=\"lazy\" decoding=\"async\" class=\"aligncenter size-thumbnail wp-image-2724\" src=\"http:\/\/www.ctainternacionales.org\/wp-content\/uploads\/2015\/04\/119297_750x480_crop_5526e4a6f0c81-307x196.jpg\" alt=\"119297_750x480_crop_5526e4a6f0c81\" width=\"307\" height=\"196\" \/><\/a>FORO SINDICAL DE LAS AM\u00c9RICAS<\/strong><br \/>\n9 de abril, Ciudad de Panam\u00e1<br \/>\n\u201cLas Am\u00e9ricas que queremos\u201d<br \/>\nCon Democracia, Justicia e Inclusi\u00f3n Social!!!<br \/>\nCon Paz, Soberan\u00eda y Autodeterminaci\u00f3n!!!<br \/>\nCon Desarrollo Sustentable y Trabajo Decente!!!<\/p>\n<p><strong>Declaraci\u00f3n Foro Sindical de Las Am\u00e9ricas<\/strong><\/p>\n<p style=\"text-align: justify;\">Reunidos en Panam\u00e1 en el Foro Sindical de las Am\u00e9ricas y bajo el lema \u00abLas Am\u00e9ricas que queremos\u00bb, representantes sindicales de trabajadores y trabajadoras de todo el hemisferio, aprobamos esta Declaraci\u00f3n que convoca a continuar la lucha en defensa de los derechos sociales y laborales, por la plena vigencia de los derechos humanos y democracia participativa, por la autodeterminaci\u00f3n y la soberan\u00eda de los pueblos, y por proyectos econ\u00f3micos ambientalmente sustentables.<br \/>\nVenimos los \u00faltimos 15 a\u00f1os como movimiento sindical, junto con otros movimientos sociales, dando la pelea para que la regi\u00f3n supere la larga ola neoliberal. En noviembre del 2005 en la ciudad Argentina de Mar del Plata, bajo la presi\u00f3n de movilizaciones populares que recorrieron todo el continente desde 1997, un grupo de gobiernos progresistas de Am\u00e9rica del Sur bloque\u00f3 la iniciativa para imponer el proyecto \u00c1rea de Libre Comercio de las Am\u00e9ricas (ALCA). El ALCA hubiera sido la coronaci\u00f3n de la ofensiva neoliberal que profundiz\u00f3 las desigualdades de g\u00e9nero y juventud, y arras\u00f3 con los derechos sociales y laborales desde la d\u00e9cada de 1980 en nuestra regi\u00f3n. Su derrota mostr\u00f3 que se hab\u00eda abierto una nueva coyuntura en la regi\u00f3n.<br \/>\nLos gobiernos progresistas avanzaron en diversos pa\u00edses latinoamericanos en ese contexto post neoliberal. En diversos casos se mejoraron los niveles salariales, disminuy\u00f3 la pobreza, hubo avances en la distribuci\u00f3n m\u00e1s equitativa de los ingresos, disminuy\u00f3 el desempleo y el empleo informal, entre otros indicadores socio-laborales positivos, en gran medida debido a la lucha de los movimientos sociales y sindicales a lo largo de este proceso. Esos avances est\u00e1n hoy en cuesti\u00f3n por presi\u00f3n de los mercados financieros internacionales que especulan contra las econom\u00edas de nuestros pa\u00edses, exigiendo recortes de beneficios y salarios de los trabajadores\/as, reducci\u00f3n de los gastos sociales y nuevas rondas de privatizaciones. Los sindicatos de la regi\u00f3n nos oponemos decididamente a las pol\u00edticas de austeridad fiscal, la privatizaci\u00f3n de los bienes y servicios p\u00fablicos y los bienes comunes de la naturaleza, con las que se pretende hacer retroceder los derechos laborales y sociales duramente conquistados en el actual ciclo progresista en Am\u00e9rica Latina.<br \/>\nEn el momento presente, ninguna de esas conquistas parciales y localizadas est\u00e1 garantizada. Los tratados de nueva generaci\u00f3n, como el TISA, TPP, TTIP, CETA y otros, profundizan y perfeccionan todo lo que repudiamos en el ALCA, o sea, desregulan la econom\u00eda y liberalizan los servicios, profundizando un modelo de desarrollo que solo favorece a las empresas transnacionales, empeorando las condiciones de vida y trabajo de las poblaciones. Repudiamos sus contenidos, siempre negociados con secretismo. Exigimos que todos los acuerdos que se est\u00e1n haciendo en la regi\u00f3n sean resultado de un debate amplio, transparente y participativo de toda la sociedad.<a href=\"http:\/\/www.ctainternacionales.org\/wp-content\/uploads\/2015\/04\/IMG_5135.jpg\"><img loading=\"lazy\" decoding=\"async\" class=\"aligncenter size-thumbnail wp-image-2727\" src=\"http:\/\/www.ctainternacionales.org\/wp-content\/uploads\/2015\/04\/IMG_5135-307x204.jpg\" alt=\"IMG_5135\" width=\"307\" height=\"204\" \/><\/a><\/p>\n<p style=\"text-align: justify;\">La crisis irresoluble del capitalismo coloca una enorme presi\u00f3n de los mercados y finanzas internacionales contra los pueblos. Debemos continuar avanzando sin permitir que las conquistas sociales retrocedan. Nuestros pa\u00edses precisan superar las deficiencias estructurales de econom\u00edas dependientes de la extracci\u00f3n y comercializaci\u00f3n de materias primas y promover modelos econ\u00f3micos diversificados y sustentables, desde una perspectiva de integraci\u00f3n y cooperaci\u00f3n regional solidaria que mire siempre atentamente a la dimensi\u00f3n social del desarrollo sustentable. De igual manera es imprescindible estructurar una pol\u00edtica fiscal progresiva que grave las riquezas, las ganancias, la renta, el patrimonio y el consumo de lujo, para que los gobiernos tengan capacidad para mantener los niveles de inversi\u00f3n social adecuados. A su vez es preciso avanzar en un proceso de auditor\u00edas de las deudas externas odiosas e ileg\u00edtimas, las cuales contin\u00faan generando lazos de dependencia con acreedores extranjeros. El \u00faltimo ciclo positivo de nuestras econom\u00edas estuvo apoyado fundamentalmente en la actividad primario-exportadora y ahora vemos c\u00f3mo la ca\u00edda de los precios internacionales de las commodities hace estragos en la capacidad econ\u00f3mica y financiera de los gobiernos, lo que los puede llevar a la aplicaci\u00f3n de las viejas recetas de ajuste, flexibilizaci\u00f3n laboral y recortes sociales.<br \/>\nDespu\u00e9s de m\u00e1s de una d\u00e9cada de avances sociales en diversos pa\u00edses de Am\u00e9rica Latina y el Caribe, bajo administraciones progresistas, comienzan a hacerse evidentes los efectos de la recesi\u00f3n econ\u00f3mica mundial, la p\u00e9rdida de empuje en el crecimiento de las econom\u00edas, por lo que no han parado de caer los niveles de pobreza, y las fr\u00e1giles conquistas socio-laborales del per\u00edodo est\u00e1n bajo ataque del capital internacional para hacer retroceder lo que apuntaba a un nuevo paradigma de democracias sociales.<br \/>\nLa democracia est\u00e1 en jaque cuestionada por los poderes f\u00e1cticos que buscan imponer los intereses del mercado financiero internacional y de las empresas multinacionales. En el caso de Am\u00e9rica Latina y Caribe, gobiernos electos democr\u00e1ticamente son sometidos constantemente al asedio, a veces violento, por parte de las \u00e9lites y minor\u00edas poderosas que controlan la econom\u00eda y que han optado por provocar rupturas, utilizando incluso mecanismos legislativos y judiciales para deponer estos gobiernos. Lucharemos firmemente contra todos aquellos que opten por medidas o acciones para deponer gobiernos de cualquier pa\u00eds de las Am\u00e9ricas. Los medios de comunicaci\u00f3n, concentrados oligop\u00f3licamente a nivel nacional e internacional, act\u00faan como los mayores instigadores de estas agendas antidemocr\u00e1ticas y reaccionarias contra los intereses de las mayor\u00edas. Una \u00absociedad civil\u00bb construida a imagen y semejanza de los intereses minoritarios, racistas y reaccionarios, ocupa las calles y los espacios p\u00fablicos para predicar un discurso de odio en contra de las conquistas populares.<br \/>\nEn EE.UU. y Canad\u00e1 la situaci\u00f3n de los\/as trabajadores\/as sigue siendo precaria, a pesar de que en t\u00e9rminos de crecimiento econ\u00f3mico esos pa\u00edses den se\u00f1ales tenues de recuperaci\u00f3n. A pesar de la inversi\u00f3n multimillonaria en la \u00faltima d\u00e9cada para salvar empresas y bancos en EE.UU., han sido pocos los efectos sobre los y las trabajadoras, que vienen acumulando p\u00e9rdidas en el poder de compra de sus salarios, est\u00e1n empleados en trabajos precarios, sin posibilidad de sindicalizarse y con tasas de desempleo que &#8211; aun habiendo disminuido- todav\u00eda no alcanzan la cantidad y calidad de los empleos que arras\u00f3 la crisis de 2008. El ataque de la derecha econ\u00f3mica y sus referentes pol\u00edticos mantiene un lobby multimillonario permanente para influir en los diferentes poderes del Estado y limitar la capacidad de los sindicatos y el poder de la negociaci\u00f3n colectiva para amparar derechos. La recuperaci\u00f3n de las econom\u00edas del Norte se busca a trav\u00e9s de nuevos ataques a los derechos sociales y laborales.<br \/>\nEn este marco se inscribe la agresiva estrategia del neoliberalismo destinada a incidir en la correlaci\u00f3n de fuerzas que define la agenda de la OIT, ante lo cual el movimiento sindical de las Am\u00e9ricas se ha posicionado firmemente y ha presionado a los gobiernos del GRULAC para asumir una postura a favor del mandato normativo y de control de la OIT y a reconocer expresamente que el derecho a la huelga, (que emana de los convenios fundamentales 87 y 98 de la OIT, y de otros tratados internacionales) est\u00e1 vinculado a la libertad sindical y la negociaci\u00f3n colectiva. En Am\u00e9rica Latina y el Caribe a\u00fan se mantienen situaciones de vulneraci\u00f3n de las libertades sindicales y de desconocimiento del papel de los sindicatos en su acci\u00f3n de promoci\u00f3n y defensa de los derechos. En varios pa\u00edses, incluso algunos con gobiernos progresistas, la relaci\u00f3n con los sindicatos sigue siendo de conflicto y contradicci\u00f3n, lo que en nada favorece la posibilidad de estructurar una agenda democr\u00e1tica y en favor de las mayor\u00edas.<br \/>\nEl cambio clim\u00e1tico es un problema urgente, ineludible y global que afecta a los Derechos Humanos. Es por tanto primordial un cambio de paradigma que implique una transici\u00f3n justa hacia una econom\u00eda sustentable. Para ello es indispensable llegar a un acuerdo ambicioso con fuerza vinculante con un sistema com\u00fan de medici\u00f3n, notificaci\u00f3n y verificaci\u00f3n en la Conferencia de las Partes de Par\u00eds, que incluya compromisos de adaptaci\u00f3n y\/o mitigaci\u00f3n para todos los pa\u00edses coherentes con la contenci\u00f3n del aumento de la temperatura global hasta un m\u00e1ximo de 2 \u00b0C.<br \/>\nLa juventud trabajadora de Latinoam\u00e9rica y el Caribe, tambi\u00e9n enfrenta grandes desaf\u00edos marcados por la crisis financiera, como altas tasas de desempleo, trabajo precario, crecimiento del trabajo informal, entre otras cosas que limitan las oportunidades de los y las j\u00f3venes de la regi\u00f3n a obtener un trabajo digno y decente. La regi\u00f3n tiene como compromiso empoderar a la juventud trabajadora y crear oportunidades para su desarrollo profesional y el pleno ejercicio de sus derechos pol\u00edticos, laborales y sociales. Las y los j\u00f3venes reclaman una educaci\u00f3n al servicio de su desarrollo y no que se los forme como mano de obra precaria y explotada; ellos\/as tambi\u00e9n tienen derecho a obtener trabajos decentes que contribuyan junto con todas y todos los trabajadores al desarrollo de nuestros pa\u00edses.<br \/>\nSiendo este el cuadro de la presente coyuntura, el movimiento sindical de las Am\u00e9ricas viene a Panam\u00e1 a reivindicar la defensa de las conquistas hist\u00f3ricas de los\/as trabajadores\/as, a reclamar de los gobiernos la adopci\u00f3n de pol\u00edticas que favorezcan al conjunto de la poblaci\u00f3n y no a los intereses de las elites empresariales y de las oligarqu\u00edas de nuestros pa\u00edses. Los gobiernos de las Am\u00e9ricas no pueden ceder al chantaje de los mercados financieros, las grandes corporaciones y los especuladores ocultos en los para\u00edsos fiscales y sus operadores nacionales, estimulados por una derecha reaccionaria que se ampara en el monopolio medi\u00e1tico para crear caos y debilitar a los gobiernos que intentan frenar las apetencias del capital financiero. Es fundamental avanzar hacia el establecimiento de un marco jur\u00eddico multilateral para los procesos de reestructuraci\u00f3n de deuda soberana, el cual deber\u00e1 ser debatido este a\u00f1o, tal como promueve la Resoluci\u00f3n 68\/304 de Naciones Unidas, impulsada por Argentina a partir del ataque de los \u00abfondos buitre\u00bb, que fuera aprobada por amplia mayor\u00eda en la Asamblea General de septiembre de 2014.<\/p>\n<p style=\"text-align: justify;\">El movimiento sindical de las Am\u00e9ricas no solo estar\u00e1 en las calles para defender los leg\u00edtimos intereses de la clase trabajadora, sino tambi\u00e9n en los escenarios donde se deben debatir y decidir las pol\u00edticas que permitan superar esta coyuntura de crisis y desaceleraci\u00f3n econ\u00f3mica. El movimiento sindical tiene en la Plataforma de Desarrollo de las Am\u00e9ricas (PLADA) el instrumental de propuestas en los diferentes \u00e1mbitos del desarrollo sustentable, que permita no s\u00f3lo dar respuesta al momento que vive la regi\u00f3n, sino, en un horizonte estrat\u00e9gico, avanzar en un modelo apoyado en las cuatro dimensiones del desarrollo sustentable (pol\u00edtica, econ\u00f3mica, social y ambiental) y su necesaria articulaci\u00f3n, para responder de manera equilibrada a los desaf\u00edos de econom\u00edas al servicio de nuestras sociedades, con garant\u00eda de plenos derechos sociales, con participaci\u00f3n democr\u00e1tica y protag\u00f3nica, igualdad y preservaci\u00f3n del planeta para las generaciones presentes y futuras.<br \/>\nEn el marco de la realizaci\u00f3n de la S\u00e9ptima Cumbre de las Am\u00e9ricas, colocamos la PLADA de cara a los gobiernos y expresamos nuestra intenci\u00f3n de avanzar en el camino que nos permita ser actores de los cambios necesarios para nuestra regi\u00f3n. Como actores del desarrollo estamos preparados para el desaf\u00edo de construir las Am\u00e9ricas que queremos, con inclusi\u00f3n, justicia social, igualdad, trabajo decente y mayor democracia.<br \/>\nDefendemos el desarrollo y la cooperaci\u00f3n como pol\u00edticas de Estado, basadas en el enfoque de derechos. Rechazamos la promoci\u00f3n del papel protag\u00f3nico del sector privado como actor de desarrollo, en sustituci\u00f3n de la responsabilidad del Estado, en particular en los actuales debates internacionales sobre la Agenda post-2015 y la financiaci\u00f3n para el desarrollo. En ese marco cualesquiera sean los bancos de Desarrollo, deben dialogar con el movimiento sindical y la sociedad como un todo. Es inaceptable que el Banco Interamericano de Desarrollo \u2013BID- siga sin establecer un foro de di\u00e1logo con el sindicalismo regional y sin adoptar cl\u00e1usulas laborales como condicionantes a sus pr\u00e9stamos, como ya hicieron otras instituciones financieras internacionales.<br \/>\nConsideramos importantes los procesos como la UNASUR, la CELAC y las dem\u00e1s iniciativas integradoras, que son reflejo de la madurez de nuestros pueblos y gobiernos para presentarse como un bloque que participa de la disputa geopol\u00edtica mundial, no desde la competencia y la dominaci\u00f3n, sino desde la solidaridad, la complementariedad y el reconocimiento de nuestra diversidad social, pol\u00edtica, \u00e9tnica y cultural. Es por ello que estas instituciones deben dotarse de instrumentos y pol\u00edticas claras que logren consolidar efectivamente a estos organismos y a otros como el Mercosur, para que act\u00faen como bloque econ\u00f3mico, pol\u00edtico y social en pos de trabajar para un nuevo modelo de desarrollo regional que permita terminar con la l\u00f3gica de primarizaci\u00f3n y de dependencia financiera de nuestros pa\u00edses.<br \/>\nLa soberan\u00eda, la autodeterminaci\u00f3n y la paz deben ser la condici\u00f3n fundamental en las relaciones entre los Estados y sus pueblos. Acompa\u00f1amos positivamente el proceso de negociaci\u00f3n de paz en La Habana desarrollado por las FARC-EP y el gobierno colombiano, esperando pueda ser extendido en una mesa de di\u00e1logo con el ELN.<br \/>\nEn este sentido, tambi\u00e9n saludamos el avance en el reconocimiento de la legitimidad del gobierno cubano y del derecho a la autodeterminaci\u00f3n de su pueblo, por ser parte integrante de la comunidad de naciones de este hemisferio. Este avance tiene que coronarse no solamente con el restablecimiento de las relaciones diplom\u00e1ticas entre EEUU y Cuba, sino tambi\u00e9n con el fin del bloqueo econ\u00f3mico, financiero y comercial a la<br \/>\nIsla.<br \/>\nPor el contrario, rechazamos la reciente declaraci\u00f3n del presidente de los EE.UU., Barack Obama sobre el gobierno de la Rep\u00fablica Bolivariana de Venezuela, porque constituye un acto de injerencia interna en un pa\u00eds soberano y no contribuye a la resoluci\u00f3n del conflicto interno. Consideramos que la situaci\u00f3n pol\u00edtica en ese pa\u00eds debe resolverse internamente, con di\u00e1logo entre las partes, de forma democr\u00e1tica y sin ning\u00fan tipo de amenazas o intervenci\u00f3n externa. Acompa\u00f1amos la solicitud de los gobiernos de la UNASUR y la CELAC para que se suspenda esta medida y ambos gobiernos retomen un di\u00e1logo constructivo y respetuoso, que contribuya a la superaci\u00f3n de los problemas que hoy aquejan al pueblo venezolano, con apego a su Constituci\u00f3n y a la institucionalidad democr\u00e1tica.<br \/>\nLas Am\u00e9ricas deben ser un continente de paz, sin ninguna presencia de bases militares extranjeras en nuestros pa\u00edses, particularmente la presencia militar del Reino Unido en las Islas Malvinas. La consecuci\u00f3n de esa paz radica tambi\u00e9n en una acci\u00f3n activa y duradera de defensa de los derechos de minor\u00edas, que proteja a los trabajadores migrantes, as\u00ed como las libertades fundamentales de los pueblos originarios, y la vida de todos aquellos que deciden enfrentarse a las pol\u00edticas de exclusi\u00f3n y de violencia; en este marco, exigimos el r\u00e1pido esclarecimiento y castigo a los culpables de la desaparici\u00f3n forzada de los 43 estudiantes de Ayotzinapa, en M\u00e9xico.<br \/>\nLa c\u00e1rcel de Guant\u00e1namo es una afrenta a los derechos humanos en el hemisferio. Hay personas que han estado detenidas por m\u00e1s de 10 a\u00f1os sin cargos. Por un lado, hacemos un llamado a los EEUU para cerrar la c\u00e1rcel de Guant\u00e1namo; por otro, pedimos a pa\u00edses de la regi\u00f3n que ofrezcan acogida a estas v\u00edctimas de abusos de los derechos humanos.<br \/>\nA pesar de experiencias exitosas en la regi\u00f3n y progresos en la lucha contra la desigualdad, viejas propuestas de desarrollo que ya han fracasado en las \u00faltimas d\u00e9cadas han vuelto a aparecer. La \u201cAlianza para la Prosperidad\u201d adoptada por los gobiernos de El Salvador, Honduras y Guatemala con el BID, se ofrece ahora como una soluci\u00f3n a los problemas de violencia, gobernabilidad, falta de oportunidades y trabajo decente en estos pa\u00edses. Apoyamos el principio de dar mayor atenci\u00f3n y asistencia a los pa\u00edses que atraviesan dificultades persistentes, pero nos preocupa la tendencia de reproducir los errores del pasado con recetas de flexibilizaci\u00f3n laboral, financiamiento de infraestructura sin contrapartes o condiciones, impactos negativos a los derechos humanos de muchas comunidades, \u00e9nfasis en sectores de explotaci\u00f3n para exportaci\u00f3n y todas las variables recetas de la ortodoxia del mercado. Como m\u00ednimo, este apoyo debe contar con procesos de consulta y control social y requisitos de trabajo decente en las obras de infraestructura.<br \/>\nExpresamos nuestra profunda condena por la grave situaci\u00f3n de vulneraci\u00f3n de derechos humanos en Rep\u00fablica Dominicana que afecta actualmente a millares de migrantes haitianos y de dominicanos de ascendencia haitiana y a sus familias, cuyos derechos a la nacionalidad han sido violados y por ello se encuentran, expuestos a una inminente, e injusta y masiva deportaci\u00f3n as\u00ed como a acciones violentas de discriminaci\u00f3n. Exigimos de ambos gobiernos inmediatas acciones para corregir esa situaci\u00f3n.<br \/>\nEs necesario superar toda forma de violencia, especialmente la de g\u00e9nero, que afecta a millones de mujeres en lo privado y en los lugares de trabajo. Pugnar por erradicar los impactos diferenciados que las vulneran en mayor medida, as\u00ed como impulsar la igualdad sustantiva, es una tarea que permitir\u00e1 revertir las condiciones de desigualdad que existen. Erradicar todo tipo de discriminaci\u00f3n, entre otras cosas, permitir\u00e1 liberar las fuerzas productivas y creadoras de millones de mujeres y hombres a quienes hoy les son negados sus derechos por su condici\u00f3n racial, origen \u00e9tnico, edad, sexo, preferencia u orientaci\u00f3n sexual.<br \/>\nDefendemos que en este contexto la Organizaci\u00f3n de Estados Americanos (OEA) debe responder a la realidad de ser un \u00f3rgano de una regi\u00f3n asim\u00e9trica, diversa y heterog\u00e9nea y su papel debe ser el de construir un equilibrio democr\u00e1tico frente a esa realidad. La autonom\u00eda y la autodeterminaci\u00f3n de naciones, pueblos y gobiernos deben ser un principio central para avanzar en un verdadero proceso de integraci\u00f3n regional. Un desaf\u00edo para el futuro de este organismo hemisf\u00e9rico es asegurar que la presencia y participaci\u00f3n de la sociedad civil organizada de la regi\u00f3n se corresponda con su diversidad, legitimidad y representatividad, que refleje las realidades de nuestras sociedades. En esa misma direcci\u00f3n, saludamos la aprobaci\u00f3n de los convenios A 68 y A69 contra toda forma de discriminaci\u00f3n en la Regi\u00f3n.<br \/>\nEstas son las reivindicaciones y apuestas del movimiento sindical de las Am\u00e9ricas. La cita de Panam\u00e1 ratifica nuestra agenda y se\u00f1ala nuestro camino de movilizaci\u00f3n y lucha junto con otros movimientos sociales y fuerzas transformadoras a lo largo y ancho de este continente, para avanzar en nuestra aspiraci\u00f3n com\u00fan de justicia, igualdad, soberan\u00eda, paz y desarrollo sustentable.<br \/>\nEsta declaraci\u00f3n fue adoptada por el Consejo Ejecutivo de la CSA y sus 56 organizaciones afiliadas, con la participaci\u00f3n y adhesi\u00f3n de la ISP Am\u00e9ricas, UNI Am\u00e9ricas, ICM, la CSBT de Venezuela, PITCNT del Uruguay, la CTC de Cuba y el Encuentro Sindical Nuestra Am\u00e9rica (ESNA).<br \/>\nCiudad de Panam\u00e1, 9 de abril de 2015<\/p>\n","protected":false},"excerpt":{"rendered":"FORO SINDICAL DE LAS AM\u00c9RICAS 9 de abril, Ciudad de Panam\u00e1 \u201cLas Am\u00e9ricas que queremos\u201d Con Democracia, Justicia e Inclusi\u00f3n Social!!! Con Paz, \n<a class=\"moretag\" href=\"https:\/\/ctainternacionales.org\/?p=2723\"> [...]<\/a>","protected":false},"author":1,"featured_media":0,"comment_status":"closed","ping_status":"closed","sticky":false,"template":"","format":"standard","meta":{"ngg_post_thumbnail":0,"footnotes":""},"categories":[],"tags":[],"class_list":["post-2723","post","type-post","status-publish","format-standard","hentry"],"_links":{"self":[{"href":"https:\/\/ctainternacionales.org\/index.php?rest_route=\/wp\/v2\/posts\/2723","targetHints":{"allow":["GET"]}}],"collection":[{"href":"https:\/\/ctainternacionales.org\/index.php?rest_route=\/wp\/v2\/posts"}],"about":[{"href":"https:\/\/ctainternacionales.org\/index.php?rest_route=\/wp\/v2\/types\/post"}],"author":[{"embeddable":true,"href":"https:\/\/ctainternacionales.org\/index.php?rest_route=\/wp\/v2\/users\/1"}],"replies":[{"embeddable":true,"href":"https:\/\/ctainternacionales.org\/index.php?rest_route=%2Fwp%2Fv2%2Fcomments&post=2723"}],"version-history":[{"count":3,"href":"https:\/\/ctainternacionales.org\/index.php?rest_route=\/wp\/v2\/posts\/2723\/revisions"}],"predecessor-version":[{"id":2728,"href":"https:\/\/ctainternacionales.org\/index.php?rest_route=\/wp\/v2\/posts\/2723\/revisions\/2728"}],"wp:attachment":[{"href":"https:\/\/ctainternacionales.org\/index.php?rest_route=%2Fwp%2Fv2%2Fmedia&parent=2723"}],"wp:term":[{"taxonomy":"category","embeddable":true,"href":"https:\/\/ctainternacionales.org\/index.php?rest_route=%2Fwp%2Fv2%2Fcategories&post=2723"},{"taxonomy":"post_tag","embeddable":true,"href":"https:\/\/ctainternacionales.org\/index.php?rest_route=%2Fwp%2Fv2%2Ftags&post=2723"}],"curies":[{"name":"wp","href":"https:\/\/api.w.org\/{rel}","templated":true}]}}