{"id":2716,"date":"2015-04-08T22:13:28","date_gmt":"2015-04-09T01:13:28","guid":{"rendered":"http:\/\/www.ctainternacionales.org\/?p=2716"},"modified":"2015-04-08T22:26:42","modified_gmt":"2015-04-09T01:26:42","slug":"fito-aguirre-en-consejo-ejecutivo-de-la-csa-y-en-el-foro-sindical-de-las-americas","status":"publish","type":"post","link":"https:\/\/ctainternacionales.org\/?p=2716","title":{"rendered":"Fito Aguirre en el Consejo Ejecutivo de la CSA y en el Foro Sindical de las Americas."},"content":{"rendered":"<p style=\"text-align: justify;\"><a href=\"http:\/\/www.ctainternacionales.org\/wp-content\/uploads\/2015\/04\/GetAttachment.jpg\"><img loading=\"lazy\" decoding=\"async\" class=\"aligncenter size-full wp-image-2717\" src=\"http:\/\/www.ctainternacionales.org\/wp-content\/uploads\/2015\/04\/GetAttachment.jpg\" alt=\"GetAttachment\" width=\"186\" height=\"159\" \/><\/a>Adolfo \u201cFito\u201d Aguirre participo los d\u00edas 6,7,8 de Abril de la reuni\u00f3n como miembro del Consejo Ejecutivo de la Confederaci\u00f3n Sindical de las Am\u00e9ricas. En la ciudad Panam\u00e1, en dicho encuentro de evaluaci\u00f3n se presentaron los informes de cada uno de los secretariados como tambi\u00e9n se realizo un an\u00e1lisis de coyuntura de toda la regi\u00f3n para establecer la agenda y las estrategias para la CSA. Adem\u00e1s el pr\u00f3ximo a\u00f1o 2016 tendr\u00e1 lugar el III Congreso de la CSA donde se definir\u00e1 nuevas autoridades y las estrategias con un programa de acci\u00f3n para los pr\u00f3ximos cuatro a\u00f1os que ser\u00e1n definidas en encuentros regionales con los trabajadores durante el 2015 para poder llegar al congreso con un debate mas enriquecido.<!--more--><\/p>\n<p style=\"text-align: justify;\">En el ultimo congreso realizado en Foz do Iguaz\u00fa Brasil en abril del 2012 se establecieron algunos ejes fundamentales como el desarrollo sustentable, y el papel del sindicalismo en la Promoci\u00f3n del Desarrollo Sostenible para las Am\u00e9ricas. como tambi\u00e9n se trazaron ejes en defensa del trabajo decente fortalecer la participaci\u00f3n y avanzar sobre la democracia participativa, auto-reforma sindical; la libertad sindical, genero, y seguir avanzando por la unidad sindical. En la reuni\u00f3n del consejo de la CSA se incorporaron tres nuevas Centrales Obreras FNT &#8211; Frente Nacional de los Trabajadores de Nicaragua; CONUSI -Confederaci\u00f3n Nacional de Unidad Sindical Independiente de Panam\u00e1 y CEDOCUT de Ecuador. Adem\u00e1s desde la CSA se elaboro un documento que ser\u00e1 presentado en el Foro Sindical de las Am\u00e9ricas donde Fito Aguirre Fue elegido para realizar su lectura. Este documento tambi\u00e9n ser\u00e1 entregado en la cumbre de los Jefes de Estado y de Gobiernos a realizarse el 10 y 11 de abril en Panam\u00e1<\/p>\n<p style=\"text-align: justify;\">El 9 de Abril esta previsto el Foro sindical de las Am\u00e9ricas con el apoyo de las centrales Obreras de Panam\u00e1 CGTP, CTRP Convergencia Sindical y CONUSI previa a la cumbre de los Jefes de Estado y de Gobiernos.<\/p>\n<p style=\"text-align: justify;\">El Foro sindical de la Am\u00e9ricas se re\u00fane con el fin de reafirmar una agenda que promueva la defensa de los pueblos con una democracia real y participativa que permita quebrar las improntas impuestas por el capitalismo. El movimiento sindical del hemisferio se re\u00fane de manera amplia 10 a\u00f1os despu\u00e9s de la hist\u00f3rica victoria luego de derrotar al proyecto neoliberal con su propuesta al ALCA para toda la regi\u00f3n en Mar del Plata en 2005. En aquella ocasi\u00f3n junto con organizaciones sindicales y sociales mas gobiernos democr\u00e1ticos del continente rechazamos y logramos bloquear la iniciativa en la cumbre presidencial. Este icono en la historia de los pueblos trazo una visara y una ruptura de las pol\u00edticas neoliberales impuestas durante d\u00e9cadas a nuestros pueblos. Lo que tambi\u00e9n permiti\u00f3 abrir y dar puntapi\u00e9 de inicio a nuevos proyectos post neoliberales en diversos pa\u00edses con gobiernos progresistas que redundaron en mejoras sociales y poner en discusi\u00f3n una mejora en la redistribuci\u00f3n de la riqueza. A mas de 15 a\u00f1os de los nuevos gobiernos progresistas en la actualidad se encuentran en una nueva encrucijada; La crisis mundial del capitalismo, profundizada en el 2008, no da se\u00f1ales de ceder sino que por el contrario intenta reestructurarse y avanzar sobre nuestra regi\u00f3n poniendo en muchos casos en riesgo las conquistas acumuladas, Las alianzas del capital trasnacional, la derecha pol\u00edtica, y los poderes hegem\u00f3nicos de las grandes potencias, se articulan nuevamente y acosan a pueblos y gobiernos para torcer sus agendas y desestabilizar sus econom\u00edas y o la gobernabilidad. En este marco se inscribe la agresiva estrategia del neoliberalismo destinada a incidir en la correlaci\u00f3n de fuerzas que define la agenda de la OIT, ante lo cual el movimiento sindical de las Am\u00e9ricas se ha posicionado firmemente y ha presionado a los gobiernos del GRULAC a asumir una postura a favor del mandato normativo y de control de la OIT y a reconocer expresamente que el derecho a la huelga est\u00e1 vinculado a la libertad sindical.<\/p>\n<p style=\"text-align: justify;\">Debemos continuar avanzando desde el punto en que hemos llegado. Sin permitir que las conquistas sociales retrocedan, tenemos que apuntar a nuevos avances. Nuestros pa\u00edses precisan superar las deficiencias estructurales de econom\u00edas dependientes de la extracci\u00f3n y comercializaci\u00f3n de materias primas y promover modelos econ\u00f3micos diversificados y sustentables, desde una perspectiva de integraci\u00f3n y cooperaci\u00f3n regional solidaria que mire siempre atentamente la dimensi\u00f3n social del desarrollo sustentable. En este sentido, es positivo el avance en el reconocimiento de la legitimidad del gobierno cubano y del derecho a la autodeterminaci\u00f3n de su pueblo para ser parte integrante de la comunidad de naciones de este hemisferio. Este avance tiene que coronarse no solamente con la retomada de las relaciones diplom\u00e1ticas entre EEUU y Cuba, sino tambi\u00e9n con el fin del bloqueo econ\u00f3mico, financiero y comercial.<\/p>\n<p style=\"text-align: justify;\"><a href=\"http:\/\/www.ctainternacionales.org\/wp-content\/uploads\/2015\/04\/GetAttachment-1.jpg\"><img loading=\"lazy\" decoding=\"async\" class=\"aligncenter size-full wp-image-2718\" src=\"http:\/\/www.ctainternacionales.org\/wp-content\/uploads\/2015\/04\/GetAttachment-1.jpg\" alt=\"GetAttachment-1\" width=\"213\" height=\"159\" \/><\/a>Por el contrario, fue rechazado en forma un\u00edsona la reciente declaraci\u00f3n del presidente de los EE.UU., Barack Obama sobre el gobierno de Venezuela, porque constituye un acto de injerencia interna en un pa\u00eds soberano y no contribuye a la resoluci\u00f3n del conflicto interno. Consideramos que la situaci\u00f3n pol\u00edtica en ese pa\u00eds debe resolverse internamente, con di\u00e1logo entre las partes, de forma democr\u00e1tica y sin ning\u00fan tipo de amenazas o intervenci\u00f3n externa. Acompa\u00f1amos la solicitud de los gobiernos de la UNASUR y la CELAC para que se suspenda esta medida y ambos gobiernos retomen un di\u00e1logo constructivo y respetuoso que contribuya a la superaci\u00f3n de los problemas que hoy aquejan al pueblo venezolano, con apego a su constituci\u00f3n y a la institucionalidad democr\u00e1tica.<\/p>\n<p style=\"text-align: justify;\">El movimiento obrero de las Am\u00e9ricas no solo es protagonista de la luchas en las calles para la defensa de los intereses de los trabajadores sino que tambi\u00e9n como productores de la riqueza tenemos la necesidad y el derecho a intervenir y debatir las pol\u00edticas en nuestros gobiernos; para esto se instrumento desde la CSA una herramienta elabora y debatida por los trabajadores como la Plataforma de desarrollo de las Am\u00e9ricas (PLADA) que no solo es una herramienta de coyuntura sino una estrategia a largo plazo para toda la regi\u00f3n. La PLADA posee cuatro dimensiones la pol\u00edtica, econ\u00f3mica social y ambiental y su necesaria articulaci\u00f3n para dar respuestas de manera equilibrada a los desaf\u00edos de econom\u00edas que prioricen las necesidades al servicio de una sociedad justa y equitativa con derechos sociales y participaci\u00f3n democr\u00e1tica e igualitaria con una perspectiva de preservaci\u00f3n del planeta<\/p>\n","protected":false},"excerpt":{"rendered":"Adolfo \u201cFito\u201d Aguirre participo los d\u00edas 6,7,8 de Abril de la reuni\u00f3n como miembro del Consejo Ejecutivo de la Confederaci\u00f3n Sindical de las \n<a class=\"moretag\" href=\"https:\/\/ctainternacionales.org\/?p=2716\"> [...]<\/a>","protected":false},"author":1,"featured_media":0,"comment_status":"closed","ping_status":"closed","sticky":false,"template":"","format":"standard","meta":{"ngg_post_thumbnail":0,"footnotes":""},"categories":[],"tags":[],"class_list":["post-2716","post","type-post","status-publish","format-standard","hentry"],"_links":{"self":[{"href":"https:\/\/ctainternacionales.org\/index.php?rest_route=\/wp\/v2\/posts\/2716","targetHints":{"allow":["GET"]}}],"collection":[{"href":"https:\/\/ctainternacionales.org\/index.php?rest_route=\/wp\/v2\/posts"}],"about":[{"href":"https:\/\/ctainternacionales.org\/index.php?rest_route=\/wp\/v2\/types\/post"}],"author":[{"embeddable":true,"href":"https:\/\/ctainternacionales.org\/index.php?rest_route=\/wp\/v2\/users\/1"}],"replies":[{"embeddable":true,"href":"https:\/\/ctainternacionales.org\/index.php?rest_route=%2Fwp%2Fv2%2Fcomments&post=2716"}],"version-history":[{"count":3,"href":"https:\/\/ctainternacionales.org\/index.php?rest_route=\/wp\/v2\/posts\/2716\/revisions"}],"predecessor-version":[{"id":2721,"href":"https:\/\/ctainternacionales.org\/index.php?rest_route=\/wp\/v2\/posts\/2716\/revisions\/2721"}],"wp:attachment":[{"href":"https:\/\/ctainternacionales.org\/index.php?rest_route=%2Fwp%2Fv2%2Fmedia&parent=2716"}],"wp:term":[{"taxonomy":"category","embeddable":true,"href":"https:\/\/ctainternacionales.org\/index.php?rest_route=%2Fwp%2Fv2%2Fcategories&post=2716"},{"taxonomy":"post_tag","embeddable":true,"href":"https:\/\/ctainternacionales.org\/index.php?rest_route=%2Fwp%2Fv2%2Ftags&post=2716"}],"curies":[{"name":"wp","href":"https:\/\/api.w.org\/{rel}","templated":true}]}}