{"id":2712,"date":"2015-04-01T18:11:08","date_gmt":"2015-04-01T21:11:08","guid":{"rendered":"http:\/\/www.ctainternacionales.org\/?p=2712"},"modified":"2015-04-01T18:11:16","modified_gmt":"2015-04-01T21:11:16","slug":"colombia-la-paz-no-es-solo-el-silencio-de-los-fusiles-el-elemento-justicia-social-es-fundamental","status":"publish","type":"post","link":"https:\/\/ctainternacionales.org\/?p=2712","title":{"rendered":"COLOMBIA: \u201cLa paz no es s\u00f3lo el silencio de los fusiles, el elemento justicia social es fundamental\u201d"},"content":{"rendered":"<p style=\"text-align: justify;\"><span style=\"font-weight: bold; color: #000000;\"><a href=\"http:\/\/www.ctainternacionales.org\/wp-content\/uploads\/2015\/04\/3387.jpg\"><img loading=\"lazy\" decoding=\"async\" class=\"aligncenter size-thumbnail wp-image-2713\" src=\"http:\/\/www.ctainternacionales.org\/wp-content\/uploads\/2015\/04\/3387-307x250.jpg\" alt=\"3387\" width=\"307\" height=\"250\" \/><\/a>Lo afirm\u00f3 Julio Roberto G\u00f3mez, presidente de la Confederaci\u00f3n General del Trabajo (CGT) de Colombia, a prop\u00f3sito de su nombramiento en la Comisi\u00f3n Asesora para la Paz.<\/span><!--more--><\/p>\n<p style=\"text-align: justify;\">Escuela Nacional Sindical<\/p>\n<p style=\"text-align: justify;\"><span style=\"font-style: inherit; font-weight: inherit;\">Once colombianos, en representaci\u00f3n de diferentes fuerzas pol\u00edticas, econ\u00f3micas y sociales, integran desde la semana pasada la llamada Comisi\u00f3n Asesora de Paz, creada por el presidente Juan Manuel Santos con el prop\u00f3sito de escuchar y recoger las diferentes percepciones de la sociedad sobre el proceso de paz, y hacer de \u00e9ste un prop\u00f3sito nacional.<\/span><\/p>\n<p style=\"text-align: justify;\"><span style=\"font-style: inherit; font-weight: inherit;\">\u00a0<\/span><\/p>\n<p style=\"text-align: justify;\"><span style=\"font-style: inherit; font-weight: inherit;\">Es pues una comisi\u00f3n asesora, no reemplaza al Consejo Nacional de Paz. Est\u00e1 integrada por personas independientes, algunas incluso cr\u00edticas del Gobierno. Una de ellas es un sindicalista: Julio Roberto G\u00f3mez, presidente de la Confederaci\u00f3n General del Trabajo, CGT, quien al igual que los dem\u00e1s miembros de la comisi\u00f3n estar\u00e1 permanentemente informado sobre la evoluci\u00f3n de los temas y las discusiones que se desarrollan en La Habana, con el objetivo de retroalimentar el proceso con sus observaciones, consejos y sugerencias.<\/span><\/p>\n<p style=\"text-align: justify;\"><span style=\"font-style: inherit; font-weight: inherit;\">\u00a0<\/span><\/p>\n<p style=\"text-align: justify;\"><span style=\"font-style: inherit; font-weight: inherit;\">La presencia de G\u00f3mez en esta comisi\u00f3n es importante en la medida en que el sindicalismo se constituye en impulsor de una paz construida con las y los trabajadores, con garant\u00edas democr\u00e1ticas y en condiciones de trabajo decente y con pleno ejercicio de las libertades sindicales.<\/span><\/p>\n<p style=\"text-align: justify;\"><span style=\"font-style: inherit; font-weight: inherit;\">\u00a0<\/span><\/p>\n<p style=\"text-align: justify;\"><span style=\"font-style: inherit; font-weight: inherit;\">Otros miembros de esta comisi\u00f3n son, entre otros, el ex alcalde de Bogot\u00e1 Antanas Mockus, la presidenta del Polo Democr\u00e1tico Clara L\u00f3pez, el expresidente Andr\u00e9s Pastrana, la excandidata presidencial Marta Luc\u00eda Ram\u00edrez, el cardenal Rub\u00e9n Salazar, el presidente de Bancolombia Carlos Ra\u00fal Yepes, el ex ministro de Defensa Rafael Samudio Molina, la exguerrillera del desmovilizado M-19 y ex senadora Vera Grabe.<\/span><\/p>\n<p style=\"text-align: justify;\"><span style=\"font-style: inherit; font-weight: inherit;\">\u00a0<\/span><\/p>\n<p style=\"text-align: justify;\"><span style=\"font-style: inherit; font-weight: inherit;\">En la siguiente entrevista Julio Roberto G\u00f3mez se refiere al proceso de paz, a la naturaleza de la Comisi\u00f3n Asesora para la que fue nombrado, y al papel que tendr\u00e1 en ella.<\/span><\/p>\n<p style=\"text-align: justify;\"><span style=\"font-style: inherit; font-weight: inherit;\">\u00a0<\/span><\/p>\n<h3 style=\"font-weight: inherit; text-align: justify;\"><span style=\"font-style: inherit; font-weight: inherit;\">Para empezar, d\u00edganos cu\u00e1l es el pensamiento, el enfoque que usted tiene sobre el proceso de paz, y sobre la paz en s\u00ed.<\/span><\/h3>\n<p style=\"text-align: justify;\"><span style=\"font-style: inherit; font-weight: inherit;\">\u00a0<\/span><\/p>\n<p style=\"text-align: justify;\"><span style=\"font-style: inherit; font-weight: inherit;\">Mi enfoque como sindicalista y presidente de la CGT, es que a este proceso hay que colocarle elementos que nos ayuden a convertir la paz en una realidad, es decir, una paz emanada de la justicia social. Es imposible hablar de una paz real si no combatimos la pobreza y la exclusi\u00f3n social, si no hay una pol\u00edtica clara en materia de empleo, si no hacemos lo necesario para acabar con la tercerizaci\u00f3n laboral. Alguien dir\u00e1: si es as\u00ed, nunca va a haber paz. No se trata de eso, sino de colocar el ingrediente social. Porque la paz no es solo el silencio de los fusiles, ese es apenas uno de los puntos. El elemento justicia social es fundamental. Yo me pregunto: a las gentes de las comunas de Medell\u00edn, a las comunidades excluidas del Choc\u00f3, a los habitantes de Buenaventura, a la gente que vive en los cinturones de miseria de Bogot\u00e1, o a quienes viven en la marginalidad en el Distrito de Aguablanca en Cali, es decir, a quienes est\u00e1n en la pobreza extrema, \u00bfqu\u00e9 tanto les interesa la paz? A esas comunidades lo que les interesa es que empiecen los procesos para resolver las enormes desigualdades sociales que tenemos. La paz no puede ser gratuita, o ser simplemente la firma de un acuerdo entre las FARC y el Gobierno en La Habana, o en el lugar que sea.<\/span><\/p>\n<p style=\"text-align: justify;\"><span style=\"font-style: inherit; font-weight: inherit;\">\u00a0<\/span><\/p>\n<h3 style=\"font-weight: inherit; text-align: justify;\"><span style=\"font-style: inherit; font-weight: inherit;\">En ese contexto, \u00bfcon qu\u00e9 expectativas recibe su nombramiento en la Comisi\u00f3n Asesora para la Paz?<\/span><\/h3>\n<p style=\"text-align: justify;\"><span style=\"font-style: inherit; font-weight: inherit;\">\u00a0<\/span><\/p>\n<p style=\"text-align: justify;\"><span style=\"font-style: inherit; font-weight: inherit;\">Recibimos con benepl\u00e1cito este nombramiento, este acto de generosidad del Presidente de la Rep\u00fablica. Procuraremos cumplir el mejor papel y emplearnos a fondo para que la voz de los trabajadores sea escuchada. Esto bajo el entendido de que si bien la CGT ha venido acompa\u00f1ando el proceso de paz, tambi\u00e9n hemos sido bastante cr\u00edticos en torno al desarrollo del mismo; con criterio y sentido de pa\u00eds hemos planteado algunas observaciones. Ya los miembros de la Comisi\u00f3n realizamos el pasado lunes la primera reuni\u00f3n en un ambiente sin tensiones, tranquilo. Tuvimos la oportunidad de expresar algunos criterios respecto de c\u00f3mo vemos nosotros el proceso de paz.<\/span><\/p>\n<p style=\"text-align: justify;\"><span style=\"font-style: inherit; font-weight: inherit;\">\u00a0<\/span><\/p>\n<h3 style=\"font-weight: inherit; text-align: justify;\"><span style=\"font-style: inherit; font-weight: inherit;\">De sus palabras se infiere que va a mantener su independencia.<\/span><\/h3>\n<p style=\"text-align: justify;\"><span style=\"font-style: inherit; font-weight: inherit;\">\u00a0<\/span><\/p>\n<p style=\"text-align: justify;\"><span style=\"font-style: inherit; font-weight: inherit;\">Naturalmente que s\u00ed. La virtud que tiene esta comisi\u00f3n es que es variopinta, tanto que hay hasta un sindicalista. Pienso incluso que, en la tarea de despolarizar el pa\u00eds, ser\u00eda muy importante la representaci\u00f3n del Centro Democr\u00e1tico, que ser\u00eda bienvenida en la Comisi\u00f3n. Porque de lo que se trata es de enviar mensajes alentadores, para que se tengan en cuenta los diferentes aportes de la sociedad colombiana y el proceso de paz se vea cada vez m\u00e1s enriquecido.<\/span><\/p>\n<p style=\"text-align: justify;\"><span style=\"font-style: inherit; font-weight: inherit;\">\u00a0<\/span><\/p>\n<p style=\"text-align: justify;\"><span style=\"font-style: inherit; font-weight: inherit;\">Sin embargo, en un comunicado las FARC dijeron que a esta Comisi\u00f3n le falta pueblo, que no tiene representaci\u00f3n de los sectores populares y las nuevas fuerzas pol\u00edticas. Que es elitista, en suma. \u00bfQu\u00e9 dice a eso?<\/span><\/p>\n<p style=\"text-align: justify;\"><span style=\"font-style: inherit; font-weight: inherit;\">\u00a0<\/span><\/p>\n<p style=\"text-align: justify;\"><span style=\"font-style: inherit; font-weight: inherit;\">Digo que yo nunca he pertenecido a la elite, y jam\u00e1s he protestado porque en otros escenarios est\u00e9n mis colegas. Digo tambi\u00e9n que en la CGT, que yo represento en la Comisi\u00f3n, hay organizaciones del sector p\u00fablico y privado, de campesinos, pueblos ind\u00edgenas, raizales, comunidades negras, organizaciones de lucha por la tierra\u2026 Pero creo que no es bueno que se use el recurso de la descalificaci\u00f3n. Simplemente asumo con humildad esta responsabilidad hist\u00f3rica y ester\u00e9 presto a brindar mi modesto aporte, y para ello me asesorar\u00e9 de los equipos t\u00e9cnicos que tenemos en la CGT. Nos emplearemos a fondo para que alg\u00fan d\u00eda poder acompa\u00f1ar el proceso de fin de la guerra con las FARC, y esperamos que tambi\u00e9n con el ELN haya una mesa de negociaci\u00f3n, y con las dem\u00e1s organizaciones al margen de la ley. Es decir, necesitamos una paz integral para que Colombia se catapulte como el pa\u00eds m\u00e1s desarrollado de la regi\u00f3n.<\/span><\/p>\n<p style=\"text-align: justify;\"><span style=\"font-style: inherit; font-weight: inherit;\">\u00a0<\/span><\/p>\n<h3 style=\"font-weight: inherit; text-align: justify;\"><span style=\"font-style: inherit; font-weight: inherit;\">\u00bfEs preciso decir que en esta comisi\u00f3n Julio Roberto G\u00f3mez est\u00e1 representando al movimiento sindical?<\/span><\/h3>\n<p style=\"text-align: justify;\"><span style=\"font-style: inherit; font-weight: inherit;\">\u00a0<\/span><\/p>\n<p style=\"text-align: justify;\"><span style=\"font-style: inherit; font-weight: inherit;\">Creo que ser\u00eda demasiado pretencioso plantear que yo represento al movimiento sindical en su totalidad, no pretendo arrogarme esa representaci\u00f3n. Pero s\u00ed represento la voz de lo social en la Comisi\u00f3n Asesora. Seguramente habr\u00e1 quienes se disgusten por mi presencia y mi papel all\u00ed. A ellos hay que decirles que tranquilos, que se serenen, que yo no pretendo representar a quien no se sienta representado.<\/span><\/p>\n<p style=\"text-align: justify;\"><span style=\"font-style: inherit; font-weight: inherit;\">\u00a0<\/span><\/p>\n<h3 style=\"font-weight: inherit; text-align: justify;\"><span style=\"font-style: inherit; font-weight: inherit;\">\u00bfQu\u00e9 papel debe jugar el movimiento sindical en la construcci\u00f3n de la paz?<\/span><\/h3>\n<p style=\"text-align: justify;\"><span style=\"font-style: inherit; font-weight: inherit;\">\u00a0<\/span><\/p>\n<p style=\"text-align: justify;\"><span style=\"font-style: inherit; font-weight: inherit;\">Yo creo que ya est\u00e1 jugando un papel, en la medida en que ha venido organizando a los trabajadores y a las comunidades, y reivindicando sus derechos; ha venido avanzando en el planteamiento de la justicia social y la soluci\u00f3n de los problemas de la comunidad. En esa medida el movimiento sindical ha hecho una contribuci\u00f3n grande a la paz. Independientemente de nuestras contradicciones internas, y m\u00e1s all\u00e1 de los momentos conflictivos que a veces tenemos, somos un todo. Lo cierto es que el movimiento sindical ha estado comprometido con la paz en este pa\u00eds.<\/span><\/p>\n<p style=\"text-align: justify;\"><span style=\"font-style: inherit; font-weight: inherit;\">\u00a0<\/span><\/p>\n<h3 style=\"font-weight: inherit; text-align: justify;\"><span style=\"font-style: inherit; font-weight: inherit;\">\u00bfQu\u00e9 lugar cree que debe ocupar lo laboral y lo sindical en la agenda del proceso de paz y el posconflicto?<\/span><\/h3>\n<p style=\"text-align: justify;\"><span style=\"font-style: inherit; font-weight: inherit;\">\u00a0<\/span><\/p>\n<p style=\"text-align: justify;\"><span style=\"font-style: inherit; font-weight: inherit;\">Un proceso de paz se ver\u00eda seriamente afectado si no hay respuesta a los fen\u00f3menos de tercerizaci\u00f3n laboral, a la imposici\u00f3n de los pactos colectivos que cercenan el derecho a la negociaci\u00f3n colectiva, si no hay un marco integral de respeto a la libertad sindical, a la negociaci\u00f3n colectiva y al ejercicio de la actividad con garant\u00edas, que evite que los trabajadores sean despedidos por el simple hecho de afiliarse a un sindicato. La parte laboral tiene que ver incluso con ese segmento de 12 millones de colombianos pendientes de una reforma social agraria. \u00bfC\u00f3mo se va a responder a las reivindicaciones de los campesinos? Eso tiene que encontrar respuestas. Por eso en el actual proceso de negociaci\u00f3n con el sector p\u00fablico y Fecode el gobierno debe dar buenas respuestas. Eso contribuye a aclimatar el proceso de paz en el mundo del trabajo.<\/span><\/p>\n<p style=\"text-align: justify;\"><span style=\"font-style: inherit; font-weight: inherit;\">\u00a0<\/span><\/p>\n<h3 style=\"font-weight: inherit; text-align: justify;\"><span style=\"font-style: inherit; font-weight: inherit;\">Finalmente, \u00bfcu\u00e1l es el modus operandi de la Comisi\u00f3n, c\u00f3mo van a ser las discusiones?<\/span><\/h3>\n<p style=\"text-align: justify;\"><span style=\"font-style: inherit; font-weight: inherit;\">\u00a0<\/span><\/p>\n<p style=\"text-align: justify;\"><span style=\"font-style: inherit; font-weight: inherit;\">Esto apenas comienza. A\u00fan no hemos definido un calendario de reuniones. Esperamos aclarar ese punto en una nueva reuni\u00f3n, pues solo hemos realizado la primera. Tenemos s\u00ed un acuerdo de confidencialidad, que es apenas obvio. Habr\u00e1 generalidades sobre las cuales nos podemos pronunciar, pero debemos tener sumo cuidado para evitar afectar el normal desarrollo de las conversaciones en La Habana.<\/span><\/p>\n<p style=\"text-align: justify;\"><span style=\"font-style: inherit; font-weight: inherit;\">\u00a0<\/span><\/p>\n<p style=\"text-align: justify;\">Publicado 24 de marzo de 2015.<\/p>\n<p style=\"text-align: justify;\"><span style=\"font-style: inherit; font-weight: inherit;\">Fuente: Escuela Nacional Sindical \u2013 Agencia de Informaci\u00f3n Laboral<\/span><\/p>\n","protected":false},"excerpt":{"rendered":"Lo afirm\u00f3 Julio Roberto G\u00f3mez, presidente de la Confederaci\u00f3n General del Trabajo (CGT) de Colombia, a prop\u00f3sito de su nombramiento en la Comisi\u00f3n \n<a class=\"moretag\" href=\"https:\/\/ctainternacionales.org\/?p=2712\"> [...]<\/a>","protected":false},"author":1,"featured_media":0,"comment_status":"closed","ping_status":"closed","sticky":false,"template":"","format":"standard","meta":{"ngg_post_thumbnail":0,"footnotes":""},"categories":[],"tags":[],"class_list":["post-2712","post","type-post","status-publish","format-standard","hentry"],"_links":{"self":[{"href":"https:\/\/ctainternacionales.org\/index.php?rest_route=\/wp\/v2\/posts\/2712","targetHints":{"allow":["GET"]}}],"collection":[{"href":"https:\/\/ctainternacionales.org\/index.php?rest_route=\/wp\/v2\/posts"}],"about":[{"href":"https:\/\/ctainternacionales.org\/index.php?rest_route=\/wp\/v2\/types\/post"}],"author":[{"embeddable":true,"href":"https:\/\/ctainternacionales.org\/index.php?rest_route=\/wp\/v2\/users\/1"}],"replies":[{"embeddable":true,"href":"https:\/\/ctainternacionales.org\/index.php?rest_route=%2Fwp%2Fv2%2Fcomments&post=2712"}],"version-history":[{"count":2,"href":"https:\/\/ctainternacionales.org\/index.php?rest_route=\/wp\/v2\/posts\/2712\/revisions"}],"predecessor-version":[{"id":2715,"href":"https:\/\/ctainternacionales.org\/index.php?rest_route=\/wp\/v2\/posts\/2712\/revisions\/2715"}],"wp:attachment":[{"href":"https:\/\/ctainternacionales.org\/index.php?rest_route=%2Fwp%2Fv2%2Fmedia&parent=2712"}],"wp:term":[{"taxonomy":"category","embeddable":true,"href":"https:\/\/ctainternacionales.org\/index.php?rest_route=%2Fwp%2Fv2%2Fcategories&post=2712"},{"taxonomy":"post_tag","embeddable":true,"href":"https:\/\/ctainternacionales.org\/index.php?rest_route=%2Fwp%2Fv2%2Ftags&post=2712"}],"curies":[{"name":"wp","href":"https:\/\/api.w.org\/{rel}","templated":true}]}}