{"id":2704,"date":"2015-03-28T15:49:52","date_gmt":"2015-03-28T18:49:52","guid":{"rendered":"http:\/\/www.ctainternacionales.org\/?p=2704"},"modified":"2015-03-28T15:56:56","modified_gmt":"2015-03-28T18:56:56","slug":"la-celac-suma-su-rechazo-a-las-agresiones-de-eeuu-contra-venezuela-y-maduro-dice-que-esta-listo-para-dialogar-con-obama","status":"publish","type":"post","link":"https:\/\/ctainternacionales.org\/?p=2704","title":{"rendered":"La CELAC suma su rechazo a las agresiones de EEUU contra Venezuela y Maduro dice que est\u00e1 listo para dialogar con Obama"},"content":{"rendered":"<p style=\"text-align: justify;\"><a href=\"http:\/\/www.ctainternacionales.org\/wp-content\/uploads\/2015\/03\/celac2.jpg\"><img loading=\"lazy\" decoding=\"async\" class=\"aligncenter size-thumbnail wp-image-2705\" src=\"http:\/\/www.ctainternacionales.org\/wp-content\/uploads\/2015\/03\/celac2-307x192.jpg\" alt=\"celac2\" width=\"307\" height=\"192\" \/><\/a>Los 33 pa\u00edses miembros de la Comunidad de Estados Latinoamericanos y del Caribe (Celac) manifestaron su rechazo al decreto emitido por el presidente de los Estados Unidos, Barack Obama, en contra de Venezuela, y consideraron necesaria su anulaci\u00f3n.<!--more--><\/p>\n<p style=\"text-align: justify;\">As\u00ed lo inform\u00f3 el canciller de Ecuador, pa\u00eds que actualmente asume la presidencia pro t\u00e9mpore de la Celac, Ricardo Pati\u00f1o, en transmisi\u00f3n de Telesur.<\/p>\n<p style=\"text-align: justify;\">\u201cLa Comunidad de Estados Latinoamericanos y Caribe\u00f1os manifiesta su rechazo al decreto ejecutivo del Gobierno de los Estados Unidos de Am\u00e9rica aprobado el 9 de marzo de 2015 y considera que ese decreto ejecutivo sea revertido\u201d, ley\u00f3 Pati\u00f1o sobre la referida declaraci\u00f3n de la Celac.<\/p>\n<p style=\"text-align: justify;\">\u201cDe igual manera, la Celac hace un llamado al Gobierno de los Estados Unidos de Am\u00e9rica y al Gobierno de la Rep\u00fablica Bolivariana de Venezuela para que inicien un di\u00e1logo bajo los principios de respeto a la soberan\u00eda, la no injerencia en los asuntos internos de los Estados, la autodeterminaci\u00f3n de los pueblos y el orden democr\u00e1tico\u201d, prosigui\u00f3.<\/p>\n<p style=\"text-align: justify;\">El diplom\u00e1tico ecuatoriano anunci\u00f3 que la petici\u00f3n de derogaci\u00f3n al decreto emitido el pasado 9 de marzo por la Casa Blanca, en el cual declara a Venezuela \u201cuna amenaza inusual y extraordinaria\u201d, fue una decisi\u00f3n tomada por los 33 pa\u00edses integrantes de este organismo.<\/p>\n<p style=\"text-align: justify;\">Asimismo, inform\u00f3 que el documento ser\u00e1 enviando al Gobierno venezolano y se le har\u00e1 llegar al mismo tiempo al Gobierno norteamericano.<\/p>\n<p style=\"text-align: justify;\">Pati\u00f1o salud\u00f3 los pronunciamientos a favor de la derogaci\u00f3n a este decreto que hicieran organizaciones como la Alianza Bolivariana para los Pueblos de Am\u00e9rica (ALBA) y la Uni\u00f3n de Naciones Suramericanas (Unasur) y el m\u00e1s reciente efectuado por el Grupo de los 77+ China, que agrupa a 138 naciones.<\/p>\n<p style=\"text-align: justify;\">\u201cEs muy significativo que la Celac reafirme sus principios en el derecho internacional\u201d, recalc\u00f3 Pati\u00f1o sobre la voluntad.<\/p>\n<p style=\"text-align: justify;\">En nombre de la Celac, el jefe de la diplomacia ecuatoriana inst\u00f3 a los actores democr\u00e1ticos en Venezuela a hacer uso de los mecanismos constitucionales para la soluci\u00f3n de las diferencias existentes.<\/p>\n<p style=\"text-align: justify;\">A continuaci\u00f3n el comunicado \u00edntegro:<\/p>\n<p style=\"text-align: justify;\">Comunicado de la Comunidad de Estados Latinoamericanos y Caribe\u00f1os en solidaridad con la Rep\u00fablica Bolivariana de Venezuela<\/p>\n<p style=\"text-align: justify;\">La Comunidad de Estados Latinoamericanos y Caribe\u00f1os (Celac) expresa su rechazo a la aplicaci\u00f3n de medidas coercitivas unilaterales contrarias al Derecho Internacional.<\/p>\n<p style=\"text-align: justify;\">La Celac reafirma su compromiso con la plena vigencia del Derecho Internacional, la Soluci\u00f3n Pac\u00edfica de Controversias y el principio de No Intervenci\u00f3n.<\/p>\n<p style=\"text-align: justify;\">La Celac ratifica los postulados de la Proclama de la Am\u00e9rica Latina y el Caribe como Zona de Paz, acordada en la II Cumbre, celebrada en La Habana, en enero de 2014.<\/p>\n<p style=\"text-align: justify;\">La Celac reitera el contenido del Comunicado Especial aprobado en el marco de la III Cumbre de la Celac en Bel\u00e9n, el 29 de enero de 2015, y en el Comunicado Especial de fecha 12 de febrero de 2015.<\/p>\n<p style=\"text-align: justify;\">La Comunidad de Estados Latinoamericanos y Caribe\u00f1os (Celac) manifiesta su rechazo el Decreto Ejecutivo del Gobierno de los Estados Unidos de Am\u00e9rica, aprobado el 9 de marzo de 201,5 y considera que este Decreto Ejecutivo sea revertido.<\/p>\n<p style=\"text-align: justify;\">De igual manera, la Celac hace un llamado al gobierno de los Estados Unidos de Am\u00e9rica y al Gobierno de la Rep\u00fablica Bolivariana de Venezuela para que inicien un di\u00e1logo, bajo los principios de respeto a la soberan\u00eda, la no injerencia en los asuntos internos de los Estados, la autodeterminaci\u00f3n de los pueblos y el orden democr\u00e1tico e institucional en consonancia con el Derecho Internacional.<\/p>\n<p style=\"text-align: justify;\">La Celac invoca a que se reabra el di\u00e1logo y hace un llamado a las fuerzas democr\u00e1ticas en Venezuela para que se haga uso de los mecanismos constitucionales en la soluci\u00f3n de las diferencias existentes.<\/p>\n<p style=\"text-align: justify;\">AVN<\/p>\n<p style=\"text-align: justify;\">Venezuela est\u00e1 lista para di\u00e1logo con gobierno de Obama \u201cdonde, cuando y como quiera\u201d<br \/>\nEl presidente de la Rep\u00fablica Bolivariana de Venezuela, Nicol\u00e1s Maduro, asegur\u00f3 este jueves que Venezuela est\u00e1 lista para un di\u00e1logo con el gobierno de Estados Unidos, dirigido por Barack Obama, bajo los t\u00e9rminos de respeto e igualdad.<\/p>\n<p style=\"text-align: justify;\">\u201cVenezuela est\u00e1 lista para un di\u00e1logo en base al respeto y los t\u00e9rminos de igualdad entre los Estados con el gobierno de Barack Obama donde quiera, cuando quiera y como quiera\u201d, expres\u00f3 el Mandatario Nacional en transmisi\u00f3n por Venezolana de Televisi\u00f3n.<\/p>\n<p style=\"text-align: justify;\">Desde una jornada en la parroquia Ant\u00edmano, Caracas, para recolectar firmas en contra del decreto imperial del gobierno de EEUU, Maduro destac\u00f3 que si el presidente Obama quiere apretar \u201cesta mano, de un venezolano hijo de (Sim\u00f3n) Bol\u00edvar, de (Hugo) Ch\u00e1vez, estoy listo para apretar su mano, para hablar mir\u00e1ndolo a los ojos en t\u00e9rminos de igualdad\u201d, advirti\u00f3.<\/p>\n<p style=\"text-align: justify;\">Durante la actividad, el Primer Mandatario Nacional mencion\u00f3 que el gobernador del estado Lara, Henry Falc\u00f3n,a trav\u00e9s de su cuenta en Twitter, public\u00f3 una carta abierta dirigida al presidente estadounidense, donde pide la derogaci\u00f3n del decreto.<\/p>\n<p style=\"text-align: justify;\">Por \u00faltimo, agradeci\u00f3 el apoyo un\u00e1nime de los 33 pa\u00edses que conforman la Comunidad de Estados Latinoamericanos y Caribe\u00f1os (Celac) quienes se pronunciaron este jueves a favor de Venezuela y reiteraron su rechazo a la orden Ejecutiva emitida por Barack Obama, que se\u00f1ala a Venezuela como una \u201camenaza inusual y extraordinaria\u201d.<\/p>\n<p style=\"text-align: justify;\">\u201cVenezuela tiene un s\u00f3lo destino, que es la paz y la esperanza\u201d, puntualiz\u00f3 el presidente Maduro.<\/p>\n<p>&nbsp;<\/p>\n","protected":false},"excerpt":{"rendered":"Los 33 pa\u00edses miembros de la Comunidad de Estados Latinoamericanos y del Caribe (Celac) manifestaron su rechazo al decreto emitido por el presidente \n<a class=\"moretag\" href=\"https:\/\/ctainternacionales.org\/?p=2704\"> [...]<\/a>","protected":false},"author":1,"featured_media":0,"comment_status":"closed","ping_status":"closed","sticky":false,"template":"","format":"standard","meta":{"ngg_post_thumbnail":0,"footnotes":""},"categories":[],"tags":[],"class_list":["post-2704","post","type-post","status-publish","format-standard","hentry"],"_links":{"self":[{"href":"https:\/\/ctainternacionales.org\/index.php?rest_route=\/wp\/v2\/posts\/2704","targetHints":{"allow":["GET"]}}],"collection":[{"href":"https:\/\/ctainternacionales.org\/index.php?rest_route=\/wp\/v2\/posts"}],"about":[{"href":"https:\/\/ctainternacionales.org\/index.php?rest_route=\/wp\/v2\/types\/post"}],"author":[{"embeddable":true,"href":"https:\/\/ctainternacionales.org\/index.php?rest_route=\/wp\/v2\/users\/1"}],"replies":[{"embeddable":true,"href":"https:\/\/ctainternacionales.org\/index.php?rest_route=%2Fwp%2Fv2%2Fcomments&post=2704"}],"version-history":[{"count":1,"href":"https:\/\/ctainternacionales.org\/index.php?rest_route=\/wp\/v2\/posts\/2704\/revisions"}],"predecessor-version":[{"id":2706,"href":"https:\/\/ctainternacionales.org\/index.php?rest_route=\/wp\/v2\/posts\/2704\/revisions\/2706"}],"wp:attachment":[{"href":"https:\/\/ctainternacionales.org\/index.php?rest_route=%2Fwp%2Fv2%2Fmedia&parent=2704"}],"wp:term":[{"taxonomy":"category","embeddable":true,"href":"https:\/\/ctainternacionales.org\/index.php?rest_route=%2Fwp%2Fv2%2Fcategories&post=2704"},{"taxonomy":"post_tag","embeddable":true,"href":"https:\/\/ctainternacionales.org\/index.php?rest_route=%2Fwp%2Fv2%2Ftags&post=2704"}],"curies":[{"name":"wp","href":"https:\/\/api.w.org\/{rel}","templated":true}]}}