{"id":2701,"date":"2015-03-27T15:55:20","date_gmt":"2015-03-27T18:55:20","guid":{"rendered":"http:\/\/www.ctainternacionales.org\/?p=2701"},"modified":"2015-03-27T15:55:20","modified_gmt":"2015-03-27T18:55:20","slug":"aguirre-el-accionar-propositivo-de-la-cta-ha-tenido-un-muy-buen-trabajo","status":"publish","type":"post","link":"https:\/\/ctainternacionales.org\/?p=2701","title":{"rendered":"Aguirre: \u00abEl accionar propositivo de la CTA ha tenido un muy buen trabajo"},"content":{"rendered":"<div style=\"color: #000000; text-align: justify;\"><span style=\"color: #336699;\"><a href=\"http:\/\/www.ctainternacionales.org\/wp-content\/uploads\/2015\/03\/fito-debate23.jpg\"><img loading=\"lazy\" decoding=\"async\" class=\"aligncenter size-thumbnail wp-image-2702\" src=\"http:\/\/www.ctainternacionales.org\/wp-content\/uploads\/2015\/03\/fito-debate23-307x204.jpg\" alt=\"fito-debate23\" width=\"307\" height=\"204\" \/><\/a>Luego del 7\u00ba Encuentro Sindical Uni\u00f3n Europea-CELAC, del que estuvieron participando Pablo\u00a0<\/span><span style=\"color: #336699;\">Micheli<\/span><span style=\"color: #336699;\">, Secretario General de la CTA,\u00a0<\/span><span style=\"color: #336699;\">Julio Fuentes, Secretario General de ATE y Presidente de CLATE y Adolfo \u00abFito\u00bb Aguirre, secretario de Relaciones Internacionales de la Central, ACTA dialog\u00f3 con Aguirre sobre las propuestas que llev\u00f3 la CTA y que fueron aprobadas e incorporadas a la declaraci\u00f3n conjunta.\u00a0<\/span><\/div>\n<p><!--more--><\/p>\n<div style=\"color: #000000; text-align: justify;\"><span style=\"color: #336699;\">\u00a0<\/span><\/div>\n<div style=\"color: #000000; text-align: justify;\"><b style=\"font-weight: bold;\">\u00bfCu\u00e1les de las propuestas que llev\u00f3 la CTA a la reuni\u00f3n en Bruselas entre la Celac y la Uni\u00f3n Europea fueron tenidas en cuenta?<\/b><\/div>\n<div style=\"color: #000000; text-align: justify;\"><\/div>\n<div dir=\"ltr\" style=\"color: #000000; text-align: justify;\">Nosotros, por la importancia que ten\u00eda este encuentro que se realiza cada dos a\u00f1os en donde se encuentra todo el sindicalismo europeo y latinoamericano y caribe\u00f1o, siguiendo la coyuntura en la que nos estamos moviendo globalmente detectamos una serie de puntos que nos parec\u00eda muy importante: en primer lugar, todo lo que tiene que ver con los debates sobre cambio clim\u00e1tico, que se vienen realizando a\u00f1o tras a\u00f1o. Nos preparamos e hicimos una conferencia internacional hacia R\u00edo M\u00e1s 20 que fue muy exitosa, en la que participaron representantes de todos los continentes y nos encontramos con que las corporaciones, los grandes grupos econ\u00f3micos, las transnacionales, quieren hacer muy poco en torno al cambio clim\u00e1tico. Para nosotros el tema de todo lo que hace a las negociaciones sobre el cambio clim\u00e1tico, hemos estado trabajando permanentemente, haciendo alianzas, denunciando y planteando no solamente el esquema de transici\u00f3n justa en la relaci\u00f3n Norte-Sur sino tambi\u00e9n planteando por d\u00f3nde pasa un modelo de producci\u00f3n, de reproducci\u00f3n y de consumo que tenga esa famosa frase de armon\u00eda con la naturaleza.<\/div>\n<div dir=\"ltr\" style=\"color: #000000; text-align: justify;\"><\/div>\n<div dir=\"ltr\" style=\"color: #000000; text-align: justify;\">Es una disputa ideol\u00f3gica de para d\u00f3nde rumbea el planeta y para d\u00f3nde van los destinos de la humanidad. En ese nivel es donde lo ponemos nosotros y obviamente es uno de los debates m\u00e1s dif\u00edciles que tenemos en estos tiempos ya que no solamente las transnacionales sino tambi\u00e9n grandes pa\u00edses como Estados Unidos y China no quieren tocar absolutamente nada porque o no saben c\u00f3mo parar este modelo de producci\u00f3n o no lo quieren parar y que la tierra reviente.<\/div>\n<div style=\"color: #000000; text-align: justify;\"><\/div>\n<div style=\"color: #000000; text-align: justify;\">Uno de los puntos sobre los cuales fuimos muy meticulosos para que en esta declaraci\u00f3n fuera precisa la posici\u00f3n del sindicalismo latinoamericano y caribe\u00f1o y europeo fue precisamente ratificar lo de transici\u00f3n justa, ratificar c\u00f3mo trabajar con la mayor intensidad hacia lo que va a ser la Cumbre de Par\u00eds en diciembre donde o hay posibilidades de que se respete todo lo que tiene que ver con lo que venimos desarrollando o evidentemente nos podemos encontrar con un momento similar a lo que fue R\u00edo M\u00e1s 20 donde nada pasa y cada uno se salve como pueda. En ese punto tuvimos la satisfacci\u00f3n de que cuando mandaron la declaraci\u00f3n para observaciones y sugerencias fuimos de las \u00fanicas centrales, yo dir\u00eda la \u00fanica, que escribi\u00f3 todo el lineamiento que viene planteando el sindicalismo en todos los escenarios donde se debate este tema y en esta declaraci\u00f3n tuvimos la satisfacci\u00f3n de que se incluyera todo lo que nosotros planteamos.<\/div>\n<div style=\"color: #000000; text-align: justify;\"><\/div>\n<div dir=\"ltr\" style=\"color: #000000; text-align: justify;\"><b style=\"font-weight: bold;\">\u00bfY el segundo punto?<\/b><\/div>\n<div style=\"color: #000000; text-align: justify;\"><\/div>\n<div style=\"color: #000000; text-align: justify;\">El otro punto que para nosotros es muy importante en medio de la guerra monetaria en la que estamos en donde el d\u00f3lar ataca al euro, el yuan ataca al d\u00f3lar, fuimos muy fuertes con que en esta declaraci\u00f3n apareciera el tema de las auditor\u00edas de las deudas ya que nosotros venimos denunciando los endeudamientos que han tenido los Estados durante las dictaduras. Est\u00e1 comprobado que han sido deudas fraudulentas, est\u00e1n denunciadas y logramos incorporar en esta declaraci\u00f3n, que es la preparaci\u00f3n para lo que va a ser la Cumbre de Jefes de Estado Uni\u00f3n Europea Celac en junio en Bruselas, que apareciera el tema de auditor\u00edas de las deudas externas de los pa\u00edses de Latinoam\u00e9rica.<\/div>\n<div style=\"color: #000000; text-align: justify;\"><\/div>\n<div dir=\"ltr\" style=\"color: #000000; text-align: justify;\"><b style=\"font-weight: bold;\">Tambi\u00e9n se incorpor\u00f3 en la declaraci\u00f3n una denuncia contra Obama, en favor de la soberan\u00eda venezolana<\/b><\/div>\n<div style=\"color: #000000; text-align: justify;\"><\/div>\n<div style=\"color: #000000; text-align: justify;\">S\u00ed, el otro punto fue en relaci\u00f3n al decreto y las declaraciones de Obama con respecto a Venezuela y fue la CTA la que apenas arranc\u00f3 el debate de esta Cumbre, planteamos ponerlo a la orden del d\u00eda, sacar una posici\u00f3n clara y contundente sobre las agresiones de Obama a la soberan\u00eda venezolana y tambi\u00e9n logramos acordar una declaraci\u00f3n que a nuestro entender fue muy buena.<\/div>\n<div style=\"color: #000000; text-align: justify;\"><\/div>\n<div style=\"color: #000000; text-align: justify;\"><\/div>\n<div style=\"color: #000000; text-align: justify;\">Y el cuarto punto que, a nuestro entender, nos parece relevante, es que nosotros propusimos y hac\u00eda much\u00edsimos a\u00f1os que en este tipo de encuentro no pasaba, aparte del derecho de huelga que es lo que est\u00e1 ahora en el centro, nosotros siempre hemos estado levantando el convenio 167 contra la expulsi\u00f3n de las comunidades originarias de sus territorios y el avance de la reprimarizaci\u00f3n de la econom\u00eda, que es un tema muy importante. El otro convenio que venimos reivindicando desde siempre es el 151 que es el de negociaci\u00f3n p\u00fablica para el sector estatal. A propuesta nuestra y por tener la presidencia de la CLATE, logramos que en esta declaraci\u00f3n se incorporara como punto importante la aplicaci\u00f3n por parte de los Gobiernos, del derecho a negociaci\u00f3n en todos los Estados tanto latinoamericanos y caribe\u00f1os como europeos. Entonces nos parec\u00eda que en t\u00e9rminos de balance, el accionar propositivo de la CTA ha tenido un muy buen trabajo. Estos cuatro puntos fueron aprobados por unanimidad.<\/div>\n<p style=\"text-align: justify;\"><br class=\"Apple-interchange-newline\" \/><\/p>\n","protected":false},"excerpt":{"rendered":"Luego del 7\u00ba Encuentro Sindical Uni\u00f3n Europea-CELAC, del que estuvieron participando Pablo\u00a0Micheli, Secretario General de la CTA,\u00a0Julio Fuentes, Secretario General de ATE y \n<a class=\"moretag\" href=\"https:\/\/ctainternacionales.org\/?p=2701\"> [...]<\/a>","protected":false},"author":1,"featured_media":0,"comment_status":"closed","ping_status":"closed","sticky":false,"template":"","format":"standard","meta":{"ngg_post_thumbnail":0,"footnotes":""},"categories":[],"tags":[],"class_list":["post-2701","post","type-post","status-publish","format-standard","hentry"],"_links":{"self":[{"href":"https:\/\/ctainternacionales.org\/index.php?rest_route=\/wp\/v2\/posts\/2701","targetHints":{"allow":["GET"]}}],"collection":[{"href":"https:\/\/ctainternacionales.org\/index.php?rest_route=\/wp\/v2\/posts"}],"about":[{"href":"https:\/\/ctainternacionales.org\/index.php?rest_route=\/wp\/v2\/types\/post"}],"author":[{"embeddable":true,"href":"https:\/\/ctainternacionales.org\/index.php?rest_route=\/wp\/v2\/users\/1"}],"replies":[{"embeddable":true,"href":"https:\/\/ctainternacionales.org\/index.php?rest_route=%2Fwp%2Fv2%2Fcomments&post=2701"}],"version-history":[{"count":1,"href":"https:\/\/ctainternacionales.org\/index.php?rest_route=\/wp\/v2\/posts\/2701\/revisions"}],"predecessor-version":[{"id":2703,"href":"https:\/\/ctainternacionales.org\/index.php?rest_route=\/wp\/v2\/posts\/2701\/revisions\/2703"}],"wp:attachment":[{"href":"https:\/\/ctainternacionales.org\/index.php?rest_route=%2Fwp%2Fv2%2Fmedia&parent=2701"}],"wp:term":[{"taxonomy":"category","embeddable":true,"href":"https:\/\/ctainternacionales.org\/index.php?rest_route=%2Fwp%2Fv2%2Fcategories&post=2701"},{"taxonomy":"post_tag","embeddable":true,"href":"https:\/\/ctainternacionales.org\/index.php?rest_route=%2Fwp%2Fv2%2Ftags&post=2701"}],"curies":[{"name":"wp","href":"https:\/\/api.w.org\/{rel}","templated":true}]}}