{"id":2698,"date":"2015-03-26T21:51:27","date_gmt":"2015-03-27T00:51:27","guid":{"rendered":"http:\/\/www.ctainternacionales.org\/?p=2698"},"modified":"2015-03-26T21:51:55","modified_gmt":"2015-03-27T00:51:55","slug":"la-cta-para-el-31-de-marzo-en-todo-el-pais","status":"publish","type":"post","link":"https:\/\/ctainternacionales.org\/?p=2698","title":{"rendered":"La CTA para el 31 de marzo en todo el pa\u00eds"},"content":{"rendered":"<p style=\"text-align: justify;\"><a href=\"http:\/\/www.ctainternacionales.org\/wp-content\/uploads\/2015\/03\/cta-anuncian-paro-nacional-.jpg\"><img loading=\"lazy\" decoding=\"async\" class=\"aligncenter size-thumbnail wp-image-2699\" src=\"http:\/\/www.ctainternacionales.org\/wp-content\/uploads\/2015\/03\/cta-anuncian-paro-nacional--307x184.jpg\" alt=\"cta-anuncian-paro-nacional-\" width=\"307\" height=\"184\" \/><\/a><\/p>\n<p style=\"text-align: justify;\">Durante la tarde de hoy se llev\u00f3 a cabo en la sede de la CTA (Lima 609) una conferencia de prensa para ratificar que la Central parar\u00e1 el 31 de marzo en todo el pa\u00eds no solo contra el impuesto al salario, sino tambi\u00e9n ante la alarmante precarizaci\u00f3n laboral y la creciente criminalizaci\u00f3n de la protesta social.<!--more--><\/p>\n<p style=\"text-align: justify;\">El secretario General de la CTA, Pablo Micheli, comenz\u00f3 la conferencia de prensa agradeciendo la presencia de los Medios radiales y televisivos y ratific\u00f3 la decisi\u00f3n de la Central de parar el 31 de marzo en todo el pa\u00eds. De igual forma dijo que la CTA parar\u00e1 no s\u00f3lo por exigir la derogaci\u00f3n del impuesto al salario sino tambi\u00e9n para que se suba el seguro de desempleo y que se convoque a discutir \u201cen serio el Salario M\u00ednimo, Vital y M\u00f3vil y la precarizaci\u00f3n laboral que ya alcanza a casi el 50% de los trabajadores\u201d.<\/p>\n<p style=\"text-align: justify;\">Micheli agreg\u00f3 que \u201cest\u00e1 triturado el poder adquisitivo de los trabajadores. Seg\u00fan los trabajadores de la Comisi\u00f3n T\u00e9cnica de ATE INDEC la canasta que establece lo que debe ganar un trabajador como m\u00edmimo est\u00e1 alrededor de los 12.800 pesos\u201d.<\/p>\n<p style=\"text-align: justify;\">Por otro lado, inform\u00f3 el dirigente, hay trabajadores estatales, que ganan la mitad de lo que hoy es el salario m\u00ednimo (4.700 pesos) y el 50% de los trabajadores ganan menos de 5 mil pesos. No puede ser que los que menos tenemos seamos los que m\u00e1s pagamos. No paga el juego y la renta petrolera paga lo m\u00ednimo\u201d.<\/p>\n<p style=\"text-align: justify;\">En relaci\u00f3n a los reclamos hist\u00f3ricos de la CTA, Micheli se\u00f1al\u00f3 que se volver\u00e1 a exigir el 82% m\u00f3vil para los jubilados y la derogaci\u00f3n de la Ley Antiterrorista: \u201cvamos a denunciar que la impunidad sigue vigente\u201d, dijo Micheli poniendo como ejemplo el caso Nisman, Lebbos, Luciano Arruga y Jorge Julio L\u00f3pez.<\/p>\n<p style=\"text-align: justify;\">\u201cEsperamos que prime el sentido com\u00fan en el Gobierno y convoquen al di\u00e1logo para discutir c\u00f3mo salir de esta situaci\u00f3n y c\u00f3mo resolverla. Sino es as\u00ed daremos continuidad a la medida de acci\u00f3n pero con movilizaciones y m\u00e1s presencia en la calle\u201d, finaliz\u00f3 el secretario general de la CTA.<\/p>\n<p style=\"text-align: justify;\">Antes de que terminara la conferencia, Ricardo Peidro, Secretario General Ajunto de la CTA, dijo tambi\u00e9n: \u201cVemos con preocupaci\u00f3n la creciente criminalizaci\u00f3n de la protesta social. En estos d\u00edas reprimieron a los tareferos en Misiones, a compa\u00f1eros de la Federaci\u00f3n SITECH de Chaco y a los pueblos originarios en Formosa\u201d.<\/p>\n","protected":false},"excerpt":{"rendered":"Durante la tarde de hoy se llev\u00f3 a cabo en la sede de la CTA (Lima 609) una conferencia de prensa para ratificar \n<a class=\"moretag\" href=\"https:\/\/ctainternacionales.org\/?p=2698\"> [...]<\/a>","protected":false},"author":1,"featured_media":0,"comment_status":"closed","ping_status":"closed","sticky":false,"template":"","format":"standard","meta":{"ngg_post_thumbnail":0,"footnotes":""},"categories":[],"tags":[],"class_list":["post-2698","post","type-post","status-publish","format-standard","hentry"],"_links":{"self":[{"href":"https:\/\/ctainternacionales.org\/index.php?rest_route=\/wp\/v2\/posts\/2698","targetHints":{"allow":["GET"]}}],"collection":[{"href":"https:\/\/ctainternacionales.org\/index.php?rest_route=\/wp\/v2\/posts"}],"about":[{"href":"https:\/\/ctainternacionales.org\/index.php?rest_route=\/wp\/v2\/types\/post"}],"author":[{"embeddable":true,"href":"https:\/\/ctainternacionales.org\/index.php?rest_route=\/wp\/v2\/users\/1"}],"replies":[{"embeddable":true,"href":"https:\/\/ctainternacionales.org\/index.php?rest_route=%2Fwp%2Fv2%2Fcomments&post=2698"}],"version-history":[{"count":1,"href":"https:\/\/ctainternacionales.org\/index.php?rest_route=\/wp\/v2\/posts\/2698\/revisions"}],"predecessor-version":[{"id":2700,"href":"https:\/\/ctainternacionales.org\/index.php?rest_route=\/wp\/v2\/posts\/2698\/revisions\/2700"}],"wp:attachment":[{"href":"https:\/\/ctainternacionales.org\/index.php?rest_route=%2Fwp%2Fv2%2Fmedia&parent=2698"}],"wp:term":[{"taxonomy":"category","embeddable":true,"href":"https:\/\/ctainternacionales.org\/index.php?rest_route=%2Fwp%2Fv2%2Fcategories&post=2698"},{"taxonomy":"post_tag","embeddable":true,"href":"https:\/\/ctainternacionales.org\/index.php?rest_route=%2Fwp%2Fv2%2Ftags&post=2698"}],"curies":[{"name":"wp","href":"https:\/\/api.w.org\/{rel}","templated":true}]}}