{"id":2695,"date":"2015-03-26T21:36:39","date_gmt":"2015-03-27T00:36:39","guid":{"rendered":"http:\/\/www.ctainternacionales.org\/?p=2695"},"modified":"2015-03-26T21:36:52","modified_gmt":"2015-03-27T00:36:52","slug":"micheli-no-alcanza-con-subir-el-piso-de-ganancias","status":"publish","type":"post","link":"https:\/\/ctainternacionales.org\/?p=2695","title":{"rendered":"Micheli: \u00abNo alcanza con subir el piso de Ganancias\u00bb"},"content":{"rendered":"<p style=\"text-align: justify;\"><a href=\"http:\/\/www.ctainternacionales.org\/wp-content\/uploads\/2015\/03\/images.jpeg\"><img loading=\"lazy\" decoding=\"async\" class=\"aligncenter size-full wp-image-2696\" src=\"http:\/\/www.ctainternacionales.org\/wp-content\/uploads\/2015\/03\/images.jpeg\" alt=\"images\" width=\"240\" height=\"159\" \/><\/a>El l\u00edder de la CTA Aut\u00f3noma, Pablo Micheli, ratific\u00f3 que esa central obrera se sumar\u00e1 al paro lanzado por los sindicatos del transporte del pr\u00f3ximo martes 31 de marzo<!--more--><\/p>\n<p style=\"text-align: justify;\">\u00abCada tres o cuatro meses estamos en la misma situaci\u00f3n. No alcanza con subir el piso del impuesto, hay que discutir la cuarta categor\u00eda, qui\u00e9nes deber\u00edan estar exceptuados. Para la CTA quienes est\u00e1n bajo convenio colectivo no tienen por qu\u00e9 pagar Ganancias, lo que no significa eliminar el impuesto lisa y llanamente, sino que son cosas que se deben discutir en una mesa\u00bb, afirm\u00f3 el sindicalista en di\u00e1logo con Rock &amp; Pop.<\/p>\n<p style=\"text-align: justify;\">Entrevistado por radio Am\u00e9rica, Micheli aclar\u00f3 que la CTA no adhiere a la medida, sino que la convoca.<\/p>\n<p style=\"text-align: justify;\">\u00abComo somos una central de trabajadores, no adherimos, sino que convocamos al paro. Si bien empez\u00f3 con los gremios del transporte se est\u00e1 transformando poco a poco en un paro nacional, que abarca a casi todas la actividades\u00bb, se\u00f1al\u00f3.<\/p>\n<p style=\"text-align: justify;\">\u00abNo acompa\u00f1amos -insisti\u00f3. Somos una central independiente y hacemos lo que decidimos en el contexto de nuestro marco org\u00e1nico. El paro iba a ser solo por ganancias y la CGT de Moyano sum\u00f3 otras cosas y ya no es solo por Ganancias\u00bb.<\/p>\n<p style=\"text-align: justify;\">El gremialista detall\u00f3 que \u00aben representaci\u00f3n de 1,2 millones trabajadores vamos al paro, pero no solamente por el tema de Ganancias, sino tambi\u00e9n por la precarizaci\u00f3n laboral, que ya est\u00e1 llegando al 50%, seg\u00fan c\u00e1lculos de la OIT; un aumento de emergencia para los jubilados y el 82% m\u00f3vil; la reapertura del Consejo del Salario y para rechazar la pauta de aumento salarial que fij\u00f3 el Gobierno por debajo del 30%\u00bb. Seg\u00fan Micheli, el salario m\u00ednimo, vital y m\u00f3vil actual, que qued\u00f3 en $ 4.700 desde agosto pasado, deber\u00eda subir \u00abacorde con esta realidad\u00bb y llegar a $ 12.800 para cubrir la canasta familiar.<\/p>\n<p style=\"text-align: justify;\">Al ser consultado sobre la posibilidad que la Casa Rosada desactive el paro, dijo: \u00abOjal\u00e1 que el Gobierno convoque a una mesa (de negociaci\u00f3n) porque no se puede gobernar solamente sentando a la mesa a los piensan igual. Habr\u00eda que hacer un esfuerzo para ser un poquito m\u00e1s diverso, plural y democr\u00e1tico y convocar a los que piensan distinto para ver de qu\u00e9 manera vamos instalando la soluci\u00f3n de este problema\u00bb.<\/p>\n<p>\u00abPara que no haya m\u00e1s paros, para que sea un a\u00f1o sin conflicto ojal\u00e1 que haya un lugar donde podamos dialogar, como en cualquier otro pa\u00eds, como en Uruguay, por ejemplo\u00bb, remarc\u00f3.<\/p>\n","protected":false},"excerpt":{"rendered":"El l\u00edder de la CTA Aut\u00f3noma, Pablo Micheli, ratific\u00f3 que esa central obrera se sumar\u00e1 al paro lanzado por los sindicatos del transporte \n<a class=\"moretag\" href=\"https:\/\/ctainternacionales.org\/?p=2695\"> [...]<\/a>","protected":false},"author":1,"featured_media":0,"comment_status":"closed","ping_status":"closed","sticky":false,"template":"","format":"standard","meta":{"ngg_post_thumbnail":0,"footnotes":""},"categories":[],"tags":[],"class_list":["post-2695","post","type-post","status-publish","format-standard","hentry"],"_links":{"self":[{"href":"https:\/\/ctainternacionales.org\/index.php?rest_route=\/wp\/v2\/posts\/2695","targetHints":{"allow":["GET"]}}],"collection":[{"href":"https:\/\/ctainternacionales.org\/index.php?rest_route=\/wp\/v2\/posts"}],"about":[{"href":"https:\/\/ctainternacionales.org\/index.php?rest_route=\/wp\/v2\/types\/post"}],"author":[{"embeddable":true,"href":"https:\/\/ctainternacionales.org\/index.php?rest_route=\/wp\/v2\/users\/1"}],"replies":[{"embeddable":true,"href":"https:\/\/ctainternacionales.org\/index.php?rest_route=%2Fwp%2Fv2%2Fcomments&post=2695"}],"version-history":[{"count":1,"href":"https:\/\/ctainternacionales.org\/index.php?rest_route=\/wp\/v2\/posts\/2695\/revisions"}],"predecessor-version":[{"id":2697,"href":"https:\/\/ctainternacionales.org\/index.php?rest_route=\/wp\/v2\/posts\/2695\/revisions\/2697"}],"wp:attachment":[{"href":"https:\/\/ctainternacionales.org\/index.php?rest_route=%2Fwp%2Fv2%2Fmedia&parent=2695"}],"wp:term":[{"taxonomy":"category","embeddable":true,"href":"https:\/\/ctainternacionales.org\/index.php?rest_route=%2Fwp%2Fv2%2Fcategories&post=2695"},{"taxonomy":"post_tag","embeddable":true,"href":"https:\/\/ctainternacionales.org\/index.php?rest_route=%2Fwp%2Fv2%2Ftags&post=2695"}],"curies":[{"name":"wp","href":"https:\/\/api.w.org\/{rel}","templated":true}]}}