{"id":2691,"date":"2015-03-26T21:32:36","date_gmt":"2015-03-27T00:32:36","guid":{"rendered":"http:\/\/www.ctainternacionales.org\/?p=2691"},"modified":"2015-03-26T21:32:47","modified_gmt":"2015-03-27T00:32:47","slug":"la-cta-marcho-contra-la-impunidad-de-ayer-y-de-hoy","status":"publish","type":"post","link":"https:\/\/ctainternacionales.org\/?p=2691","title":{"rendered":"La CTA march\u00f3 contra la impunidad de ayer y de hoy"},"content":{"rendered":"<p style=\"text-align: justify;\"><a href=\"http:\/\/www.ctainternacionales.org\/wp-content\/uploads\/2015\/03\/1484691_10206327667656486_5811177248935876354_n.jpg\"><img loading=\"lazy\" decoding=\"async\" class=\"aligncenter size-thumbnail wp-image-2692\" src=\"http:\/\/www.ctainternacionales.org\/wp-content\/uploads\/2015\/03\/1484691_10206327667656486_5811177248935876354_n-307x232.jpg\" alt=\"1484691_10206327667656486_5811177248935876354_n\" width=\"307\" height=\"232\" \/><\/a>A 39 a\u00f1os del golpe de 1976 que dej\u00f3 m\u00e1s de 30 mil desaparecidos, la CTA march\u00f3, junto al Encuentro Memoria Verdad y Justicia, de Congreso a Plaza de Mayo para exigir justicia, memoria y que se termine con la impunidad de ayer y de hoy.<!--more--><\/p>\n<p style=\"text-align: justify;\">Pasadas las 15, la CTA march\u00f3, junto a Elia Espen, Madre de Plaza de Mayo L\u00ednea Fundadora y miembro de la Mesa Nacional, Nora Corti\u00f1as y Mirta Baravalle, adem\u00e1s de otros dirigentes de la Central, desde el Congreso de la Naci\u00f3n a Plaza de Mayo, para volver a exigir justicia y memoria por los 30 mil compa\u00f1eros y compa\u00f1eras desaparecidos durante la \u00faltima dictadura militar.<\/p>\n<p style=\"text-align: justify;\">La nutrida columna de dirigentes e integrantes de diferentes gremios y organizaciones de la Central exigi\u00f3 tambi\u00e9n que se lo expulse a Milani del Gobierno y que se derogue la Ley Antiterrorista que persigue y encarcela a dirigentes populares en democracia. La exigencia de aparici\u00f3n con vida de Jorge Julio L\u00f3pez fue otro de los reclamos, as\u00ed como que se esclarezca la desaparici\u00f3n de Luciano Arruga y que se termine con el hambre, la desocupaci\u00f3n y la pobreza.<a href=\"http:\/\/www.ctainternacionales.org\/wp-content\/uploads\/2015\/03\/11081041_10206327686256951_3754737530156044919_n.jpg\"><img loading=\"lazy\" decoding=\"async\" class=\"aligncenter size-thumbnail wp-image-2693\" src=\"http:\/\/www.ctainternacionales.org\/wp-content\/uploads\/2015\/03\/11081041_10206327686256951_3754737530156044919_n-307x227.jpg\" alt=\"11081041_10206327686256951_3754737530156044919_n\" width=\"307\" height=\"227\" \/><\/a><\/p>\n<p style=\"text-align: justify;\">Los tambores de Bombatuque le pusieron m\u00edstica a la marcha que cont\u00f3 con la presencia de miles y miles de personas, organizaciones sindicales, sociales, barriales, territoriales, pol\u00edticas, culturales y de derechos humanos. Hubo tambi\u00e9n representaciones teatrales y musicales a lo largo del camino que va del Congreso a la hist\u00f3rica plaza de Mayo.<\/p>\n<p style=\"text-align: justify;\">Tambi\u00e9n se exigi\u00f3 que se termine con el modelo extractivista que a trav\u00e9s de la megaminer\u00eda y el monocultivo de la soja pone en riesgo a comunidades enteras que intentan sobrevivir entre la contaminaci\u00f3n del agua, el aire y la tierra. Se repudiaron los acuerdos con Chevr\u00f3n y con China que siguen poniendo en riesgo la soberan\u00eda pol\u00edtica y econ\u00f3mica de nuestro pa\u00eds.<\/p>\n","protected":false},"excerpt":{"rendered":"A 39 a\u00f1os del golpe de 1976 que dej\u00f3 m\u00e1s de 30 mil desaparecidos, la CTA march\u00f3, junto al Encuentro Memoria Verdad y \n<a class=\"moretag\" href=\"https:\/\/ctainternacionales.org\/?p=2691\"> [...]<\/a>","protected":false},"author":1,"featured_media":0,"comment_status":"closed","ping_status":"closed","sticky":false,"template":"","format":"standard","meta":{"ngg_post_thumbnail":0,"footnotes":""},"categories":[],"tags":[],"class_list":["post-2691","post","type-post","status-publish","format-standard","hentry"],"_links":{"self":[{"href":"https:\/\/ctainternacionales.org\/index.php?rest_route=\/wp\/v2\/posts\/2691","targetHints":{"allow":["GET"]}}],"collection":[{"href":"https:\/\/ctainternacionales.org\/index.php?rest_route=\/wp\/v2\/posts"}],"about":[{"href":"https:\/\/ctainternacionales.org\/index.php?rest_route=\/wp\/v2\/types\/post"}],"author":[{"embeddable":true,"href":"https:\/\/ctainternacionales.org\/index.php?rest_route=\/wp\/v2\/users\/1"}],"replies":[{"embeddable":true,"href":"https:\/\/ctainternacionales.org\/index.php?rest_route=%2Fwp%2Fv2%2Fcomments&post=2691"}],"version-history":[{"count":1,"href":"https:\/\/ctainternacionales.org\/index.php?rest_route=\/wp\/v2\/posts\/2691\/revisions"}],"predecessor-version":[{"id":2694,"href":"https:\/\/ctainternacionales.org\/index.php?rest_route=\/wp\/v2\/posts\/2691\/revisions\/2694"}],"wp:attachment":[{"href":"https:\/\/ctainternacionales.org\/index.php?rest_route=%2Fwp%2Fv2%2Fmedia&parent=2691"}],"wp:term":[{"taxonomy":"category","embeddable":true,"href":"https:\/\/ctainternacionales.org\/index.php?rest_route=%2Fwp%2Fv2%2Fcategories&post=2691"},{"taxonomy":"post_tag","embeddable":true,"href":"https:\/\/ctainternacionales.org\/index.php?rest_route=%2Fwp%2Fv2%2Ftags&post=2691"}],"curies":[{"name":"wp","href":"https:\/\/api.w.org\/{rel}","templated":true}]}}