{"id":2682,"date":"2015-03-23T23:32:53","date_gmt":"2015-03-24T02:32:53","guid":{"rendered":"http:\/\/www.ctainternacionales.org\/?p=2682"},"modified":"2015-03-23T23:32:53","modified_gmt":"2015-03-24T02:32:53","slug":"nuevo-secretario-general-de-la-oea-almagro-promete-renovar-el-organismo-y-una-agenda-de-dialogo-con-cuba-y-venezuela","status":"publish","type":"post","link":"https:\/\/ctainternacionales.org\/?p=2682","title":{"rendered":"Nuevo secretario general de la OEA: Almagro promete renovar el organismo y una \u201cagenda de di\u00e1logo\u201d con Cuba y Venezuela"},"content":{"rendered":"<p style=\"color: #6e6e6c; text-align: justify;\"><a href=\"http:\/\/www.ctainternacionales.org\/wp-content\/uploads\/2015\/03\/311790_20150319064343_almagro-oea-1-300x150.jpg\"><img loading=\"lazy\" decoding=\"async\" class=\"aligncenter size-full wp-image-2683\" src=\"http:\/\/www.ctainternacionales.org\/wp-content\/uploads\/2015\/03\/311790_20150319064343_almagro-oea-1-300x150.jpg\" alt=\"311790_20150319064343_almagro-oea-1-300x150\" width=\"300\" height=\"150\" \/><\/a>El secretario general electo de la OEA, el uruguayo Luis Almagro, asegur\u00f3 que cuando asuma su cargo en mayo se esforzar\u00e1 por impulsar una nueva \u201cagenda de di\u00e1logo\u201d del organismo con Cuba para lograr su regreso a la instituci\u00f3n, y otra con Venezuela \u201cpara curar algunas heridas\u201d.<\/p>\n<p style=\"color: #6e6e6c; text-align: justify;\">El excanciller uruguayo, elegido este mi\u00e9rcoles como pr\u00f3ximo secretario general de la Organizaci\u00f3n de Estados Americanos (OEA), tambi\u00e9n apost\u00f3 por abrir una \u201cagenda de trabajo\u201d m\u00e1s profunda con EEUU, de forma similar al plan de cooperaci\u00f3n abierto este a\u00f1o entre China y la Comunidad de Estados de Am\u00e9rica Latina y el Caribe (CELAC).<\/p>\n<p style=\"color: #6e6e6c; text-align: justify;\">En una conferencia de prensa poco despu\u00e9s de ser elegido para reemplazar al chileno Jos\u00e9 Miguel Insulza al frente de la OEA, Almagro reiter\u00f3 su objetivo de lograr que Cuba, suspendida de la organizaci\u00f3n continental en 1962 y que hasta ahora se ha negado a reintegrarse en ella, cambie de opini\u00f3n y se sume a la instituci\u00f3n.<\/p>\n<p style=\"color: #6e6e6c; text-align: justify;\">\u201cCreo que la OEA tiene la obligaci\u00f3n de seguir lo que ha sido el acercamiento entre EE.UU. y Cuba\u201d anunciado por esos gobiernos el pasado diciembre, afirm\u00f3 Almagro.<br \/>\nAlmagro en Voz de Am\u00e9rica<\/p>\n<p style=\"color: #6e6e6c; text-align: justify;\">\u201c(La OEA) tiene la obligaci\u00f3n de generar una agenda positiva y de di\u00e1logo con Cuba, con negociaciones que vayan acercando a las partes y que vayan resolviendo los principales problemas pendientes que puedan haber entre Cuba y la OEA\u201d, a\u00f1adi\u00f3.<\/p>\n<p style=\"color: #6e6e6c; text-align: justify;\">Almagro quiere que la OEA tenga una \u201cparticipaci\u00f3n cubana, que pueda hacer aportes esenciales tanto en la educaci\u00f3n, como lo hace en la salud o en otras \u00e1reas de desarrollo\u201d.<\/p>\n<p style=\"color: #6e6e6c; text-align: justify;\">\u201cEse di\u00e1logo que queremos abrir va a tener un punto de partida importante en la pr\u00f3xima Cumbre de las Am\u00e9ricas, que tiene que ser el motor determinante para ir viendo en cada punto de la agenda cu\u00e1les son las mejores condiciones de cooperaci\u00f3n entre Cuba y la OEA\u201d, indic\u00f3 respecto a la cita que se celebrar\u00e1 en abril en Panam\u00e1.<\/p>\n<p style=\"color: #6e6e6c; text-align: justify;\">Almagro evit\u00f3 hacer un an\u00e1lisis sobre las tensiones entre EEUU y Venezuela, cuya canciller, Delcy Rodr\u00edguez, protestar\u00e1 este jueves ante el Consejo Permanente de la OEA por las sanciones impuestas por el Gobierno estadounidense contra funcionarios venezolanos.<\/p>\n<p style=\"color: #6e6e6c; text-align: justify;\">El excanciller record\u00f3 que a\u00fan no ha asumido como secretario general de la OEA y por tanto corresponde a Insulza evaluar el tema.<\/p>\n<p style=\"color: #6e6e6c; text-align: justify;\">Sin embargo, opin\u00f3 que la OEA \u201cdebe estar involucrada en las soluciones, debe resolver los problemas, no puede radicalizar los conflictos y tiene que pararse firme en los principios de pol\u00edtica exterior y relaci\u00f3n entre Estados miembros\u201d.<\/p>\n<p style=\"color: #6e6e6c; text-align: justify;\">\u201cPero esto tambi\u00e9n se tiene que construir sobre la base del di\u00e1logo. Lo que se\u00f1al\u00e1bamos hoy respecto a una agenda de la OEA con Cuba se puede repetir respecto a una agenda de la OEA con Venezuela\u201d, sostuvo.<\/p>\n<p style=\"color: #6e6e6c; text-align: justify;\">Esa agenda con Venezuela puede servir \u201cpara restaurar, para curar algunas heridas, y lograr las mejores condiciones que permitan la m\u00e1s plena vigencia, el m\u00e1s pleno goce de los derechos y los principios de pol\u00edticas\u201d.<\/p>\n<p style=\"color: #6e6e6c; text-align: justify;\">Almagro afirm\u00f3 que no entiende la OEA \u201cen t\u00e9rminos de dicotom\u00eda\u201d o fractura entre pa\u00edses del norte y del sur, pero consider\u00f3 que es necesario establecer \u201cuna nueva agenda de trabajo\u201d con EEUU.<\/p>\n<p style=\"color: #6e6e6c; text-align: justify;\">\u201cEso que tenemos con China los pa\u00edses de Celac no lo tenemos con EEUU, que es un pa\u00eds totalmente fundamental y base para el trabajo de la organizaci\u00f3n\u201d, subray\u00f3.<\/p>\n<p style=\"color: #6e6e6c; text-align: justify;\">El diplom\u00e1tico uruguayo anunci\u00f3, adem\u00e1s, el equipo que gestionar\u00e1 su transici\u00f3n al cargo de secretario general de la OEA durante los pr\u00f3ximos dos meses.<\/p>\n<p style=\"color: #6e6e6c; text-align: justify;\">Dan Restrepo, que fue el principal asesor para Latinoam\u00e9rica del presidente estadounidense, Barack Obama, entre 2009 y parte de 2012, formar\u00e1 parte del equipo junto al exvicecanciller de Uruguay Luis Porto y al hasta ahora portavoz de la campa\u00f1a de Almagro, Sergio Jellinek.<\/p>\n<p>&nbsp;<\/p>\n","protected":false},"excerpt":{"rendered":"El secretario general electo de la OEA, el uruguayo Luis Almagro, asegur\u00f3 que cuando asuma su cargo en mayo se esforzar\u00e1 por impulsar \n<a class=\"moretag\" href=\"https:\/\/ctainternacionales.org\/?p=2682\"> [...]<\/a>","protected":false},"author":1,"featured_media":0,"comment_status":"closed","ping_status":"closed","sticky":false,"template":"","format":"standard","meta":{"ngg_post_thumbnail":0,"footnotes":""},"categories":[],"tags":[],"class_list":["post-2682","post","type-post","status-publish","format-standard","hentry"],"_links":{"self":[{"href":"https:\/\/ctainternacionales.org\/index.php?rest_route=\/wp\/v2\/posts\/2682","targetHints":{"allow":["GET"]}}],"collection":[{"href":"https:\/\/ctainternacionales.org\/index.php?rest_route=\/wp\/v2\/posts"}],"about":[{"href":"https:\/\/ctainternacionales.org\/index.php?rest_route=\/wp\/v2\/types\/post"}],"author":[{"embeddable":true,"href":"https:\/\/ctainternacionales.org\/index.php?rest_route=\/wp\/v2\/users\/1"}],"replies":[{"embeddable":true,"href":"https:\/\/ctainternacionales.org\/index.php?rest_route=%2Fwp%2Fv2%2Fcomments&post=2682"}],"version-history":[{"count":1,"href":"https:\/\/ctainternacionales.org\/index.php?rest_route=\/wp\/v2\/posts\/2682\/revisions"}],"predecessor-version":[{"id":2684,"href":"https:\/\/ctainternacionales.org\/index.php?rest_route=\/wp\/v2\/posts\/2682\/revisions\/2684"}],"wp:attachment":[{"href":"https:\/\/ctainternacionales.org\/index.php?rest_route=%2Fwp%2Fv2%2Fmedia&parent=2682"}],"wp:term":[{"taxonomy":"category","embeddable":true,"href":"https:\/\/ctainternacionales.org\/index.php?rest_route=%2Fwp%2Fv2%2Fcategories&post=2682"},{"taxonomy":"post_tag","embeddable":true,"href":"https:\/\/ctainternacionales.org\/index.php?rest_route=%2Fwp%2Fv2%2Ftags&post=2682"}],"curies":[{"name":"wp","href":"https:\/\/api.w.org\/{rel}","templated":true}]}}