{"id":2679,"date":"2015-03-23T23:23:51","date_gmt":"2015-03-24T02:23:51","guid":{"rendered":"http:\/\/www.ctainternacionales.org\/?p=2679"},"modified":"2015-03-23T23:33:18","modified_gmt":"2015-03-24T02:33:18","slug":"la-cta-responde-a-las-amenazas-a-stedile-lider-del-mst-de-brasil","status":"publish","type":"post","link":"https:\/\/ctainternacionales.org\/?p=2679","title":{"rendered":"La CTA responde a las amenazas a Stedile Lider del MST de Brasil"},"content":{"rendered":"<p style=\"text-align: justify;\"><span style=\"color: #336699;\"><a href=\"http:\/\/www.ctainternacionales.org\/wp-content\/uploads\/2015\/03\/mst_bahia_reproducao_BOCAONEWs.jpg\"><img loading=\"lazy\" decoding=\"async\" class=\"aligncenter size-thumbnail wp-image-2680\" src=\"http:\/\/www.ctainternacionales.org\/wp-content\/uploads\/2015\/03\/mst_bahia_reproducao_BOCAONEWs-307x204.jpg\" alt=\"mst_bahia_reproducao_BOCAONEWs\" width=\"307\" height=\"204\" \/><\/a>La derecha latinoamericana desde hace tiempo se viene unificando en torno a la instalaci\u00f3n de grupos extremistas. Como un elemento extremo de esa pol\u00edtica, en Brasil circula un aviso ofreciendo dinero para matar a Joao Pedro Stedile, luego de participar en actividades de solidaridad en Caracas.<\/span><!--more--><\/p>\n<div class=\"crayon article-texte-15345 textoa\" style=\"text-align: justify;\">\n<p>El Movimento de trabalhadores rurais Sem Terra (MST) de Brasil denunci\u00f3 el jueves 12 de enero que por por Facebook circula una campa\u00f1a que dice: \u201cStedile: Procurado Vivo o Muerto\u201d, ofreciendo diez mil reales por el asesinato.<\/p>\n<p>Joao Pedro Stedile es el principal referente del MST, una de las organizaciones sociales m\u00e1s grandes del mundo y un articulador de los movimientos populares de Am\u00e9rica Latina y el Caribe, a trav\u00e9s de ALBA Movimientos y la V\u00eda Campesina.<\/p>\n<p>La persecuci\u00f3n se da en el contexto de una ofensiva derechista en el pa\u00eds y tambi\u00e9n de un crecimiento de las luchas campesinas durante los \u00faltimos meses. Miles de mujeres del MST est\u00e1n desarrollando ocupaciones de compa\u00f1\u00edas ligadas al modelo de agronegocio, dominado por las trasnacionales. El afiche se\u00f1ala a Stedile como \u201cenemigo de la Patria\u201d.<\/p>\n<p>En adeltante, ACTA reproduce el comunicado enviado por la CTA, y firmado por Pablo Micheli, Secretario General y Adolfo Aguirre, Secretario de relaciones Internacionales:<\/p>\n<p>\u00abAlertados seriamente por las manifestaciones de la derecha en Brasil, pero particularmente preocupados por las amenazas dirigidas hacia ti, desde la CTA &#8211; Aut\u00f3noma expresamos toda nuestra solidaridad, apoyo incondicional y repudio a dicho accionar cargado de odio y violencia, en un contexto latinoamericano alarmante\u00bb.<\/p>\n<p>\u00abEl movimiento del cual eres uno de los principales referentes es una pieza clave tanto para la democracia brasilera, como para la construcci\u00f3n de una sociedad m\u00e1s justa, no s\u00f3lo de tu pa\u00eds, sino de toda la patria ltinoamericana. El MST nos inspira y nos seguir\u00e1 inspirando, para continuar luchando por la reforma agraria, por la justicia social y por el fin de todas las desigualdades en nuestro continente\u00bb, finaliza.<\/p>\n<\/div>\n<div style=\"font-style: italic; text-align: justify;\">* Equipo de Comunicaci\u00f3n de la Secretar\u00eda de Relaciones Internacionales de la CTA<\/div>\n","protected":false},"excerpt":{"rendered":"La derecha latinoamericana desde hace tiempo se viene unificando en torno a la instalaci\u00f3n de grupos extremistas. Como un elemento extremo de esa \n<a class=\"moretag\" href=\"https:\/\/ctainternacionales.org\/?p=2679\"> [...]<\/a>","protected":false},"author":1,"featured_media":0,"comment_status":"closed","ping_status":"closed","sticky":false,"template":"","format":"standard","meta":{"ngg_post_thumbnail":0,"footnotes":""},"categories":[],"tags":[],"class_list":["post-2679","post","type-post","status-publish","format-standard","hentry"],"_links":{"self":[{"href":"https:\/\/ctainternacionales.org\/index.php?rest_route=\/wp\/v2\/posts\/2679","targetHints":{"allow":["GET"]}}],"collection":[{"href":"https:\/\/ctainternacionales.org\/index.php?rest_route=\/wp\/v2\/posts"}],"about":[{"href":"https:\/\/ctainternacionales.org\/index.php?rest_route=\/wp\/v2\/types\/post"}],"author":[{"embeddable":true,"href":"https:\/\/ctainternacionales.org\/index.php?rest_route=\/wp\/v2\/users\/1"}],"replies":[{"embeddable":true,"href":"https:\/\/ctainternacionales.org\/index.php?rest_route=%2Fwp%2Fv2%2Fcomments&post=2679"}],"version-history":[{"count":1,"href":"https:\/\/ctainternacionales.org\/index.php?rest_route=\/wp\/v2\/posts\/2679\/revisions"}],"predecessor-version":[{"id":2681,"href":"https:\/\/ctainternacionales.org\/index.php?rest_route=\/wp\/v2\/posts\/2679\/revisions\/2681"}],"wp:attachment":[{"href":"https:\/\/ctainternacionales.org\/index.php?rest_route=%2Fwp%2Fv2%2Fmedia&parent=2679"}],"wp:term":[{"taxonomy":"category","embeddable":true,"href":"https:\/\/ctainternacionales.org\/index.php?rest_route=%2Fwp%2Fv2%2Fcategories&post=2679"},{"taxonomy":"post_tag","embeddable":true,"href":"https:\/\/ctainternacionales.org\/index.php?rest_route=%2Fwp%2Fv2%2Ftags&post=2679"}],"curies":[{"name":"wp","href":"https:\/\/api.w.org\/{rel}","templated":true}]}}