{"id":2672,"date":"2015-03-15T21:05:34","date_gmt":"2015-03-16T00:05:34","guid":{"rendered":"http:\/\/www.ctainternacionales.org\/?p=2672"},"modified":"2015-03-17T16:05:32","modified_gmt":"2015-03-17T19:05:32","slug":"una-respuesta-de-toda-la-region","status":"publish","type":"post","link":"https:\/\/ctainternacionales.org\/?p=2672","title":{"rendered":"Una respuesta de toda la regi\u00f3n"},"content":{"rendered":"<p style=\"text-align: justify;\"><a href=\"http:\/\/www.ctainternacionales.org\/wp-content\/uploads\/2015\/03\/imagen-unasur_2.jpg\"><br \/>\n<\/a>Los cancilleres de la Unasur rechazaron el decreto de Obama que declara a Venezuela como una amenaza a la seguridad estadounidense. Tambi\u00e9n instaron a la Casa Blanca a establecer un di\u00e1logo con Caracas respetando \u201cel principio de soberan\u00eda de los pueblos\u201d.<!--more--><\/p>\n<p style=\"text-align: justify;\">La Unasur solicit\u00f3 al gobierno de Estados Unidos la derogaci\u00f3n del decreto ejecutivo firmado el lunes pasado por su presidente, Barack Obama, que declara a Venezuela como una \u201camenaza extraordinaria e inusual a la seguridad nacional y la pol\u00edtica exterior estadounidense\u201d. Tambi\u00e9n inst\u00f3 a la Casa Blanca a establecer un di\u00e1logo con Caracas respetando \u201cel principio de soberan\u00eda de los pueblos\u201d. As\u00ed lo decidieron los cancilleres de los doce pa\u00edses del bloque sudamericano, que se dieron cita en Quito en una reuni\u00f3n extraordinaria coordinada de emergencia para tratar esta cuesti\u00f3n. La presidenta Cristina Fern\u00e1ndez de Kirchner destac\u00f3 la respuesta de la Unasur.<\/p>\n<p style=\"text-align: justify;\">La reuni\u00f3n de cancilleres de la Unasur concluy\u00f3 con un documento que fue le\u00eddo por Rodolfo Nin Novoa, canciller de Uruguay, pa\u00eds que ostenta la presidencia pro tempore del grupo, un gesto que apunt\u00f3 a dar por cerrado el desacuerdo que surgi\u00f3 en la semana por un entredicho entre el vicepresidente uruguayo Ra\u00fal Sendic y el mandatario venezolano Nicol\u00e1s Maduro. Adem\u00e1s del mensaje al gobierno norteamericano, los ministros de Relaciones Exteriores de la Unasur confirmaron que el bloque seguir\u00e1 acompa\u00f1ando \u201cel m\u00e1s amplio di\u00e1logo pol\u00edtico con todas las fuerzas democr\u00e1ticas venezolanas con pleno respeto al orden constitucional, los derechos humanos y los estados de derecho\u201d y su \u201capoyo a la celebraci\u00f3n de las pr\u00f3ximas elecciones parlamentarias\u201d que tendr\u00e1n lugar este a\u00f1o.<\/p>\n<p style=\"text-align: justify;\">El plenario, que cont\u00f3 con asistencia perfecta, se llev\u00f3 a cabo en respuesta a lo que fue considerado un \u201cacto de injerencia\u201d de Washington en la regi\u00f3n: el lunes pasado Obama firm\u00f3 una orden ejecutiva que declara al pa\u00eds caribe\u00f1o como una \u201camenaza\u201d a la \u201cseguridad nacional y a la pol\u00edtica exterior\u201d, habilitando la imposici\u00f3n de sanciones. Un mes antes, el 12 de febrero, el gobierno venezolano asegur\u00f3 haber frustrado un plan magnicida y golpista por parte de sectores de la Fuerza A\u00e9rea y la oposici\u00f3n, con respaldo de Estados Unidos.<\/p>\n<p style=\"text-align: justify;\">\u201cLos estados miembro de la Uni\u00f3n de Naciones Suramericanas manifiestan su rechazo al decreto ejecutivo del gobierno de los Estados Unidos de Am\u00e9rica, aprobado el 9 de marzo de 2015, por cuanto constituye una amenaza injerencista a la soberan\u00eda y al principio de no intervenci\u00f3n en los asuntos internos de otros estados, En el texto, los doce pa\u00edses de la regi\u00f3n \u201creafirman su compromiso con la plena vigencia del derecho internacional, la soluci\u00f3n pac\u00edfica de controversias y el principio de no intervenci\u00f3n\u201d.<\/p>\n<p style=\"text-align: justify;\">Adem\u00e1s, los cancilleres de la Unasur se anticiparon a la posibilidad de que Washington imponga sanciones a la econom\u00eda venezolana e hicieron \u201cun llamado a que los gobiernos se abstengan de la aplicaci\u00f3n de medidas coercitivas unilaterales que contravengan el derecho internacional\u201d. Por \u00faltimo, le piden a la Casa Blanca que \u201ceval\u00fae y ponga en pr\u00e1ctica alternativas de di\u00e1logo con el gobierno de Venezuela, bajo los principios de respeto a la soberan\u00eda y autodeterminaci\u00f3n de los pueblos\u201d.<\/p>\n<p style=\"text-align: justify;\">Por otra parte, en un segundo documento informaron la renovaci\u00f3n del mandato de la comisi\u00f3n de cancilleres que supervisa el proceso de di\u00e1logo pol\u00edtico en Venezuela, conformada por los ministros de Relaciones Exteriores de Brasil, Colombia y Ecuador. \u201cLos estados miembro de la Unasur \u2013contin\u00faa\u2013 expresan que la situaci\u00f3n interna en Venezuela debe ser resuelta por los mecanismos democr\u00e1ticos previstos en la Constituci\u00f3n venezolana.\u201d<\/p>\n<p style=\"text-align: justify;\">Finalmente, \u201cmanifiestan su apoyo para la celebraci\u00f3n de las pr\u00f3ximas elecciones parlamentarias, convencidos de la importancia del mantenimiento del orden constitucional as\u00ed como de la democracia y la m\u00e1s plena vigencia de todos los derechos humanos\u201d, que son los \u201cprincipios fundamentales de la Unasur\u201d, seg\u00fan concluye el segundo documento.<\/p>\n<p style=\"text-align: justify;\">La reuni\u00f3n signific\u00f3 tambi\u00e9n el cierre del entredicho diplom\u00e1tico entre Venezuela y Uruguay que caus\u00f3 la postergaci\u00f3n y cambio de sede del encuentro, que iba a realizarse originalmente el jueves en Montevideo, sede durante este semestre de la presidencia pro tempore del bloque. El problema hab\u00eda surgido cuando Sendic, vicepresidente uruguayo, dijo que no ten\u00eda pruebas de la injerencia norteamericana. \u201cQu\u00e9 verg\u00fcenza \u2013le contest\u00f3 Maduro\u2013. Ch\u00e1vez me dec\u00eda que el mundo est\u00e1 lleno de cobardes.\u201d<\/p>\n<p style=\"text-align: justify;\">Ayer, dejando esto atr\u00e1s, el canciller de Uruguay, Rodolfo Nin Novoa, pidi\u00f3 \u201cuna declaraci\u00f3n clara, contundente\u201d que demuestre \u201cla unidad de los pa\u00edses de la regi\u00f3n\u201d ante la decisi\u00f3n de Estados Unidos, al dar comienzo al encuentro con sus partes. All\u00ed mismo, el secretario general de la Unasur, el colombiano Ernesto Samper, record\u00f3 que \u201clos principios capitulares que dieron origen\u201d al bloque continental fueron \u201cla preservaci\u00f3n de esta regi\u00f3n como una zona de paz, el fortalecimiento de la democracia y garantizar los derechos humanos\u201d.<\/p>\n<p>Por Nicol\u00e1s Lantos pagina 12<\/p>\n","protected":false},"excerpt":{"rendered":"Los cancilleres de la Unasur rechazaron el decreto de Obama que declara a Venezuela como una amenaza a la seguridad estadounidense. Tambi\u00e9n instaron \n<a class=\"moretag\" href=\"https:\/\/ctainternacionales.org\/?p=2672\"> [...]<\/a>","protected":false},"author":1,"featured_media":0,"comment_status":"closed","ping_status":"closed","sticky":false,"template":"","format":"standard","meta":{"ngg_post_thumbnail":0,"footnotes":""},"categories":[],"tags":[],"class_list":["post-2672","post","type-post","status-publish","format-standard","hentry"],"_links":{"self":[{"href":"https:\/\/ctainternacionales.org\/index.php?rest_route=\/wp\/v2\/posts\/2672","targetHints":{"allow":["GET"]}}],"collection":[{"href":"https:\/\/ctainternacionales.org\/index.php?rest_route=\/wp\/v2\/posts"}],"about":[{"href":"https:\/\/ctainternacionales.org\/index.php?rest_route=\/wp\/v2\/types\/post"}],"author":[{"embeddable":true,"href":"https:\/\/ctainternacionales.org\/index.php?rest_route=\/wp\/v2\/users\/1"}],"replies":[{"embeddable":true,"href":"https:\/\/ctainternacionales.org\/index.php?rest_route=%2Fwp%2Fv2%2Fcomments&post=2672"}],"version-history":[{"count":3,"href":"https:\/\/ctainternacionales.org\/index.php?rest_route=\/wp\/v2\/posts\/2672\/revisions"}],"predecessor-version":[{"id":2677,"href":"https:\/\/ctainternacionales.org\/index.php?rest_route=\/wp\/v2\/posts\/2672\/revisions\/2677"}],"wp:attachment":[{"href":"https:\/\/ctainternacionales.org\/index.php?rest_route=%2Fwp%2Fv2%2Fmedia&parent=2672"}],"wp:term":[{"taxonomy":"category","embeddable":true,"href":"https:\/\/ctainternacionales.org\/index.php?rest_route=%2Fwp%2Fv2%2Fcategories&post=2672"},{"taxonomy":"post_tag","embeddable":true,"href":"https:\/\/ctainternacionales.org\/index.php?rest_route=%2Fwp%2Fv2%2Ftags&post=2672"}],"curies":[{"name":"wp","href":"https:\/\/api.w.org\/{rel}","templated":true}]}}