{"id":2666,"date":"2015-03-15T20:50:30","date_gmt":"2015-03-15T23:50:30","guid":{"rendered":"http:\/\/www.ctainternacionales.org\/?p=2666"},"modified":"2015-03-15T20:56:50","modified_gmt":"2015-03-15T23:56:50","slug":"la-cta-marcho-en-defensa-de-la-revolucion-bolivariana-de-venezuela","status":"publish","type":"post","link":"https:\/\/ctainternacionales.org\/?p=2666","title":{"rendered":"La CTA march\u00f3 en defensa de la Revoluci\u00f3n Bolivariana de Venezuela"},"content":{"rendered":"<p><a href=\"http:\/\/www.ctainternacionales.org\/wp-content\/uploads\/2015\/03\/20150313_174822.jpg\"><img loading=\"lazy\" decoding=\"async\" class=\"aligncenter size-thumbnail wp-image-2667\" src=\"http:\/\/www.ctainternacionales.org\/wp-content\/uploads\/2015\/03\/20150313_174822-307x230.jpg\" alt=\"20150313_174822\" width=\"307\" height=\"230\" \/><\/a>La CTA junto a numerosas organizaciones del campo popular, moviliz\u00f3 ayer desde Plaza Italia a la embajada de Venezuela para manifestar su solidaridad con el pueblo y el gobierno de Venezuela ante la agresi\u00f3n manifiesta del Presidente de EEUU, que anticipa acciones militares e intervencionistas sobre el proceso de cambio en la tierra de Ch\u00e1vez.<!--more--> Pasadas las 17 horas del viernes, la Plaza Italia, en pleno centro porte\u00f1o, se llen\u00f3 de militantes y banderas que encolumnadas, marcharon hacia la embajadas venezolana para abrazar la revoluci\u00f3n bolivariana y repudiar el avance del imperialismo yanky sobre los pa\u00edses Latinoamericanos. En tanto, desde CTA Nacional se hizo entrega de una carta donde se expres\u00f3 todo el respaldo de la clase trabajadora y aportando a la gran movilizaci\u00f3n continental en defensa de la revoluci\u00f3n bolivariana. Adolfo \u00abFito\u00bb Aguirre, reci\u00e9n llegado de Bruselas, inform\u00f3: \u00abAlgunos dirigentes de la CTA-A venimos de participar de un encuentro sindical en Bruselas que reuni\u00f3 a los sindicatos de la Uni\u00f3n Europea y de Am\u00e9rica Latina y el Caribe, donde logramos que se apruebe por unanimidad una declaraci\u00f3n en total repudio a las declaraciones de Obama y a la injerencia de Estados Unidos en los asuntos internos de Venezuela. El movimiento trabajador est\u00e1 firme en la lucha por la defensa de la soberan\u00eda de nuestro pa\u00eds hermano\u00bb. Luego, Fernando Cardozo, Secretario de Relaciones Internacionales de CTA Capital, explic\u00f3 que: \u00abLa CTA Aut\u00f3noma, este viernes 13 de marzo, est\u00e1 movilizada en torno a una nueva agresi\u00f3n de parte de la administraci\u00f3n de Obama contra el pueblo de Venezuela, en virtud de un decreto presidencial que vuelve a poner la estrategia militar y la intervenci\u00f3n en nuestro continente, pensando que Am\u00e9rica Latina es el patio trasero de Estados Unidos\u00bb. Por su parte, Carlos Chile, Secretario de Organizaci\u00f3n de CTA Nacional dijo: \u00abHay cientos de trabajadores, compa\u00f1eros de las m\u00e1s diversas identidades movilizando. En primer lugar porque los trabajadores siempre hemos estado en contra de cualquier colonialismo, porque hemos pagado con la vida de nuestros compa\u00f1eros las pol\u00edticas de la Escuela de Las Am\u00e9ricas, porque tenemos muy presentes a los 250mil compa\u00f1eros que durante la d\u00e9cada del \u201960 y el \u00b470, exterminaron, y porque no estamos dispuestos a permitirle a Estados Unidos que repita la historia\u00bb. \u00abPara nosotros es una cuesti\u00f3n de principios y de coherencia hist\u00f3rica. Nos hemos manifestado, tanto desde nuestra Central como desde el Encuentro Nacional Nuestra Am\u00e9rica, en favor de los procesos revolucionarios en Am\u00e9rica Latina y el Caribe y en todo el mundo. No s\u00f3lo repudiamos el avance del imperialismo yanky, sino que expresamos nuestra total solidaridad con el pueblo venezolano y con el Gobierno de Nicol\u00e1s Maduro\u00bb: agreg\u00f3 Claudia Baigorria, Secretaria Administrativa. A su turno, Fernando \u00abnando\u00bb Acosta, Secretario de Interior denunci\u00f3 el \u00abintento claro y concreto del imperio de EEUU de terminar con el avance popular de Venezuela, y van buscando estrategias para intervenir y romper lo que no pueden romper con los votos. Es nuestra obligaci\u00f3n estar ac\u00e1, ser solidarios y respaldar ese proceso, pero tambi\u00e9n debemos ser capaces de encaminar en nuestro pa\u00eds un proceso revolucionario donde se prioricen los intereses populares por sobre los de las empresas trasnacionales\u00bb. <a href=\"http:\/\/www.ctainternacionales.org\/wp-content\/uploads\/2015\/03\/20150313_180625.jpg\"><img loading=\"lazy\" decoding=\"async\" class=\"aligncenter size-thumbnail wp-image-2668\" src=\"http:\/\/www.ctainternacionales.org\/wp-content\/uploads\/2015\/03\/20150313_180625-307x230.jpg\" alt=\"20150313_180625\" width=\"307\" height=\"230\" \/><\/a>Mario Barrios, Secretario de Acci\u00f3n Social, se hizo presente junto a sus compa\u00f1eros de la Uni\u00f3n Solidaria de Trabajadores y opin\u00f3: \u201cLa CTA Aut\u00f3noma se ha declarado anti imperialista y anti capitalista. Y cada vez que hay un ataque del imperio a Am\u00e9rica Latina, la CTA debe estar en la calle, dando muestras de solidaridad y para hacer visible el hecho de que no vamos a permitir que los yankys intervengan en la pol\u00edtica del continente\u201d. Finalmente, Jos\u00e9 \u00abPepe\u00bb Peralta, secretario General de la CTA Capital apunt\u00f3: \u201cLo que m\u00e1s nos preocupa, desde la CTA, es la invasi\u00f3n que ha tenido Estados Unidos con el decreto de Obama, que le permite invadir la regi\u00f3n f\u00edsicamente, m\u00e1s all\u00e1 de las pol\u00edticas imperialistas que ha venido llevando adelante en los \u00faltimos a\u00f1os con los distintos Gobiernos que fortalec\u00edan el crecimiento de la regi\u00f3n\u201d.<\/p>\n","protected":false},"excerpt":{"rendered":"La CTA junto a numerosas organizaciones del campo popular, moviliz\u00f3 ayer desde Plaza Italia a la embajada de Venezuela para manifestar su solidaridad \n<a class=\"moretag\" href=\"https:\/\/ctainternacionales.org\/?p=2666\"> [...]<\/a>","protected":false},"author":1,"featured_media":0,"comment_status":"closed","ping_status":"closed","sticky":false,"template":"","format":"standard","meta":{"ngg_post_thumbnail":0,"footnotes":""},"categories":[],"tags":[],"class_list":["post-2666","post","type-post","status-publish","format-standard","hentry"],"_links":{"self":[{"href":"https:\/\/ctainternacionales.org\/index.php?rest_route=\/wp\/v2\/posts\/2666","targetHints":{"allow":["GET"]}}],"collection":[{"href":"https:\/\/ctainternacionales.org\/index.php?rest_route=\/wp\/v2\/posts"}],"about":[{"href":"https:\/\/ctainternacionales.org\/index.php?rest_route=\/wp\/v2\/types\/post"}],"author":[{"embeddable":true,"href":"https:\/\/ctainternacionales.org\/index.php?rest_route=\/wp\/v2\/users\/1"}],"replies":[{"embeddable":true,"href":"https:\/\/ctainternacionales.org\/index.php?rest_route=%2Fwp%2Fv2%2Fcomments&post=2666"}],"version-history":[{"count":2,"href":"https:\/\/ctainternacionales.org\/index.php?rest_route=\/wp\/v2\/posts\/2666\/revisions"}],"predecessor-version":[{"id":2671,"href":"https:\/\/ctainternacionales.org\/index.php?rest_route=\/wp\/v2\/posts\/2666\/revisions\/2671"}],"wp:attachment":[{"href":"https:\/\/ctainternacionales.org\/index.php?rest_route=%2Fwp%2Fv2%2Fmedia&parent=2666"}],"wp:term":[{"taxonomy":"category","embeddable":true,"href":"https:\/\/ctainternacionales.org\/index.php?rest_route=%2Fwp%2Fv2%2Fcategories&post=2666"},{"taxonomy":"post_tag","embeddable":true,"href":"https:\/\/ctainternacionales.org\/index.php?rest_route=%2Fwp%2Fv2%2Ftags&post=2666"}],"curies":[{"name":"wp","href":"https:\/\/api.w.org\/{rel}","templated":true}]}}