{"id":2663,"date":"2015-03-12T13:57:59","date_gmt":"2015-03-12T16:57:59","guid":{"rendered":"http:\/\/www.ctainternacionales.org\/?p=2663"},"modified":"2015-03-12T13:57:59","modified_gmt":"2015-03-12T16:57:59","slug":"el-sindicato-de-pensionados-de-italia-visito-la-cta-autonoma","status":"publish","type":"post","link":"https:\/\/ctainternacionales.org\/?p=2663","title":{"rendered":"El Sindicato de Pensionados de Italia visit\u00f3 la CTA Aut\u00f3noma"},"content":{"rendered":"<p style=\"text-align: justify;\"><a href=\"http:\/\/www.ctainternacionales.org\/wp-content\/uploads\/2015\/03\/IMG_1940.jpg\"><img loading=\"lazy\" decoding=\"async\" class=\"aligncenter size-thumbnail wp-image-2664\" src=\"http:\/\/www.ctainternacionales.org\/wp-content\/uploads\/2015\/03\/IMG_1940-307x230.jpg\" alt=\"IMG_1940\" width=\"307\" height=\"230\" \/><\/a>\u00a0El 10 de marzo recibimos la visita de una comitiva italiana del Sindicato de Pensionados Italianos, de la central obrera italiana CGIL y miembro del CES. En el encuentro se realizo un an\u00e1lisis de la situaci\u00f3n previsional de ambos pa\u00edses, sus expectativas y propuestas.<!--more--><\/p>\n<p style=\"text-align: justify;\">a Comisi\u00f3n estuvo integrada por Livio Melgari, representante internacional del Sindicato Pensionati Italiani; Riccardo Terzi, ex miembro secretario ejecutivo del SPI, actual integrante del Instituto de Investigaci\u00f3n de SPI Mil\u00e1n; Maria Rosa Arana y Renato Palermo de IMCA Argentina.<\/p>\n<p style=\"text-align: justify;\">Por la CTA-A asistieron Lidia Meza, Secretaria de Previsi\u00f3n Social; Elias Moure, Presidente de la Federaci\u00f3n de Jubilados y Pensionados de la CTA, Olivia Ruiz y Susana G\u00f3mez, Presidentes de la Federaci\u00f3n de Jubilados y Pensionados de la CTA Provincia de Buenos Aires y Carlos Custer, Asesor de la Secretar\u00eda de Relaciones Internacionales de la Central.<\/p>\n<p style=\"text-align: justify;\">El Sindicato de Pensionados Italiano es una amplia organizaci\u00f3n, que cuenta con alrededor de cuatro millones de afiliados e integra uno de los tres sindicatos italianos m\u00e1s importante y antiguo de Italia, reporta una extensa experiencia en materia de lucha y reivindicaciones, as\u00ed como un conocimiento profundo de la coyuntura pol\u00edtica actual del pa\u00eds mediterr\u00e1neo.<\/p>\n<p style=\"text-align: justify;\">Luego de una c\u00e1lida bienvenida acorde a las relaciones fraternales entre ambas centrales, a cargo de Carlos Custer, Lidia Meza en compa\u00f1\u00eda de Susana G\u00f3mez y Olivia Ruiz llevaron a cabo un repaso por las luchas de los \u00faltimos a\u00f1os enarboladas por la CTA en torno a las reivindicaciones del 82% m\u00f3vil para los jubilados argentinos, como el reclamo de mejoras en la estructura de servicios sociales para jubilados y pensionados en lo referente a su atenci\u00f3n, su cobertura y la calidad del servicio.<\/p>\n<p style=\"text-align: justify;\">Tambi\u00e9n se ofreci\u00f3 un estado de situaci\u00f3n del presente de los jubilados y pensionados argentinos, cuyos fondos son utilizados discrecionalmente por el gobierno como un recurso m\u00e1s del presupuesto nacional, en forma de prestamos internos, impidiendo cumplir con la obligaci\u00f3n de retribuir el 82% m\u00f3vil del salario m\u00ednimo.<\/p>\n<p style=\"text-align: justify;\">Ocurre tambi\u00e9n que desde el gobierno nacional se proclama como conquista el hecho de que el sistema de previsi\u00f3n social ampare al 95% de los jubilados y pensionados, cuando el 80% de estas personas cobra la jubilaci\u00f3n m\u00ednima que no llega a los 4 mil pesos argentinos, una cifra que no alcanza para vivir dignamente.<\/p>\n<p style=\"text-align: justify;\">Por otra parte, se explicitaron las intenciones de conquistar un sistema de administraci\u00f3n de las pensiones regulado por los propios trabajadores, con mayor transparencia, bajo la supervisi\u00f3n del Estado.<\/p>\n<p style=\"text-align: justify;\">En lo que se refiere a la situaci\u00f3n actual de los jubilados y pensionados habitantes de la pen\u00ednsula it\u00e1lica, Livio Melgari afirm\u00f3 que Italia transita un momento sindicalmente importante, donde se abre una nueva fase y que requiere reafirmar la colaboraci\u00f3n entre ambas centrales. Se trata de la puesta en discusi\u00f3n del rol y la capacidad del sindicalismo de plantarse frente a la crisis europea, llevando adelante una profunda autocr\u00edtica. Esta \u00e1lgida situaci\u00f3n justifica que las delegaciones internacionales no fueran invitadas al ultimo Congreso.<\/p>\n<p style=\"text-align: justify;\">Entre el mes de septiembre y octubre en Par\u00eds se estar\u00e1 decidiendo el nombramiento del nuevo Secretario General de la Confederaci\u00f3n Europea de Sindicatos, que sustituir\u00e1 a Bernadette S\u00e9gol. Desde el CGIL se propuso como candidato italiano y mediterr\u00e1neo a Luca Vicentini, un cuadro sindical de la regi\u00f3n del Friuli italiana de fuerte formaci\u00f3n, que materializa las expectativas de contrastar en el CES la orientaci\u00f3n pol\u00edtica impuesta por Alemania y los pa\u00edses escandinavos.<\/p>\n<p style=\"text-align: justify;\">Por otro lado, la Federaci\u00f3n Europea de Pensionados, con alrededor de diez millones de afiliados, tambi\u00e9n se propone renovar su Secretario General en su congreso a llevarse a cabo en septiembre en Budapest. Los tres sindicatos m\u00e1s importantes de Italia postulan sus candidatos, el nombre que prevalece por parte del CGIL es el de Carla Cantoni, cuyo programa de m\u00e1xima para los problemas de los jubilados y pensionados se propone cuatro puntos principales:<\/p>\n<p style=\"text-align: justify;\">&#8211; Considerar la dignidad de las personas ancianas y para ello elaborar una carta declaratoria de sus derechos<\/p>\n<p style=\"text-align: justify;\">&#8211; Establecer una renta m\u00ednima para los jubilados y pensionados (alrededor de 90 millones en Europa) que garantice cubrir las condiciones m\u00ednimas de subsistencia y se calcule como un porcentaje sobre el salario de cada pa\u00eds.<\/p>\n<p style=\"text-align: justify;\">&#8211; Poner el foco en el cuidado de la salud de los adultos mayores. Su propuesta consiste en presentar una ley que pueda tutelar a aquellas personas con menos recursos.<\/p>\n<p style=\"text-align: justify;\">&#8211; Tener como eje cardinal la paz en sentido amplio, poniendo de relieve la situaci\u00f3n a veces soslayada de las guerra que est\u00e1n teniendo lugar en Ucrania y el Norte de \u00c1frica, as\u00ed como las migraciones de las personas que escapan de los conflictos b\u00e9licos y son explotadas como negocio por algunas personas.<\/p>\n<p style=\"text-align: justify;\">Otro de los problemas que ponen a ambas centrales en situaci\u00f3n de alerta es el viraje en la pol\u00edtica econ\u00f3mica y de trabajo llevado a cabo por el recientemente elegido gobierno de centro-izquierda en Italia, que se encuentra en consonancia con las pol\u00edticas m\u00e1s conservadoras prevalecientes en Italia desde a\u00f1os anteriores, y datan sobre la hostilidad a todos los sindicatos en general y la derogaci\u00f3n del Articulo 18 de la ley de trabajo, s\u00edmbolo de las conquistas por los derechos de los trabajadores, que imped\u00eda el despido sin causa, consignando de este modo una flexibilizaci\u00f3n de la legislaci\u00f3n laboral y un embate contra el movimiento sindical.<\/p>\n<p style=\"text-align: justify;\">Si bien uno de los argumentos de este viraje neoliberal en las pol\u00edticas del gobierno italiano es cumplir con las directivas del FMI y la Troika que monitorean toda Europa, nuestras estimaciones nos hablan de un pueblo europeo fatigado, que no va a quedarse de brazos cruzados ante el avasallamiento de sus derechos.<\/p>\n<p style=\"text-align: justify;\">Si bien en contextos distintos y con pasados espec\u00edficos, son las mismas luchas las que mueven a los trabajadores organizados en Italia y Argentina, como explicit\u00f3 Elias Moure, la disyuntiva se plantea en t\u00e9rminos de alcanzar el logro de la seguridad social garantizada o percibir una limosna.<\/p>\n<p style=\"text-align: justify;\">La reuni\u00f3n se cerr\u00f3 con el compromiso de seguir muy de cerca las acciones de cada pa\u00eds abriendo un espacio de intercambio de experiencias y de propuestas que sirvan para los trabajadores jubilados y pensionados de ambos paises.<\/p>\n<p style=\"text-align: justify;\">* Equipo de Comunicaci\u00f3n de la CTA Nacional<\/p>\n","protected":false},"excerpt":{"rendered":"\u00a0El 10 de marzo recibimos la visita de una comitiva italiana del Sindicato de Pensionados Italianos, de la central obrera italiana CGIL y \n<a class=\"moretag\" href=\"https:\/\/ctainternacionales.org\/?p=2663\"> [...]<\/a>","protected":false},"author":1,"featured_media":0,"comment_status":"closed","ping_status":"closed","sticky":false,"template":"","format":"standard","meta":{"ngg_post_thumbnail":0,"footnotes":""},"categories":[],"tags":[],"class_list":["post-2663","post","type-post","status-publish","format-standard","hentry"],"_links":{"self":[{"href":"https:\/\/ctainternacionales.org\/index.php?rest_route=\/wp\/v2\/posts\/2663","targetHints":{"allow":["GET"]}}],"collection":[{"href":"https:\/\/ctainternacionales.org\/index.php?rest_route=\/wp\/v2\/posts"}],"about":[{"href":"https:\/\/ctainternacionales.org\/index.php?rest_route=\/wp\/v2\/types\/post"}],"author":[{"embeddable":true,"href":"https:\/\/ctainternacionales.org\/index.php?rest_route=\/wp\/v2\/users\/1"}],"replies":[{"embeddable":true,"href":"https:\/\/ctainternacionales.org\/index.php?rest_route=%2Fwp%2Fv2%2Fcomments&post=2663"}],"version-history":[{"count":1,"href":"https:\/\/ctainternacionales.org\/index.php?rest_route=\/wp\/v2\/posts\/2663\/revisions"}],"predecessor-version":[{"id":2665,"href":"https:\/\/ctainternacionales.org\/index.php?rest_route=\/wp\/v2\/posts\/2663\/revisions\/2665"}],"wp:attachment":[{"href":"https:\/\/ctainternacionales.org\/index.php?rest_route=%2Fwp%2Fv2%2Fmedia&parent=2663"}],"wp:term":[{"taxonomy":"category","embeddable":true,"href":"https:\/\/ctainternacionales.org\/index.php?rest_route=%2Fwp%2Fv2%2Fcategories&post=2663"},{"taxonomy":"post_tag","embeddable":true,"href":"https:\/\/ctainternacionales.org\/index.php?rest_route=%2Fwp%2Fv2%2Ftags&post=2663"}],"curies":[{"name":"wp","href":"https:\/\/api.w.org\/{rel}","templated":true}]}}