{"id":2659,"date":"2015-03-12T13:42:52","date_gmt":"2015-03-12T16:42:52","guid":{"rendered":"http:\/\/www.ctainternacionales.org\/?p=2659"},"modified":"2015-03-12T13:55:09","modified_gmt":"2015-03-12T16:55:09","slug":"declaracion-del-7o-encuentro-sindical-union-europea-celac","status":"publish","type":"post","link":"https:\/\/ctainternacionales.org\/?p=2659","title":{"rendered":"Declaraci\u00f3n del 7\u00ba Encuentro Sindical Uni\u00f3n Europea-CELAC"},"content":{"rendered":"<p style=\"text-align: justify;\"><a href=\"http:\/\/www.ctainternacionales.org\/wp-content\/uploads\/2015\/03\/Site-256.jpg\"><img loading=\"lazy\" decoding=\"async\" class=\"aligncenter size-thumbnail wp-image-2661\" src=\"http:\/\/www.ctainternacionales.org\/wp-content\/uploads\/2015\/03\/Site-256-307x170.jpg\" alt=\"Site 256\" width=\"307\" height=\"170\" \/><\/a>\u00a0 reproducimos el comunicado que emiti\u00f3 el 7\u00ba Encuentro Sindical Uni\u00f3n Europea-CELAC, del que estuvo participando Pablo Micheli, Secretario General; Adolfo \u00abFito\u00bb Aguirre, Secretario de Relaciones Internacionales; Julio Fuentes, Secretario General de ATE y presidente de CLATE y Eduardo Est\u00e9vez, asesor de la Secretar\u00eda de Relaciones Internacionales.<!--more--><\/p>\n<p style=\"text-align: justify;\">El 7 Encuentro Sindical UE-CELAC re\u00fane nuevamente una expresiva representaci\u00f3n del sindicalismo de ambas regiones quienes, como en oportunidades anteriores, quieren manifestar ante las Jefas y Jefes de Estado y de Gobierno su visi\u00f3n sobre la coyuntura social, econ\u00f3mica y pol\u00edtica y las perspectivas y aspiraciones de los trabajadores.<\/p>\n<p style=\"text-align: justify;\">En la presente coyuntura la misma lucha sindical re\u00fane a trabajadores y trabajadoras de Am\u00e9rica Latina y el Caribe y de la Uni\u00f3n Europea: la defensa de los derechos sociales, la democracia, la acci\u00f3n de los sindicatos y su papel central en el enfrentamiento al neoliberalismo y las \u201cpol\u00edticas de austeridad\u201d, que afectan a millones de trabajadores\/as en ambas regiones del mundo. Estas pol\u00edticas son impulsadas por los sectores conservadores vinculados al capital financiero y a las empresas multinacionales en respuesta a las prolongadas consecuencias de la gran crisis econ\u00f3mica mundial del 2008. La crisis ecol\u00f3gica es el cap\u00edtulo m\u00e1s reciente de sociedades guiadas por la b\u00fasqueda desenfrenada de lucros empresariales y el consumo irresponsable que le est\u00e1 asociado.<\/p>\n<p style=\"text-align: justify;\">Las clases trabajadoras europea y latinoamericana-caribe\u00f1a defienden los procesos de integraci\u00f3n en ambos continentes como parte de la construcci\u00f3n de econom\u00edas y sociedades de bienestar. Si miramos el pasado, veremos que hemos hecho avances importantes en algunas dimensiones. La Uni\u00f3n Europea y la CELAC, son en parte expresiones de esas conquistas. Pero los procesos de integraci\u00f3n regional deben ser parte de la soluci\u00f3n a nuestros problemas econ\u00f3micos, sociales y ambientales, caso contrario dar\u00e1n argumentos para que fuerzas reaccionarias impulsen sentimientos chauvinistas y xen\u00f3fobos que erosionen lo ya conquistado.<\/p>\n<p style=\"text-align: justify;\">En Europa registramos continuos ataques a conquistas sociales que sacrifican personas con el argumento de favorecer el funcionamiento de la econom\u00eda en una \u00f3ptica liberal. La regi\u00f3n que ya fue en la post Segunda Guerra Mundial ejemplo de sistemas de protecci\u00f3n social y niveles de bienestar humano, ahora es cada vez m\u00e1s escenario de desahucios, desempleo juvenil y p\u00e9rdidas de derechos. Los sindicatos han sido desplazados y desconocidos como interlocutores sociales, cerrando cada vez m\u00e1s los espacios de interlocuci\u00f3n social construidos a lo largo de d\u00e9cadas.<\/p>\n<p style=\"text-align: justify;\">La mal llamada pol\u00edtica de austeridad ha impuesto a los trabajadores de algunos pa\u00edses recortes graves de los salarios y prestaciones sociales. En ese sentido esperamos que la UE alcance con el nuevo gobierno de Grecia, un acuerdo que flexibilice las condiciones del acuerdo y permita recuperar condiciones y derechos.<\/p>\n<p style=\"text-align: justify;\">En Am\u00e9rica Latina despu\u00e9s de m\u00e1s de quince a\u00f1os de avances sociales en diversos pa\u00edses bajo administraciones progresistas, desde hace tres a\u00f1os son evidentes los efectos de la recesi\u00f3n econ\u00f3mica mundial, la perdida de empuje en el crecimiento de las econom\u00edas, por lo que no han parado de caer los niveles de pobreza y las fr\u00e1giles conquistas socio-laborales del per\u00edodo est\u00e1n bajo ataque del capital internacional para hacer retroceder lo que apuntaba a un nuevo paradigma de democracias sociales.<\/p>\n<p style=\"text-align: justify;\">La democracia est\u00e1 en jaque cuestionada por los poderes f\u00e1cticos que buscan imponer los intereses del mercado financiero internacional y de las empresas multinacionales. En el caso de Am\u00e9rica Latina y Caribe, gobiernos electos democr\u00e1ticamente son sometidos constantemente al asedio, a veces violento, por parte de las \u00e9lites y minor\u00edas poderosas que controlan la econom\u00eda y que han optado por provocar rupturas, utilizando incluso mecanismos legislativos y judiciales para deponer estos gobiernos. Los medios de comunicaci\u00f3n, concentrados oligop\u00f3licamente a nivel nacional e internacional, act\u00faan como los mayores instigadores de estas agendas antidemocr\u00e1ticas y reaccionarias contra los intereses de las mayor\u00edas.<\/p>\n<p style=\"text-align: justify;\">En las negociaciones sobre cambio clim\u00e1tico no vemos avances a la altura de los desaf\u00edos. Las grandes corporaciones intensifican sus lobbies para salvar sus intereses de lucros inmediatos sin reparar en costos inter-generacionales. Los gobiernos del Norte no quieren asumir sus responsabilidades prioritarias \u2013 de sociedades ya desarrolladas con pesados pasivos ambientales \u2013 para enfrentar un problema que es com\u00fan para el conjunto de las sociedades. Los gobiernos de los pa\u00edses emergentes no han presentado un plan cre\u00edble para combinar esfuerzos de desarrollo con la superaci\u00f3n de los paradigmas predatorios heredados de los modelos del siglo pasado.<\/p>\n<p style=\"text-align: justify;\">Cumbres UE-Am\u00e9rica Latina y Caribe: Compromisos incumplidos<br \/>\nEl camino de las cumbres UE-ALC ha estado pavimentado de buenas intenciones manifestadas en relaci\u00f3n a varios temas sensibles para los sindicatos en los documentos oficiales pero de escaso cumplimiento en esa materia. Desde las primeras ediciones varios de los compromisos definidos por los Jefes y Jefas de Estado y de Gobierno, especialmente los relacionados con las cuestiones sociales, han sido incumplidos. Los Planes de Acci\u00f3n adoptados han tenido baja implementaci\u00f3n y d\u00e9bil seguimiento por parte de los gobiernos.<\/p>\n<p style=\"text-align: justify;\">Estrat\u00e9gicamente ha sido particularmente grave que la UE y algunos gobiernos latinoamericanos como los de Colombia y Per\u00fa hayan roto su compromiso primero de negociar bloque a bloque firmando acuerdos individuales.<\/p>\n<p style=\"text-align: justify;\">Evidentemente subyace una intenci\u00f3n de fragilizar los procesos de integraci\u00f3n perjudicando as\u00ed en la mesa de negociaciones a los pa\u00edses latinoamericanos m\u00e1s d\u00e9biles. Las Hojas de Ruta contenidas en dichos acuerdos, han servido como justificaci\u00f3n para la firma de los TLC \u0301s, pero han tenido poco efecto concreto para promover trabajo decente, que asegure los derechos de los\/as trabajadores\/as. El reciente acuerdo firmado entre la UE y Ecuador, ha sido negociado sin participaci\u00f3n de los actores de la sociedad civil. Advertimos sobre la reactivaci\u00f3n de las negociaciones entre la UE y MERCOSUR, frente al cual el movimiento sindical de la regi\u00f3n tiene una posici\u00f3n de clara oposici\u00f3n.<\/p>\n<p style=\"text-align: justify;\">Nos preocupa en particular que bajo la presi\u00f3n del mercado mundial sobre los pa\u00edses y bloques en el contexto de los efectos de la crisis econ\u00f3mica internacional desatada en 2008 se abandone una perspectiva de desarrollo sustentable con responsabilidades comunes pero diferenciadas, entre pa\u00edses del Norte y del Sur.<\/p>\n<p style=\"text-align: justify;\">Es as\u00ed que, sin perder de vista compromisos anteriores, reivindicamos especial atenci\u00f3n para los temas de desarrollo sustentable en las nuevas relaciones entre los dos continentes.<\/p>\n<p style=\"text-align: justify;\">Relaciones Uni\u00f3n Europea \u2013 CELAC: por un nuevo paradigma de relaciones Norte-Sur<br \/>\nAnte un escenario de m\u00faltiples crisis que se profundizan y el surgimiento de respuestas que reciclan el recetario de pol\u00edticas neoliberales ya fracasadas, el movimiento sindical se ha impuesto la tarea de promover alternativas superadoras de las l\u00f3gicas que pretenden la profundizaci\u00f3n del dominio de los mercados y las grandes corporaciones, en contra de los intereses de la mayor\u00eda trabajadora del mundo. En este sentido la CSA present\u00f3 en mayo de 2014, la Plataforma de Desarrollo de las Am\u00e9ricas (PLADA) y considera que el escenario de la Cumbre UE-CELAC es un espacio para presentar alguna de las l\u00edneas estrat\u00e9gicas propuestas, as\u00ed como otras formuladas por el sindicalismo europeo, como forma de promover respuestas estructurales a los desaf\u00edos presentes y futuros de ambas regiones.<\/p>\n<p style=\"text-align: justify;\">El sindicalismo eurolatinoamericano y caribe\u00f1o reivindica las cuatro dimensiones del desarrollo sustentable (pol\u00edtica, econ\u00f3mica, social y ambiental) y su necesaria articulaci\u00f3n, para responder de manera equilibrada a los desaf\u00edos de econom\u00edas al servicio de nuestras sociedades, con garant\u00eda de plenos derechos sociales, con participaci\u00f3n democr\u00e1tica y protag\u00f3nica y preservaci\u00f3n del planeta para las generaciones presentes y futuras.<\/p>\n<p style=\"text-align: justify;\">Llamamiento del Encuentro Sindical UE-CELAC a las Jefas y Jefes de Estado y de Gobierno<br \/>\nEl movimiento sindical de Europa y Am\u00e9rica Latina y el Caribe, reunido en Bruselas, los d\u00edas 10 y 11 de marzo, presenta las siguientes propuestas demandas a las Jefas y Jefes de Estado y de Gobierno reunidos en la Cumbre UE-CELAC, en junio de 2015 en Bruselas.<\/p>\n<p style=\"text-align: justify;\">1. Revisar las bases de las relaciones comerciales entre los dos continentes.<br \/>\nExisten marcadas asimetr\u00edas econ\u00f3mico-financieras entre los pa\u00edses del Norte (UE) y del Sur (ALC) como para que acuerdos de libre comercio puedan ser de inter\u00e9s com\u00fan. No es conveniente prolongar un comercio basado en exportaciones de productos de bajo valor agregado y alto impacto ambiental de ALC a la UE y un flujo de importaciones manufacturadas en sentido inverso. El sindicalismo de ambas regiones defiende la existencia de un comercio justo.<\/p>\n<p style=\"text-align: justify;\">Por otra parte en los acuerdos ya firmados y en vigor la participaci\u00f3n de la sociedad civil y de los sindicatos en el seguimiento de los acuerdos pr\u00e1cticamente o no existe o es muy insuficiente. Son necesarios mecanismos efectivos para el seguimiento de los Planes de Acci\u00f3n, incluyendo espacios de verificaci\u00f3n y participaci\u00f3n para los sindicatos y otros actores sociales.<\/p>\n<p style=\"text-align: justify;\">Los acuerdos no pueden limitarse a los flujos comerciales y de inversi\u00f3n, sino que deben respetar y promover siempre el trabajo decente y el conjunto de convenios fundamentales de la OIT.<\/p>\n<p style=\"text-align: justify;\">2. Inversiones directas y proyectos de desarrollo sustentable<br \/>\nEstablecer condicionamientos a la Inversi\u00f3n extranjera directa siempre ligados con proyectos nacionales o regionales de desarrollo sustentable, que aporten a la generaci\u00f3n de empleo permanente y decente y que garanticen la transferencia de tecnolog\u00edas que contribuyan con estos proyectos. Participaci\u00f3n de los sindicatos y movimientos sociales en las pol\u00edticas econ\u00f3micas para regular la inversi\u00f3n extranjera y el comercio internacional.<\/p>\n<p style=\"text-align: justify;\">Verificamos que la crisis que vive el sistema capitalista ha profundizado la brecha entre pobres y ricos y favorecido la alta concentraci\u00f3n de la riqueza, generando mayor precariedad, pobreza y exclusi\u00f3n. El sindicalismo de ambas regiones manifiestan su total inconformidad con el hecho de que la mayor\u00eda de las empresas transnacionales no pagan impuestos sobre sus ganancias en ning\u00fan pa\u00eds del mundo. Utilizando mecanismos contables, para\u00edsos fiscales y las brechas en las leyes internacionales, generan p\u00e9rdidas multimillonarias de recursos que deber\u00edan servir para mejorar las condiciones de vida de toda la poblaci\u00f3n. Para profundizar sus altos beneficios, estas ETNs han capturado los espacios de gobernanza global, promoviendo tratados ultra liberales de comercio, que condicionan el funcionamiento de las instituciones nacionales y atacando las democracia en pa\u00edses donde hay gobiernos que no est\u00e1n totalmente de acuerdo con sus intereses.<\/p>\n<p style=\"text-align: justify;\">Demandamos que los proyectos extractivos y los mega-proyectos que se planifiquen en territorios ind\u00edgenas tienen que estar condicionados a la consulta y a la aprobaci\u00f3n de las comunidades ind\u00edgenas bajo el r\u00e9gimen del Convenio 169 de la Se hace urgente un nueva orden econ\u00f3mico mundial donde la concentraci\u00f3n de los recursos en manos de poco sea superada, que las empresas rindan transparentemente cuentas de los impuestos que deben pagar y las grandes fortunas sean tasadas adecuadamente para que los Estados puedan financiar sistemas de protecci\u00f3n social e implementar pol\u00edticas p\u00fablicas que promuevan una mejora en la calidad de vida del conjunto de la poblaci\u00f3n.<\/p>\n<p style=\"text-align: justify;\">Igualmente la superaci\u00f3n de las asimetr\u00edas entre las regiones requiere en este momento, de manera prioritaria, definir un marco regulatorio internacional, que otorgue previsibilidad al sistema financiero, asegurando el respeto a la soberan\u00eda de las naciones en sus esfuerzos por resolver situaciones cr\u00edticas que condicionan sus posibilidades de desarrollo. En este sentido, es fundamental avanzar \u00abhacia el establecimiento de un marco jur\u00eddico multilateral para los procesos de reestructuraci\u00f3n de deuda soberana\u00bb, el cual deber\u00e1 ser debatido este a\u00f1o, tal como promueve la resoluci\u00f3n 68\/304 de Naciones Unidas, impulsada por Argentina a partir del ataque de los \u00abfondos buitre\u00bb, que fuera aprobada por amplia mayor\u00eda en la Asamblea General de septiembre de 2014 y respaldada por unanimidad por el Consejo General de la CSI.<\/p>\n<p style=\"text-align: justify;\">Una medida esencial para el desarrollo de los pa\u00edses de ambas regiones, es la auditoria sobre toda la deuda externa, la condonaci\u00f3n de la deuda ileg\u00edtima y la orientaci\u00f3n de esos recursos para atacar los problemas de la pobreza y la deuda social con la mayor\u00eda de la poblaci\u00f3n. No habr\u00e1 desarrollo en nuestros pa\u00edses si generaciones de ciudadanos\/as son condenados al pago de una deuda contra\u00edda irresponsablemente para financiar los negocios de unos pocos.<\/p>\n<p style=\"text-align: justify;\">3. Superar la brecha tecnol\u00f3gica<br \/>\nPara superar las brechas tecnol\u00f3gicas y desigualdades entre las naciones del norte y las del sur expresadas tanto en el sistema de patentes y registros como en el desarrollo t\u00e9cnico y cient\u00edfico, deben establecerse garant\u00edas para el acceso al conocimiento y facilitarse los procesos de transferencia y acceso a la tecnolog\u00eda por parte de los pa\u00edses menos desarrollados. Se trata de contraponer a las estrategias de las empresas multinacionales que dominan las cadenas globales de valor y buscan preservar el control de la innovaci\u00f3n y las ingenier\u00edas en los pa\u00edses sede, lo que perpet\u00faa un ciclo perverso del comercio asim\u00e9trico y nuevas formas de dependencia.<\/p>\n<p style=\"text-align: justify;\">4. En defensa de los ciudadanos y ciudadanas de los dos continentes<br \/>\nEuropa y Am\u00e9rica Latina y el Caribe tienen una ya larga historia de flujos migratorios en ambos sentidos, que continua hasta el presente. Por eso el reconocimiento de los derechos de esos ciudadanos y ciudadanas fuera de sus pa\u00edses de origen es una reivindicaci\u00f3n fundamental para el movimiento sindical internacional. Defendemos el reconocimiento de la doble contribuci\u00f3n al desarrollo econ\u00f3mico, social y cultural de los migrantes, tanto en el estado origen como el estado receptor. Garantizar la libre circulaci\u00f3n de las personas, de las y los trabajadores, el derecho a migrar, a no migrar, a permanecer o a retornar dignamente. Los y las migrantes, regularizados o no, deben gozar de iguales derechos que los dem\u00e1s ciudadanos. La opci\u00f3n de migrar no debe tener que enfrentar barreras y obst\u00e1culos, ni los migrantes deben ser objeto de criminalizaci\u00f3n.<\/p>\n<p style=\"text-align: justify;\">Los estados deben garantizar el derecho a retornar para los migrantes que decidan volver a su pa\u00eds de origen. Reconocimiento del principio de no repatriaci\u00f3n en los casos que involucren violaci\u00f3n de los derechos humanos en los pa\u00edses de origen, en casos de v\u00edctimas de terrorismo, de tr\u00e1fico y de trata de personas, explotaci\u00f3n sexual y laboral, accidentes de trabajo y represi\u00f3n por actividad pol\u00edtica y\/o sindical.<\/p>\n<p style=\"text-align: justify;\">Las migraciones son un mecanismo vinculado a la integraci\u00f3n y sus efectos positivos van m\u00e1s all\u00e1 de la forma de vida de los migrantes y sus familias, sino tambi\u00e9n en la econom\u00eda general, el enriquecimiento de las culturas y la integraci\u00f3n de los pueblos. Los gobiernos de ambas regiones deben dotarse de una legislaci\u00f3n que proteja, integre y no criminalice, ni discrimine a la poblaci\u00f3n migrante.<\/p>\n<p style=\"text-align: justify;\">Demandamos la adopci\u00f3n de una adecuada legislaci\u00f3n y la implementaci\u00f3n de pol\u00edticas p\u00fablicas efectivas en este sentido. Especialmente demandamos la ratificaci\u00f3n de los Convenios 97 y 143 de la OIT sobre Trabajadores Migrantes y la Convenci\u00f3n Internacional sobre los Trabajadores Migrantes y sus Familias de Naciones Unidas.<\/p>\n<p style=\"text-align: justify;\">5. Derechos humanos y sindicales<br \/>\nEn los \u00faltimos a\u00f1os la OIT ha estado sujeta al ataque de los empleadores y ciertos gobiernos que pretenden reducir o eliminar su mandato en materia normativa y vigilante en la aplicaci\u00f3n de las normas internacionales del trabajo, a la vez que promotora de pol\u00edticas laborales y de protecci\u00f3n social. Esto se expresa en su pretensi\u00f3n de reducir el papel del Grupo de Trabajadores de la OIT y desconocer la autoridad de los \u00f3rganos de control de la OIT para definir internacionalmente el alcance de los Convenios. En este marco se inscribe la agresiva cruzada mundial de los empleadores contra el Convenio 87 y el derecho a la huelga, que trajo como consecuencia la paralizaci\u00f3n del trabajo de la Comisi\u00f3n de Aplicaci\u00f3n de Normas de la OIT. Una actitud temeraria que se contradice con d\u00e9cadas de reconocimiento por parte de los propios empleadores respecto a los dict\u00e1menes de la OIT.<\/p>\n<p style=\"text-align: justify;\">No cabe duda que \u00e9ste ataque constituye parte de la estrategia del globalismo neoliberal que pretende anular el reconocimiento de la huelga como derecho humano de todas las trabajadoras y trabajadores del mundo. Por ello este es un tema crucial que trasciende cualquier espacio territorial y se proyecta, incluso en el continente europeo, donde la justificaci\u00f3n de asegurar una salida la crisis econ\u00f3mica sido utilizada para implementar pol\u00edticas de austeridad y de estabilidad monetaria que, en materia de derechos sociales y laborales, han significado \u201cpol\u00edticas a la baja\u201d, sobre todo en los pa\u00edses del sur de Europa (Espa\u00f1a, Grecia, Italia, Portugal).<\/p>\n<p style=\"text-align: justify;\">En estos pa\u00edses europeos el ataque a los derechos sindicales se ha dirigido principalmente a la sustracci\u00f3n de competencias de las organizaciones sindicales en el \u00e1mbito de la negociaci\u00f3n colectiva y a la criminalizaci\u00f3n de la acci\u00f3n sindical, \u00e9sta \u00faltima, concretada en la apertura de procedimientos penales contra trabajadores y trabajadoras por haber participado en acciones leg\u00edtimas de huelga contra las medidas de austeridad y las reformas laborales. En toda la regi\u00f3n los sindicatos vienen siendo deslegitimados como interlocutores sociales, debilitando los espacios de di\u00e1logo y participaci\u00f3n construidos a lo largo de d\u00e9cadas. El autoritarismo econ\u00f3mico que orienta a gobiernos y empresas ataca a los principales instrumentos de democratizaci\u00f3n social en Europa, el sindicato y la negociaci\u00f3n colectiva.<\/p>\n<p style=\"text-align: justify;\">En Am\u00e9rica Latina y el Caribe las\/os trabajadoras\/es al servicio del Estado, en su gran mayor\u00eda, est\u00e1n impedidos del ejercicio del derecho a la negociaci\u00f3n colectiva, dej\u00e1ndoles desasistidos de un conjunto de derechos. Instamos a los gobiernos a la ratificaci\u00f3n del Convenio 151, sobre negociaci\u00f3n colectiva en el sector p\u00fablico y a seguir transitando en el camino de la aplicaci\u00f3n de la negociaci\u00f3n colectiva en la Administraci\u00f3n P\u00fablica.<\/p>\n<p style=\"text-align: justify;\">Frente a la embestida patronal y gubernamental en contra del sistema normativo y de la OIT, es fundamental una acci\u00f3n sindical en defensa de los convenios 87 y 98, sobre libertad sindical y negociaci\u00f3n colectiva, y los convenios 151 y 154, relacionados a la negociaci\u00f3n colectiva y la sindicalizaci\u00f3n en el sector p\u00fablico.<\/p>\n<p style=\"text-align: justify;\">Las actuales condiciones que prevalecen en el mundo del trabajo, contin\u00faan incrementando los impactos negativos de manera desproporcionada hacia las mujeres, quienes tienen m\u00faltiples desventajas en el acceso al mercado laboral y debido a que la divisi\u00f3n sexual del trabajo, no les permite las mismas oportunidades que tienen los hombres en sus opciones laborales y en el acceso a mejores condiciones de trabajo. Situaci\u00f3n que se recrudece con los roles sociales establecidos, que tradicionalmente obligan a las mujeres con responsabilidades ligadas al trabajo del cuidado y al trabajo del hogar, a tomar empleos informales con bajos salarios y sin seguridad social, incluso persiste un mayor \u00edndice de desempleo en relaci\u00f3n a los hombres.<\/p>\n<p style=\"text-align: justify;\">Impulsar el trabajo decente de acuerdo a lo establecido por la OIT, es imprescindible en la intenci\u00f3n de obtener condiciones de trabajo y de vida dignas.<\/p>\n<p style=\"text-align: justify;\">As\u00ed tambi\u00e9n impulsar la ratificaci\u00f3n del Convenio 189 sobre Trabajo Digno para trabajadoras y trabajadores del hogar y que Gobiernos, empleadores y sociedad en su conjunto asuman el trabajo del cuidado que en gran medida s\u00f3lo recae en las mujeres. Igualmente se hace necesario la ratificaci\u00f3n del Convenio 156, relacionado con responsabilidades familiares compartidas y equidad salarial. La discriminaci\u00f3n y la violencia en contra las mujeres es generalizada y, esto constituye mayor violaci\u00f3n de los derechos humanos, las mujeres enfrentan condiciones de mayor vulnerabilidad en los diferentes \u00e1mbitos de la sociedad, se ven amenazadas y afectadas por los diferentes tipos de violencias.<\/p>\n<p style=\"text-align: justify;\">El feminicidio en algunos pa\u00edses de Latinoam\u00e9rica como extrema violencia, se arropa en la impunidad y la falta de justicia. En las diferentes naciones se tienen avances para prevenir, eliminar y sancionarlas, sin embargo, no siempre se lleva a cabo la aplicaci\u00f3n de las legislaciones. En cuanto a la violencia laboral, son pocos los pa\u00edses que cuentan con una protecci\u00f3n frente a la violencia de g\u00e9nero en el lugar de trabajo, por lo que la creaci\u00f3n de un Convenio de la OIT, contribuir\u00e1 a la aplicaci\u00f3n de los derechos humanos de las mujeres.<\/p>\n<p style=\"text-align: justify;\">En materia de DDHH el movimiento sindical euro-latinoamericano expresa su profunda condena por la grave situaci\u00f3n de vulneraci\u00f3n de derechos humanos en Rep\u00fablica Dominicana que afecta actualmente a millares de migrantes haitianos y de dominicanos de ascendencia haitiana y a sus familias, cuyos derechos a la nacionalidad han sido violados y por ello se encuentran, expuestos a una inminente, e injusta y masiva deportaci\u00f3n as\u00ed como a acciones violentas de discriminaci\u00f3n (despojo de pruebas que evidencian su permanencia o nacimiento en territorio dominicano, deportaciones forzadas). Condenamos igualmente el comportamiento del gobierno haitiano, que no act\u00faa en defensa de sus ciudadanos\/as en Rep\u00fablica Dominicana, adem\u00e1s de sostener una pol\u00edtica que desconoce los derechos laborales, ataca a los sindicatos y condena a la precarizaci\u00f3n y a la informalidad a la mayor\u00eda de la poblaci\u00f3n haitiana. Saludamos el trabajo de solidaridad del sindicalismo dominicano con la poblaci\u00f3n haitiana residente en su pa\u00eds.<\/p>\n<p style=\"text-align: justify;\">6. Cambio Clim\u00e1tico y Transici\u00f3n Justa<br \/>\nDespu\u00e9s de una sucesi\u00f3n de COPs con resultados decepcionantes para los trabajadores, trabajadoras y el resto de la sociedad, nos mantenemos movilizados y estamos fortaleciendo alianzas hacia la COP 21 a desarrollarse en Par\u00eds en diciembre de 2015.<\/p>\n<p style=\"text-align: justify;\">Esta COP marca un hito fundamental en el proceso internacional, porque es necesario alcanzar un nuevo acuerdo legalmente vinculante, basado en las responsabilidades comunes pero diferenciadas y las respectivas capacidades de cada pa\u00eds, ambicioso y equitativo, firmado por todos las partes, que permita garantizar la estabilizaci\u00f3n de las concentraciones de gases efecto invernadero a niveles que eviten los peores efectos de las interferencias antropog\u00e9nicas sobre el sistema clim\u00e1tico y aseguren una alta probabilidad de conseguir que la temperatura media del planeta no supere los 2o C o 1,5o C, si es posible, por encima de los niveles preindustriales. El Acuerdo de Par\u00eds, no puede reducirse a lograr, s\u00f3lo compromisos de mitigaci\u00f3n. El nuevo r\u00e9gimen clim\u00e1tico deber\u00e1 garantizar un objetivo para la adaptaci\u00f3n con el apoyo financiero tecnol\u00f3gico y humano necesario, en un marco de Transici\u00f3n Justa que permita asegurar la justicia social y clim\u00e1tica.<\/p>\n<p style=\"text-align: justify;\">Como movimiento sindical estamos convencidos que una acci\u00f3n clim\u00e1tica eficaz, no se basa en la ret\u00f3rica de las conferencias, por ello vamos a seguir presionando a nuestros gobiernos para que las pol\u00edticas clim\u00e1ticas a nivel dom\u00e9stico sean coherentes con los objetivos de la Convenci\u00f3n Marco.<\/p>\n<p style=\"text-align: justify;\">En este contexto reclamamos estrategias nacionales que permitan implementar acciones concretas para asegurar las transformaciones necesarias hacia sociedades m\u00e1s sustentables. Para lograrlo ser\u00e1 ineludible la apropiaci\u00f3n democr\u00e1tica de la energ\u00eda, la modificaci\u00f3n de las matrices energ\u00e9ticas que garanticen una alta participaci\u00f3n de energ\u00edas renovables, el desarrollo y transformaci\u00f3n de industrias m\u00e1s limpias, la reducci\u00f3n de la deforestaci\u00f3n, la promoci\u00f3n de trabajo decente, la planificaci\u00f3n de nuestros territorios y econom\u00edas, es decir cambios estructurales en las relaciones sociales, en la manera de producir y consumir, acompa\u00f1ados de justicia social, equidad y democracia participativa como herramientas insustituibles de cambio pol\u00edtico, porque sin ellas, la eficiencia no sirve de nada.<\/p>\n<p style=\"text-align: justify;\">Hacemos un llamado a los gobiernos de los dos continentes a avanzar en sus negociaciones para que la b\u00fasqueda del bien com\u00fan supere las pol\u00edticas basadas en las asimetr\u00edas heredadas de nuestros pasados compartidos. Eso significa respetar derechos sociales y humanos, avanzar en la democratizaci\u00f3n de nuestras sociedades y cambiar modelos de producci\u00f3n y consumo, pero sobretodo significa cambiar paradigmas en las relaciones Norte-Sur como lo venimos reclamando hace d\u00e9cadas.<\/p>\n<p style=\"text-align: justify;\">7. Fortalecimiento de la paz y de la democracia<br \/>\nEl movimiento sindical reitera la necesidad de consolidar la democracia y la paz en todo el mundo. Consideramos que para ello es fundamental reforzar la gobernanza mundial en todas las instancias para resolver los conflictos de forma dialogada y pac\u00edfica en el marco de las Naciones Unidas y dem\u00e1s instancias internacionales. En el \u00e1mbito de los pa\u00edses es necesario impulsar el dialogo y el respeto a los gobiernos y autoridades elegidas libremente por la ciudadan\u00eda.<\/p>\n<p style=\"text-align: justify;\">Acompa\u00f1amos positivamente el proceso de negociaci\u00f3n de paz en La Habana desarrollado por las FARC-EP y el gobierno colombiano, esperando pueda ser extendido en una mesa de di\u00e1logo con el ELN.<\/p>\n<p style=\"text-align: justify;\">En ese mismo sentido saludamos el dialogo abierto entre los gobiernos de Cuba y EEUU, para el restablecimiento de las relaciones entre los dos pa\u00edses, que deber\u00e1 complementarse con la suspensi\u00f3n definitiva y completa del bloqueo econ\u00f3mico, comercial y financiero a Cuba. Tambi\u00e9n consideramos positiva la apertura de negociaciones entre la UE y Cuba para la superaci\u00f3n de la \u201cPosici\u00f3n Com\u00fan\u201d de la UE y la apertura de la negociaci\u00f3n para un acuerdo de cooperaci\u00f3n, para lo que ser\u00e1 fundamental el acompa\u00f1amiento de la CES y sus afiliadas.<\/p>\n<p style=\"text-align: justify;\">Saludamos la decisi\u00f3n del gobierno de Uruguay de conceder refugio a 6 ex prisioneros de la prisi\u00f3n de Guant\u00e1namo y la solidaridad del sindicalismo uruguayo para su plena reintegraci\u00f3n a la sociedad.<\/p>\n<p style=\"text-align: justify;\">Por el contrario, rechazamos la reciente declaraci\u00f3n del presidente de los EE.UU., Barack Obama sobre el gobierno de Venezuela, porque constituye un acto de injerencia interna en un pa\u00eds soberano y no contribuye a la resoluci\u00f3n del conflicto interno. Consideramos que la situaci\u00f3n pol\u00edtica en ese pa\u00eds debe resolverse internamente, con di\u00e1logo entre las partes, de forma democr\u00e1tica y sin ning\u00fan tipo de amenazas o intervenci\u00f3n externa.<\/p>\n<p style=\"text-align: justify;\">8. Tratado de Servicios de Comercio (TISA)<br \/>\nEn la b\u00fasqueda de profundizaci\u00f3n de su control total de la econom\u00eda global, las grandes corporaciones y algunos gobiernos del norte, vienen impulsando acuerdos comerciales de nueva generaci\u00f3n como el Tratado de Servicios de Comercio (TISA) que afecta a la Uni\u00f3n Europea y a muchos pa\u00edses de CELAC. Esas propuestas de acuerdos, siempre debatidas y negociadas en secreto, representan una amenaza m\u00e1s a los\/las trabajadores\/as y ciudadanos\/as.<\/p>\n<p style=\"text-align: justify;\">Las organizaciones sindicales euro-latinoamericanas y caribe\u00f1as demandamos que cualquier tratado preserve los servicios y derechos b\u00e1sicos de la poblaci\u00f3n y sea presentado y debatido p\u00fablicamente antes de ser acordados.<\/p>\n<p style=\"text-align: justify;\">Especialmente ratificamos que la educaci\u00f3n, la salud y el agua, son derechos humanos y deben quedar fuera de las negociaciones comerciales y garantizados como derechos para toda la poblaci\u00f3n. Llamamos a los gobiernos de ambas regiones a debatir con la sociedad sobre el destino de dichas negociaciones. Los acuerdos no pueden limitarse a los flujos comerciales sino que deben respetar siempre el trabajo decente donde \u00e9ste exista y deben tambi\u00e9n promover el conjunto de convenios fundamentales de la OIT.<\/p>\n","protected":false},"excerpt":{"rendered":"\u00a0 reproducimos el comunicado que emiti\u00f3 el 7\u00ba Encuentro Sindical Uni\u00f3n Europea-CELAC, del que estuvo participando Pablo Micheli, Secretario General; Adolfo \u00abFito\u00bb Aguirre, \n<a class=\"moretag\" href=\"https:\/\/ctainternacionales.org\/?p=2659\"> [...]<\/a>","protected":false},"author":1,"featured_media":0,"comment_status":"closed","ping_status":"closed","sticky":false,"template":"","format":"standard","meta":{"ngg_post_thumbnail":0,"footnotes":""},"categories":[],"tags":[],"class_list":["post-2659","post","type-post","status-publish","format-standard","hentry"],"_links":{"self":[{"href":"https:\/\/ctainternacionales.org\/index.php?rest_route=\/wp\/v2\/posts\/2659","targetHints":{"allow":["GET"]}}],"collection":[{"href":"https:\/\/ctainternacionales.org\/index.php?rest_route=\/wp\/v2\/posts"}],"about":[{"href":"https:\/\/ctainternacionales.org\/index.php?rest_route=\/wp\/v2\/types\/post"}],"author":[{"embeddable":true,"href":"https:\/\/ctainternacionales.org\/index.php?rest_route=\/wp\/v2\/users\/1"}],"replies":[{"embeddable":true,"href":"https:\/\/ctainternacionales.org\/index.php?rest_route=%2Fwp%2Fv2%2Fcomments&post=2659"}],"version-history":[{"count":2,"href":"https:\/\/ctainternacionales.org\/index.php?rest_route=\/wp\/v2\/posts\/2659\/revisions"}],"predecessor-version":[{"id":2662,"href":"https:\/\/ctainternacionales.org\/index.php?rest_route=\/wp\/v2\/posts\/2659\/revisions\/2662"}],"wp:attachment":[{"href":"https:\/\/ctainternacionales.org\/index.php?rest_route=%2Fwp%2Fv2%2Fmedia&parent=2659"}],"wp:term":[{"taxonomy":"category","embeddable":true,"href":"https:\/\/ctainternacionales.org\/index.php?rest_route=%2Fwp%2Fv2%2Fcategories&post=2659"},{"taxonomy":"post_tag","embeddable":true,"href":"https:\/\/ctainternacionales.org\/index.php?rest_route=%2Fwp%2Fv2%2Ftags&post=2659"}],"curies":[{"name":"wp","href":"https:\/\/api.w.org\/{rel}","templated":true}]}}